{"id":264707,"date":"2023-10-01T09:00:00","date_gmt":"2023-10-01T07:00:00","guid":{"rendered":"https:\/\/sherpas.com\/blog\/?p=264707"},"modified":"2024-10-01T14:49:12","modified_gmt":"2024-10-01T12:49:12","slug":"georges-perec","status":"publish","type":"post","link":"https:\/\/sherpas.com\/blog\/georges-perec\/","title":{"rendered":"Georges Perec : homme sous contraintes \u2712\ufe0f"},"content":{"rendered":"\n<p>As-tu d\u00e9j\u00e0 essay\u00e9 d\u2019\u00e9crire un texte sans la lettre \u00ab e \u00bb ? C\u2019est dur, hein ? Georges Perec, lui, l\u2019a fait ! Son \u0153uvre, <strong>majoritairement publi\u00e9e posthume<\/strong>, conna\u00eet une <strong>grande popularit\u00e9<\/strong>. Si tu souhaites faire partie de son fan club, si tu as envie d\u2019apprendre son <strong>style litt\u00e9raire sous contrainte<\/strong>, cette fiche de cours est faite pour toi ! Tu es pr\u00eat ? C\u2019est parti ! \ud83d\ude80<\/p>\n\n\n\n<h2 class=\"wp-block-heading\" id=\"sa-biographie-en-bref-ecrire-pour-vivre\"><strong>Sa biographie en bref : \u00e9crire pour vivre&nbsp;<\/strong><\/h2>\n\n\n\n<p>On pr\u00e9f\u00e8re te pr\u00e9venir\u2026 L\u2019enfance de Georges Perec, hant\u00e9e par la <a href=\"https:\/\/sherpas.com\/blog\/seconde-guerre-mondiale-1939-1945\/\"><strong>Seconde Guerre mondiale<\/strong><\/a>, n\u2019est pas heureuse (et c\u2019est un <a href=\"https:\/\/sherpas.com\/blog\/definition-euphemisme\/\">euph\u00e9misme<\/a>\u2026). Cependant, <strong>il sait depuis toujours qu\u2019il deviendra \u00e9crivain<\/strong>, comme pour revenir \u00e0 la vie, retrouver une partie de sa vie que l\u2019histoire lui a vol\u00e9e.&nbsp;<\/p>\n\n\n<section class=\"citation\">\n        <q class=\"citation__text\"><p><span style=\"color: #99cc00\">J&rsquo;\u00e9cris parce qu&rsquo;ils ont laiss\u00e9 en moi leur marque ind\u00e9l\u00e9bile et que la trace en est l&rsquo;\u00e9criture, leur souvenir est mort \u00e0 l&rsquo;\u00e9criture. L&rsquo;\u00e9criture est le souvenir de leur mort et l&rsquo;affirmation de ma vie.<\/span><\/p>\n<\/q>\n\n                    <div class=\"citation__infos  citation__infos--full \">\n                                    <p class=\"citation__infos-name\"> Georges Perec<\/p>\n                                                    <p class=\"citation__infos-job\">\u00ab W ou le souvenir d\u2019enfance \u00bb<\/p>\n                            <\/div>\n            <\/section>\n\n\n\n<h3 class=\"wp-block-heading\" id=\"quelques-dates-cles-a-retenir\"><strong>Quelques dates cl\u00e9s \u00e0 retenir \ud83d\udcc5<\/strong><\/h3>\n\n\n\n<p><\/p>\n\n\n\n<table id=\"tablepress-1965\" class=\"tablepress tablepress-id-1965\">\n<tbody class=\"row-striping row-hover\">\n<tr class=\"row-1\">\n\t<td class=\"column-1\">1936<\/td><td class=\"column-2\">Naissance de George Perec \u00e0 Paris \ud83c\udf7c<\/td>\n<\/tr>\n<tr class=\"row-2\">\n\t<td class=\"column-1\">1940<\/td><td class=\"column-2\">Mort de Icek Perec, son p\u00e8re, sur le champ de bataille \u26b0\ufe0f<\/td>\n<\/tr>\n<tr class=\"row-3\">\n\t<td class=\"column-1\">1941<\/td><td class=\"column-2\">George Perec est envoy\u00e9 en zone libre, dans le Vercors \ud83c\udf33<\/td>\n<\/tr>\n<tr class=\"row-4\">\n\t<td class=\"column-1\">1943<\/td><td class=\"column-2\">Mort de Cyrla Szulewicz, sa m\u00e8re, d\u00e9port\u00e9e \u00e0 Auschwitz \u26b0\ufe0f<\/td>\n<\/tr>\n<tr class=\"row-5\">\n\t<td class=\"column-1\">1960<\/td><td class=\"column-2\">Mariage de George avec Paulette P\u00e9tras \ud83d\udc92<\/td>\n<\/tr>\n<tr class=\"row-6\">\n\t<td class=\"column-1\">1962<\/td><td class=\"column-2\">Perec devient documentaliste au CNRS \ud83c\udfeb<\/td>\n<\/tr>\n<tr class=\"row-7\">\n\t<td class=\"column-1\">1965<\/td><td class=\"column-2\">Premier roman publi\u00e9, Les Choses \ud83e\udeb6<\/td>\n<\/tr>\n<tr class=\"row-8\">\n\t<td class=\"column-1\">1967<\/td><td class=\"column-2\">Entre dans le groupe de l\u2019Oulipo \u270d\ufe0f<\/td>\n<\/tr>\n<tr class=\"row-9\">\n\t<td class=\"column-1\">1978<\/td><td class=\"column-2\">Quitte son emploi au CNRS pour vivre de sa plume \ud83e\udeb6<\/td>\n<\/tr>\n<tr class=\"row-10\">\n\t<td class=\"column-1\">1982<\/td><td class=\"column-2\">Mort de George Perec d\u2019un cancer du poumon \u26b0\ufe0f<\/td>\n<\/tr>\n<tr class=\"row-11\">\n\t<td class=\"column-1\"><\/td><td class=\"column-2\"><\/td>\n<\/tr>\n<\/tbody>\n<\/table>\n<!-- #tablepress-1965 from cache -->\n\n\n<div class=\"wp-block-image\">\n<figure class=\"aligncenter size-large\"><img decoding=\"async\" width=\"800\" height=\"262\" src=\"https:\/\/sherpas.com\/content\/uploads\/2023\/10\/Georges-Perec-2.jpg?func=bound&amp;w=800&amp;h=262\" alt=\"Village dans le Vercors\" class=\"wp-image-269271\" srcset=\"https:\/\/xapbm7c37i.cloudimg.io\/https:\/\/sherpas.com\/content\/uploads\/2023\/10\/Georges-Perec-2.jpg?q=85&amp;force_format=webp&amp;org_if_sml=1&amp;w=800 800w, https:\/\/xapbm7c37i.cloudimg.io\/https:\/\/sherpas.com\/content\/uploads\/2023\/10\/Georges-Perec-2.jpg?q=85&amp;force_format=webp&amp;org_if_sml=1&amp;w=300 300w, https:\/\/xapbm7c37i.cloudimg.io\/https:\/\/sherpas.com\/content\/uploads\/2023\/10\/Georges-Perec-2.jpg?q=85&amp;force_format=webp&amp;org_if_sml=1&amp;w=768 768w, https:\/\/xapbm7c37i.cloudimg.io\/https:\/\/sherpas.com\/content\/uploads\/2023\/10\/Georges-Perec-2.jpg?q=85&amp;force_format=webp&amp;org_if_sml=1&amp;w=200 200w, https:\/\/xapbm7c37i.cloudimg.io\/https:\/\/sherpas.com\/content\/uploads\/2023\/10\/Georges-Perec-2.jpg?q=85&amp;force_format=webp&amp;org_if_sml=1&amp;w=396 396w, https:\/\/xapbm7c37i.cloudimg.io\/https:\/\/sherpas.com\/content\/uploads\/2023\/10\/Georges-Perec-2.jpg?q=85&amp;force_format=webp&amp;org_if_sml=1&amp;w=288 288w, https:\/\/xapbm7c37i.cloudimg.io\/https:\/\/sherpas.com\/content\/uploads\/2023\/10\/Georges-Perec-2.jpg?q=85&amp;force_format=webp&amp;org_if_sml=1&amp;w=610 610w, https:\/\/xapbm7c37i.cloudimg.io\/https:\/\/sherpas.com\/content\/uploads\/2023\/10\/Georges-Perec-2.jpg?q=85&amp;force_format=webp&amp;org_if_sml=1&amp;w=265 265w, https:\/\/xapbm7c37i.cloudimg.io\/https:\/\/sherpas.com\/content\/uploads\/2023\/10\/Georges-Perec-2.jpg?q=85&amp;force_format=webp&amp;org_if_sml=1&amp;w=60 60w\" sizes=\"(max-width: 800px) 100vw, 800px\" \/><figcaption class=\"wp-element-caption\"><em>Villard-de-Lans &#8211; <a href=\"https:\/\/commons.wikimedia.org\/wiki\/File:Villard_de_Lans_en_octobre_2022.jpg\" data-type=\"link\" data-id=\"https:\/\/commons.wikimedia.org\/wiki\/File:Villard_de_Lans_en_octobre_2022.jpg\" target=\"_blank\" rel=\"noopener\">\u00a9Jean-Paul Corlin<\/a><\/em><\/figcaption><\/figure>\n<\/div>\n\n\n<h3 class=\"wp-block-heading\" id=\"le-contexte-historique\"><strong>Le contexte historique \ud83e\ude96<\/strong><\/h3>\n\n\n\n<p>Les parents de Georges Perec sont des <strong>\u00e9migr\u00e9s juifs polonais<\/strong>, habitant \u00e0 Paris. Son <strong>p\u00e8re <\/strong>s\u2019est engag\u00e9 dans l\u2019arm\u00e9e fran\u00e7aise comme volontaire, et meurt en 1940, un peu avant l\u2019<strong>Armistice<\/strong>, marquant la <strong>d\u00e9faite de la France<\/strong>. Sa m\u00e8re est d\u00e9port\u00e9e en 1943 et est s\u00fbrement d\u00e9c\u00e9d\u00e9e dans le camp de concentration et d\u2019extermination d\u2019Auschwitz, mais il n\u2019y a aucun moyen de le savoir.&nbsp;<\/p>\n\n\n\n<p>Le petit Georges sera \u00e9lev\u00e9 par ses oncle et tante maternels, <strong>Esther et David Bienenfeld,<\/strong> d\u2019abord dans le sud de la France, puis \u00e0 Paris, o\u00f9 il fera sa scolarit\u00e9 et vivra.<\/p>\n\n\n<section class=\"citation\">\n        <q class=\"citation__text\"><p><span style=\"color: #003366\">Je ne sais pr\u00e9cis\u00e9ment ce que c\u2019est qu\u2019\u00eatre juif. Ce que \u00e7a me fait que d\u2019\u00eatre juif.<\/span><\/p>\n<\/q>\n\n                    <div class=\"citation__infos  citation__infos--full \">\n                                    <p class=\"citation__infos-name\">Georges Perec<\/p>\n                                                    <p class=\"citation__infos-job\">\u00ab Ellis Island \u00bb, 1980<\/p>\n                            <\/div>\n            <\/section>\n\n\n\n<p><strong>\ud83d\udc49 La vie et l&rsquo;\u0153uvre <\/strong>de l\u2019\u00e9crivain sont<strong> profond\u00e9ment marqu\u00e9es par cette absence et ce silence concernant son pass\u00e9<\/strong>.&nbsp;<\/p>\n\n\n<section class=\"you-know\">\n                <div class=\"you-know__title\"><p>\ud83d\udca1Le savais-tu ?<\/p>\n<\/div>\n                        <div class=\"you-know__text\">\n            <p>La <strong>Rafle du \u00ab Vel\u2019 d\u2019Hiv \u00bb (V\u00e9lodrome d\u2019Hiver)<\/strong> est la plus grande <strong>arrestation de juifs<\/strong> en France, en <strong>1942<\/strong>. Pr\u00e8s de <strong>13000 personnes<\/strong> sont arr\u00eat\u00e9es, enferm\u00e9es dans le v\u00e9lodrome, puis d\u00e9port\u00e9es et extermin\u00e9es \u00e0 Auschwitz.<\/p>\n\n        <\/div>\n              <\/section>\n\n\n\n<p>De plus, la<strong> culture juda\u00efque ne lui a pas \u00e9t\u00e9 transmise<\/strong>. Comme le dit <a href=\"https:\/\/shs.cairn.info\/revue-revue-d-histoire-de-la-shoah1-2002-3-page-167?lang=fr\" target=\"_blank\" rel=\"noreferrer noopener\">Claude Burgelin<\/a>, \u00ab Perec, enfant de l\u2019apr\u00e8s (apr\u00e8s la Pologne, apr\u00e8s les <em>shtetels<\/em> et les Pogroms, apr\u00e8s Auschwitz), est juif de ne l\u2019\u00eatre pas. De n\u2019avoir pu l\u2019\u00eatre. \u00bb<\/p>\n\n\n\n<p>Georges Perec <strong>ressent donc un vide<\/strong> concernant <strong>son pass\u00e9 et sa famille<\/strong>, qu\u2019il compare \u00e0 un <strong>vol de son identit\u00e9<\/strong>. Il a souhait\u00e9 combler et comprendre cette disparition d\u00e8s son plus jeune \u00e2ge.&nbsp;<\/p>\n\n\n\n<ul class=\"wp-block-list\">\n<li>D\u00e8s l\u2019\u00e2ge de 8 ans, <strong>il souhaite devenir \u00e9crivain<\/strong>.<\/li>\n\n\n\n<li>En 1949, il <strong>entame une psychoth\u00e9rapie<\/strong> avec <strong>Fran\u00e7oise Dolto.<\/strong> Il en fera deux autres au cours de sa vie.&nbsp;<\/li>\n<\/ul>\n\n\n\n<h3 class=\"wp-block-heading\" id=\"ecrire-pour-combler-labsence\"><strong>\u00c9crire pour combler l\u2019absence \u270d\ufe0f<\/strong><\/h3>\n\n\n\n<p>Comme tu le vois, l\u2019\u00e9crivain n\u2019a v\u00e9cu que 46 ans, pourtant il a laiss\u00e9 un nombre d&rsquo;\u0153uvres assez cons\u00e9quent !&nbsp;<\/p>\n\n\n\n<p>\ud83d\udc49 Un <strong>lien intrins\u00e8que unit son style et la disparition de ses parents<\/strong>. G. Perec l\u2019\u00e9voque particuli\u00e8rement <em>W ou le Souvenir d\u2019enfance<\/em> (1975), qui <strong>alterne autobiographie et fiction<\/strong>.&nbsp;<\/p>\n\n\n\n<p>Cette oeuvre part de <strong>deux disparitions<\/strong> :&nbsp;<\/p>\n\n\n<ul class=\"list-formatted\">\n                <li data-symbol=\"\ud83d\udcad\">\n            <span>\n            <p>la tombe de son p\u00e8re qu\u2019il ira voir en 1956 ;<\/p>\n\n            <\/span>\n        <\/li>\n                <li data-symbol=\"\ud83d\udcad\">\n            <span>\n            <p>la disparition d\u00e9finitive de sa m\u00e8re.<\/p>\n\n            <\/span>\n        <\/li>\n            <\/ul>\n    \n\n\n<section class=\"citation\">\n        <q class=\"citation__text\"><p><span style=\"color: #00ff00\">Je n\u2019ai pas de souvenirs d\u2019enfance.<\/span><\/p>\n<\/q>\n\n                    <div class=\"citation__infos  citation__infos--full \">\n                                    <p class=\"citation__infos-name\">Georges Perec<\/p>\n                                                    <p class=\"citation__infos-job\">premi\u00e8re phrase de \u00ab W ou le Souvenir d\u2019enfance \u00bb<\/p>\n                            <\/div>\n            <\/section>\n\n\n\n<p>\ud83d\udc49 Dans <em>W<\/em>, l\u2019\u00e9crivain cherche \u00e0 <strong>retrouver ses souvenirs qu\u2019il n\u2019a pas<\/strong>, avec m\u00e9thode et rigueur, tout comme le ferait un enqu\u00eateur. Il<strong> reconstitue son enfance, morceaux par morceaux<\/strong>. La fiction est l\u00e0 pour combler les trous de sa m\u00e9moire.&nbsp;<\/p>\n\n\n<section class=\"read-also\">\n    <p class=\"read-also__title\">\u00c0 lire aussi<\/p>\n            <div class=\"read-also__list\">\n            <p><!-- wp:paragraph --><\/p>\n<p>\ud83d\udc42 Si tu veux certains extraits des travaux de G. Perec, notamment \u00e0 propos de son enfance, n\u2019h\u00e9site pas \u00e0 \u00e9couter les <a href=\"https:\/\/www.radiofrance.fr\/franceinter\/podcasts\/une-enfance-d-ecrivain\/une-enfance-d-ecrivain-du-dimanche-31-juillet-2022-1963351\" target=\"_blank\" rel=\"noopener\">podcasts de France Inter<\/a> !<\/p>\n<p><!-- \/wp:paragraph --><\/p>\n\n        <\/div>\n    <\/section>\n\n\n\n<p>Dans <em>Penser\/Classer<\/em> (1985), G. Perec d\u00e9finit les quatre \u00e9l\u00e9ments essentiels que l\u2019on retrouve dans chacun de ses livres :&nbsp;<\/p>\n\n\n<ul class=\"list-formatted\">\n                <li data-symbol=\"\ud83d\udfe3\">\n            <span>\n            <p>la <strong>sociologie <\/strong>(l\u2019\u00e9tude du quotidien),<\/p>\n\n            <\/span>\n        <\/li>\n                <li data-symbol=\"\ud83d\udfe0\">\n            <span>\n            <p><span style=\"font-weight: 400\">l\u2019<\/span><b>autobiographie<\/b><span style=\"font-weight: 400\">, <\/span><\/p>\n\n            <\/span>\n        <\/li>\n                <li data-symbol=\"\ud83d\udd34\">\n            <span>\n            <p><span style=\"font-weight: 400\">le <\/span><b>jeu<\/b><span style=\"font-weight: 400\"> (\u00e9crire en suivant des r\u00e8gles contraignantes),<\/span><\/p>\n\n            <\/span>\n        <\/li>\n                <li data-symbol=\"\ud83d\udfe2\">\n            <span>\n            <p><span style=\"font-weight: 400\">le <\/span><b>romanesque<\/b><span style=\"font-weight: 400\">.<\/span><\/p>\n\n            <\/span>\n        <\/li>\n            <\/ul>\n    \n\n\n\n<p>\ud83d\udc49 Des <strong>\u00e9l\u00e9ments autobiographiques sont diss\u00e9min\u00e9s dans tous les travaux de Georges Perec<\/strong>, comme une sorte de jeu de piste, que ce soit dans les romans, les essais, ou encore la po\u00e9sie.&nbsp;<\/p>\n\n\n<section class=\"relance\">\n        <div >\n                            <a target=\"_blank\" href=\"https:\/\/sherpas.com\/cours\/francais\/online \">\n                    <div class=\"relance__container\"\n                        >\n                        \n                                                        <picture>\n                            <source srcset=\"https:\/\/sherpas.com\/content\/uploads\/2023\/07\/relance-cours-particulier-7-e1719914849200.jpg\" media=\"(min-width: 999px)\">\n                            <source srcset=\"https:\/\/sherpas.com\/content\/uploads\/2023\/07\/relance-cours-particulier-7-e1719914849200.jpg\" media=\"(max-width: 999px)\">\n                                <img decoding=\"async\"\n                                    src=\"https:\/\/sherpas.com\/content\/uploads\/2023\/07\/relance-cours-particulier-7-e1719914849200.jpg\"\n                                    alt=\"Personne qui donne des cours particuliers\"\n                                >\n                            <\/picture>\n                                                <div class=\"relance__content\">\n                            \n                                <div class=\"relance__title\"> <p>Tu dois \u00e9crire un commentaire sur un extrait de roman de Perec et tu ne sais pas par o\u00f9 commencer ? Pas de souci, on va t\u2019aider !<\/p>\n<\/div>\n                                                        <button type=\"button\"\n                                    class=\"relance__button btn btn-white\">\n                                Trouve ton sherpa !\n                            <\/button>\n                        <\/div>\n                    <\/div>\n                <\/a>\n                    <\/div>\n    <\/section>\n\n    \n\n\n<h2 class=\"wp-block-heading\" id=\"son-style-la-litterature-sous-contrainte\"><strong>Son style : la litt\u00e9rature sous contrainte \ud83d\udd0f<\/strong><\/h2>\n\n\n<section class=\"you-know\">\n                <div class=\"you-know__title\"><\/div>\n                        <div class=\"you-know__text\">\n            <p>Georges Perec <strong>aime s&rsquo;imposer des contraintes d\u2019\u00e9criture pour lib\u00e9rer sa cr\u00e9ativit\u00e9, car il <span style=\"color: #000000\">affirme n\u2019avoir aucune imagination<\/span><\/strong> ! \ud83d\udc40<\/p>\n\n        <\/div>\n              <\/section>\n\n\n\n<h3 class=\"wp-block-heading\" id=\"avant-loulipo\"><strong>Avant l\u2019Oulipo&nbsp;<\/strong><\/h3>\n\n\n\n<p>\u270d\ufe0f <strong>Entre 1957 et 1961<\/strong>, Perec travaille sur plusieurs r\u00e9cits et autres projets, ce qui lui permet d\u2019<strong>affiner progressivement sa conception de la litt\u00e9rature et de l\u2019\u00e9criture<\/strong>, m\u00eame s\u2019il ne rencontre pas de succ\u00e8s. En voici quelques-uns :&nbsp;<\/p>\n\n\n\n<p>&#8211; une<strong> revue litt\u00e9raire intitul\u00e9e <\/strong><strong><em>La Ligne g\u00e9n\u00e9rale<\/em><\/strong> (le projet n\u2019aboutira jamais) ;<\/p>\n\n\n\n<p>&#8211; le roman <strong><em>L\u2019 Attentat de Sarajevo<\/em><\/strong><em> <\/em>(qui raconte son voyage en Yougoslavie et refus\u00e9 \u00e0 la publication) ;<\/p>\n\n\n\n<p>&#8211; le roman <strong><em>Le Condotti\u00e8re<\/em><\/strong> (refus\u00e9 \u00e0 la publication) ;<\/p>\n\n\n\n<p>&#8211; des <strong>articles et notes dans des revues litt\u00e9raires<\/strong>.&nbsp;<\/p>\n\n\n\n<p>\u270d\ufe0f En <strong>1965<\/strong>, notre Georges a d\u00fb faire une petite danse de la victoire car <strong>son roman, <em>Les Choses<\/em><\/strong>, sous-titr\u00e9<strong> <em>Une histoire des ann\u00e9es soixante<\/em><\/strong>,<strong> est publi\u00e9 (Gallimard) <\/strong>et le succ\u00e8s arrive enfin puisqu\u2019il a obtenu le<strong> prix Renaudot<\/strong> !&nbsp;<\/p>\n\n\n<div class=\"wp-block-image\">\n<figure class=\"aligncenter size-large is-resized\"><img decoding=\"async\" src=\"https:\/\/media.giphy.com\/media\/j0vs5H7Kcz3Pm9LRDa\/giphy.gif\" alt=\"B\u00e9b\u00e9 ravi\" style=\"width:331px;height:284px\"\/><\/figure>\n<\/div>\n\n<section class=\"citation\">\n        <q class=\"citation__text\"><p>Il y a, je pense, entre <span style=\"color: #008000\">les choses du monde moderne et le bonheur un rapport oblig\u00e9<\/span>.<\/p>\n<\/q>\n\n                    <div class=\"citation__infos  citation__infos--full \">\n                                    <p class=\"citation__infos-name\">Georges Perec<\/p>\n                                                    <p class=\"citation__infos-job\">\u00ab Les Choses \u00bb<\/p>\n                            <\/div>\n            <\/section>\n\n\n<section class=\"you-know\">\n                <div class=\"you-know__title\"><p>\u23e9 R\u00e9sum\u00e9 en bref<\/p>\n<\/div>\n                        <div class=\"you-know__text\">\n            <p><!-- wp:paragraph --><\/p>\n<p>J\u00e9r\u00f4me et Sylvie habitent Paris dans les ann\u00e9es soixante. <strong>Leur vie est conditionn\u00e9e par l\u2019envie constante d\u2019acheter.<\/strong> \u00c9ternels insatisfaits et impatients, ils <strong>r\u00eavent d\u2019acqu\u00e9rir d&rsquo;innombrables objets sans pourtant jamais y parvenir,<\/strong> du fait de leurs revenus modestes et cette frustration les rend malheureux.<\/p>\n<p>&nbsp;<\/p>\n<p><!-- \/wp:paragraph --> <!-- wp:paragraph --><\/p>\n<p><strong>L\u2019auteur propose l\u00e0 une analyse sociologique critique de la soci\u00e9t\u00e9 de consommation<\/strong>.<\/p>\n<p><!-- \/wp:paragraph --><\/p>\n\n        <\/div>\n              <\/section>\n\n\n<section class=\"read-also\">\n    <p class=\"read-also__title\">\u00c0 lire aussi<\/p>\n            <div class=\"read-also__list\">\n            <p>On te conseille d\u2019\u00e9couter et de regarder l\u2019auteur <a href=\"https:\/\/www.ina.fr\/ina-eclaire-actu\/video\/i00005530\/georges-perec-a-propos-de-son-livre-les-choses\" target=\"_blank\" rel=\"noopener\">parler des<strong><em> Choses<\/em><\/strong><\/a> lui-m\u00eame, sur le <strong>site de l\u2019INA<\/strong>.<\/p>\n\n        <\/div>\n    <\/section>\n\n\n\n<p>\u270d\ufe0f D\u2019autres ouvrages suivront ensuite\u2026 Jusqu\u2019\u00e0 ce que<strong> Perec int\u00e8gre l\u2019Oulipo en 1967<\/strong>, groupe au sein duquel <strong>il peut explorer toutes les potentialit\u00e9s de la langue<\/strong> et <strong>proposer un style \u00e0 la fois innovant et d\u00e9concertant<\/strong>.&nbsp;<\/p>\n\n\n\n<h3 class=\"wp-block-heading\" id=\"loulipo-la-contrainte-litteraire-est-un-jeu\"><strong>L\u2019Oulipo : la contrainte litt\u00e9raire est un jeu \ud83e\uddea\ud83d\udd8a\ufe0f<\/strong><\/h3>\n\n\n<div class=\"wp-block-image\">\n<figure class=\"aligncenter size-large is-resized\"><img decoding=\"async\" width=\"800\" height=\"533\" src=\"https:\/\/sherpas.com\/content\/uploads\/2023\/10\/Georges-Perec-4.png?func=bound&amp;w=800&amp;h=533\" alt=\"Logo de l'Oulipo\" class=\"wp-image-269272\" style=\"width:300px;height:200px\" srcset=\"https:\/\/xapbm7c37i.cloudimg.io\/https:\/\/sherpas.com\/content\/uploads\/2023\/10\/Georges-Perec-4.png?q=85&amp;force_format=webp&amp;org_if_sml=1&amp;w=800 800w, https:\/\/xapbm7c37i.cloudimg.io\/https:\/\/sherpas.com\/content\/uploads\/2023\/10\/Georges-Perec-4.png?q=85&amp;force_format=webp&amp;org_if_sml=1&amp;w=300 300w, https:\/\/xapbm7c37i.cloudimg.io\/https:\/\/sherpas.com\/content\/uploads\/2023\/10\/Georges-Perec-4.png?q=85&amp;force_format=webp&amp;org_if_sml=1&amp;w=768 768w, https:\/\/xapbm7c37i.cloudimg.io\/https:\/\/sherpas.com\/content\/uploads\/2023\/10\/Georges-Perec-4.png?q=85&amp;force_format=webp&amp;org_if_sml=1&amp;w=188 188w, https:\/\/xapbm7c37i.cloudimg.io\/https:\/\/sherpas.com\/content\/uploads\/2023\/10\/Georges-Perec-4.png?q=85&amp;force_format=webp&amp;org_if_sml=1&amp;w=396 396w, https:\/\/xapbm7c37i.cloudimg.io\/https:\/\/sherpas.com\/content\/uploads\/2023\/10\/Georges-Perec-4.png?q=85&amp;force_format=webp&amp;org_if_sml=1&amp;w=288 288w, https:\/\/xapbm7c37i.cloudimg.io\/https:\/\/sherpas.com\/content\/uploads\/2023\/10\/Georges-Perec-4.png?q=85&amp;force_format=webp&amp;org_if_sml=1&amp;w=557 557w, https:\/\/xapbm7c37i.cloudimg.io\/https:\/\/sherpas.com\/content\/uploads\/2023\/10\/Georges-Perec-4.png?q=85&amp;force_format=webp&amp;org_if_sml=1&amp;w=265 265w, https:\/\/xapbm7c37i.cloudimg.io\/https:\/\/sherpas.com\/content\/uploads\/2023\/10\/Georges-Perec-4.png?q=85&amp;force_format=webp&amp;org_if_sml=1&amp;w=60 60w, https:\/\/xapbm7c37i.cloudimg.io\/https:\/\/sherpas.com\/content\/uploads\/2023\/10\/Georges-Perec-4.png?q=85&amp;force_format=webp&amp;org_if_sml=1&amp;w=378 378w\" sizes=\"(max-width: 800px) 100vw, 800px\" \/><\/figure>\n<\/div>\n\n<section class=\"you-know\">\n                <div class=\"you-know__title\"><p>Qu\u2019est-ce que l\u2019Oulipo ? \ud83d\udc40<\/p>\n<\/div>\n                        <div class=\"you-know__text\">\n            <p>L\u2019<strong>Ouvroir de LItt\u00e9rature POtentielle<\/strong> (d\u00e9sign\u00e9 par son <strong>acronyme \u00ab Oulipo \u00bb<\/strong>) est un <strong>groupe de recherche en litt\u00e9rature exp\u00e9rimentale<\/strong>, comme une sorte de laboratoire, fond\u00e9 en <strong>1960<\/strong> par le po\u00e8te <strong>Raymond Queneau <\/strong>et <strong>Fran\u00e7ois Le Lionnais<\/strong>, un math\u00e9maticien. Pour ces \u00ab scientifiques de la langue \u00bb, la <strong>contrainte stylistique et syntaxique dans l\u2019\u00e9criture permet la cr\u00e9ation de nouvelles compositions<\/strong>, d\u2019<strong>explorer toutes les potentialit\u00e9s du langage et de cr\u00e9er des textes innovants<\/strong>.<\/p>\n\n        <\/div>\n              <\/section>\n\n\n<section class=\"read-also\">\n    <p class=\"read-also__title\">\u00c0 lire aussi<\/p>\n            <div class=\"read-also__list\">\n            <p>Si tu souhaites conna\u00eetre d\u2019autres <a href=\"https:\/\/sherpas.com\/blog\/courants-litteraires-chronologie-enjeux\/\">courants litt\u00e9raires du XXe si\u00e8cle<\/a>, n\u2019h\u00e9site pas jeter un \u0153il (voire les deux !) \u00e0 l\u2019article des Sherpas !<\/p>\n\n        <\/div>\n    <\/section>\n\n\n\n<p>\ud83d\udc49 Avec l\u2019Oulipo, <strong>travailler le mat\u00e9riau du langage devient un jeu<\/strong>. Ces techniciens du langage <strong>s\u2019\u00e9cartent volontiers des usages habituels de la langue<\/strong> et <strong>proposent des formes et proc\u00e9d\u00e9s insolites et ludiques<\/strong>.&nbsp;<\/p>\n\n\n\n<p>Par le jeu, ils proposent une <strong>r\u00e9flexion profonde sur les mots et leurs significations<\/strong>. Il s\u2019agit de r\u00e9v\u00e9ler une mani\u00e8re de comprendre la langue, mais aussi le monde.&nbsp;<\/p>\n\n\n\n<p><strong>Perec s\u2019est int\u00e9ress\u00e9 \u00e0 de nombreux exercices de style oulipiens<\/strong>. Plus le mot, notre Georges travaille sur la lettre pour \u00e9laborer son propre style, notamment avec ces proc\u00e9d\u00e9s contraignants qui m\u00ealent orthographe et math\u00e9matiques :<\/p>\n\n\n<ul class=\"list-formatted\">\n                <li data-symbol=\"\ud83d\udd24\">\n            <span>\n            <p>les<strong> h\u00e9t\u00e9rogrammes<\/strong> (chaque phrase comporte au moins chaque lettre de l\u2019alphabet),<\/p>\n\n            <\/span>\n        <\/li>\n                <li data-symbol=\"\ud83d\udd24 \">\n            <span>\n            <p>les <strong>anagrammes<\/strong> (mots form\u00e9s en changeant de place les lettres d\u2019autres mots),<\/p>\n\n            <\/span>\n        <\/li>\n                <li data-symbol=\"\ud83d\udd24\">\n            <span>\n            <p>les <strong>palindromes<\/strong> (mot ou groupe de mots qui peut se lire indiff\u00e9remment de gauche \u00e0 droite ou de droite \u00e0 gauche en gardant le m\u00eame sens),<\/p>\n\n            <\/span>\n        <\/li>\n                <li data-symbol=\"\ud83d\udd24 \">\n            <span>\n            <p>les <strong>lipogrammes<\/strong> (textes o\u00f9 l\u2019on se passe d\u2019une ou plusieurs lettres),<\/p>\n\n            <\/span>\n        <\/li>\n                <li data-symbol=\"\ud83d\udd24 \">\n            <span>\n            <p>les <strong>monovocalismes<\/strong> (textes que l\u2019on \u00e9crit avec une seule voyelle),<\/p>\n\n            <\/span>\n        <\/li>\n                <li data-symbol=\"\ud83d\udd24 \">\n            <span>\n            <p>la <strong>liste de lieux<\/strong> (dans <em>Esp\u00e8ces d\u2019espaces<\/em>, l\u2019auteur fait un v\u00e9ritable travail typographique de la page),<\/p>\n\n            <\/span>\n        <\/li>\n                <li data-symbol=\"\ud83d\udd24\">\n            <span>\n            <p>les figures de style comme l\u2019<strong>\u00e9num\u00e9ration<\/strong> et l\u2019<strong>accumulation,<\/strong><\/p>\n\n            <\/span>\n        <\/li>\n                <li data-symbol=\"\ud83d\udd24 \">\n            <span>\n            <p>les<strong> puzzles.<\/strong><\/p>\n\n            <\/span>\n        <\/li>\n            <\/ul>\n    \n\n\n<section class=\"you-know\">\n                <div class=\"you-know__title\"><p>L\u2019importance de<em> La Disparition<\/em> \ud83d\udc40<\/p>\n<\/div>\n                        <div class=\"you-know__text\">\n            <p><strong><em>La Disparition<\/em><\/strong><strong> est un grand lipogramme<\/strong> (trois cents pages quand m\u00eame !), dans lequel <strong>la voyelle \u00ab e \u00bb est absente<\/strong>. <strong>Cette prouesse souligne un \u00e9l\u00e9ment autobiographique essentiel<\/strong>. Sans \u00ab e \u00bb, impossible de dire \u00ab je \u00bb, impossible de trouver une identit\u00e9. La langue est priv\u00e9e de sa lettre la plus utilis\u00e9e, tout comme Perec est priv\u00e9 de son enfance, de son pass\u00e9.<\/p>\n\n        <\/div>\n              <\/section>\n\n\n\n<p>On a tr\u00e8s envie de te montrer un exemple, parce qu\u2019on a bien ri en le d\u00e9couvrant :&nbsp;<\/p>\n\n\n<section class=\"you-know\">\n                <div class=\"you-know__title\"><p><strong>\u00ab Variations sur un th\u00e8me de Marcel Proust \u00bb, <\/strong><strong><em>35 variations<\/em><\/strong><strong>, 1974<\/strong><\/p>\n<\/div>\n                        <div class=\"you-know__text\">\n            <p style=\"text-align: center\">\u00ab Longtemps je me suis couch\u00e9 de bonne heure. \u00bb<\/p>\n<p style=\"text-align: center\">Lipogrammes<\/p>\n<p style=\"text-align: center\">[&#8230;]<\/p>\n<p style=\"text-align: center\">Sans le I :<\/p>\n<p style=\"text-align: center\">\u00ab Longtemps nous nous couch\u00e2mes de bonne heure. \u00bb<\/p>\n<p style=\"text-align: center\">Sans le E :<\/p>\n<p style=\"text-align: center\">\u00ab Durant un grand laps on m\u2019alit\u00e2t t\u00f4t. \u00bb<\/p>\n<p style=\"text-align: center\">Point de vue maternel :<\/p>\n<p style=\"text-align: center\">\u00ab Marcel, au lit !!! \u00bb<\/p>\n<p style=\"text-align: center\">[&#8230;]<\/p>\n<p style=\"text-align: center\">Synonymie :<\/p>\n<p style=\"text-align: center\">\u00ab Pendant plusieurs ann\u00e9es j\u2019allai au lit t\u00f4t. \u00bb<\/p>\n<p style=\"text-align: center\">H\u00e9t\u00e9rosyntaxisme :<\/p>\n<p style=\"text-align: center\">\u00ab De nombreuses ann\u00e9es me connurent couche-t\u00f4t. \u00bb<\/p>\n<p style=\"text-align: center\">Alexandrin :<\/p>\n<p style=\"text-align: center\">\u00ab Fort longtemps je me suis \/ couch\u00e9 de tr\u00e8s bonne heure. \u00bb<\/p>\n<p style=\"text-align: center\">Interrogation :<\/p>\n<p style=\"text-align: center\">\u00ab Me serais-je longtemps couch\u00e9 de bonne heure ? \u00bb<\/p>\n\n        <\/div>\n              <\/section>\n\n\n<div class=\"wp-block-image\">\n<figure class=\"aligncenter size-large\"><img decoding=\"async\" src=\"https:\/\/media.giphy.com\/media\/HqnvFzjQJmSH5b7Kok\/giphy.gif\" alt=\"Homme avec des lunettes rouges, assis sur un si\u00e8ge avec un livre dans les mains, qui se tape une barre. \"\/><\/figure>\n<\/div>\n\n<section class=\"you-know\">\n                <div class=\"you-know__title\"><p>Pour aller plus loin \ud83e\uddb8<\/p>\n<\/div>\n                        <div class=\"you-know__text\">\n            <p>Harry Mathews a adapt\u00e9 cet exercice en anglais sur la question \u00f4 combien c\u00e9l\u00e8bre d\u2019<a href=\"https:\/\/sherpas.com\/blog\/hamlet\/\"><em>Hamlet<\/em><\/a> de Shakespeare : \u00ab <em>To be or not to be, that is the question<\/em> \u00bb.<\/p>\n\n        <\/div>\n              <\/section>\n\n\n<section class=\"read-also\">\n    <p class=\"read-also__title\">\u00c0 lire aussi<\/p>\n            <div class=\"read-also__list\">\n            <p>Tu peux lire <em>Exercices de style<\/em> de Raymond Queneau, paru en 1947 chez Gallimard.<\/p>\n\n        <\/div>\n    <\/section>\n\n\n<section class=\"you-know\">\n                <div class=\"you-know__title\"><p>\ud83d\ude01 Fun fact<\/p>\n<\/div>\n                        <div class=\"you-know__text\">\n            <p>Sais-tu que Perec \u00e9tait <strong>verbicruciste<\/strong> ? Il inventait des mots crois\u00e9s ! On ne sait pas, en revanche, s\u2019il \u00e9tait aussi <strong>cruciverbiste<\/strong> (nom de m\u00e9tier de celui qui fait les mots crois\u00e9s).<\/p>\n\n        <\/div>\n              <\/section>\n\n\n<section class=\"read-also\">\n    <p class=\"read-also__title\">\u00c0 lire aussi<\/p>\n            <div class=\"read-also__list\">\n            <p><em><!-- wp:paragraph --><\/em><\/p>\n<p>\ud83d\udc49 Si toi aussi tu veux \u00e9crire pour t\u2019amuser, voici une liste des <a href=\"https:\/\/www.oulipo.net\/fr\/une-liste-de-contraintes-oulipiennes\" target=\"_blank\" rel=\"noopener\">principales contraintes oulipiennes<\/a>.<\/p>\n\n        <\/div>\n    <\/section>\n\n\n<div class=\"wp-block-image\">\n<figure class=\"aligncenter size-large\"><img decoding=\"async\" src=\"https:\/\/media.giphy.com\/media\/xT5LMK3uqDIu4I3rJ6\/giphy.gif\" alt=\"Lisa Simpson dit en anglais qu'elle est tomb\u00e9e amoureuse des mots crois\u00e9s. \"\/><\/figure>\n<\/div>\n\n\n<h3 class=\"wp-block-heading\" id=\"sa-grande-posterite-hommage-a-perec\"><strong>Sa grande post\u00e9rit\u00e9 : hommage \u00e0 Perec \ud83c\udfc6<\/strong><\/h3>\n\n\n\n<p>Toute la production litt\u00e9raire inventive de Perec influence consid\u00e9rablement les g\u00e9n\u00e9rations suivantes, gr\u00e2ce \u00e0 ses observations sociologiques de son \u00e9poque, sa conception de l\u2019\u00e9criture, mais surtout par sa capacit\u00e9 \u00e0 manier la langue.&nbsp;<\/p>\n\n\n<section class=\"read-also\">\n    <p class=\"read-also__title\">\u00c0 lire aussi<\/p>\n            <div class=\"read-also__list\">\n            <p>\ud83d\udcfa <strong><em>Georges Perec, l\u2019homme qui ne voulait pas oublier <\/em><\/strong>est un film de Pierre Lane, diffus\u00e9 sur France 5 en 2021.<\/p>\n\n        <\/div>\n    <\/section>\n\n\n\n<p>\ud83d\udc49 En 1982, L\u2019<strong>Association Georges Perec<\/strong> est cr\u00e9\u00e9e afin de promouvoir l\u2019\u00e9tude de cet \u00e9crivain, consid\u00e9r\u00e9 d\u00e9sormais comme un \u00ab classique \u00ab de la litt\u00e9rature fran\u00e7aise. Elle publie deux fois l\u2019an les <em><a href=\"https:\/\/www.associationgeorgesperec.fr\/les-cahiers-georges-perec\/\" target=\"_blank\" data-type=\"link\" data-id=\"https:\/\/www.associationgeorgesperec.fr\/les-cahiers-georges-perec\/\" rel=\"noreferrer noopener\">Cahiers Georges Perec<\/a><\/em>.\u00a0<\/p>\n\n\n\n<p>\ud83d\udc49 Notre Georgy est une r\u00e9f\u00e9rence pour bon nombre de ses contemporains pour des raisons diverses : Annie Ernaux, Emmanuel Carr\u00e8re, Marie Darrieussecq\u2026<\/p>\n\n\n<section class=\"you-know\">\n                <div class=\"you-know__title\"><\/div>\n                        <div class=\"you-know__text\">\n            <p>Georges Perec a aid\u00e9 tous les travailleurs en publiant un livre intitul\u00e9 <strong><em>L\u2019Art et la mani\u00e8re d\u2019aborder son chef de service pour lui demander une augmentation<\/em><\/strong>. Comment combiner l\u2019utile \u00e0 l\u2019agr\u00e9able !<\/p>\n\n        <\/div>\n              <\/section>\n\n\n<section class=\"read-also\">\n    <p class=\"read-also__title\">\u00c0 lire aussi<\/p>\n            <div class=\"read-also__list\">\n            <p>\u00c9coute l\u2019\u00e9pisode <a href=\"https:\/\/www.radiofrance.fr\/franceculture\/podcasts\/la-compagnie-des-auteurs\/artistes-et-ecrivains-dans-le-sillage-de-georges-perec-8734144\" target=\"_blank\" rel=\"noopener\">\u00ab Artistes et \u00e9crivains dans le sillage de Georges Perec \u00bb<\/a> sur France Culture \u00e0 ce propos !<\/p>\n\n        <\/div>\n    <\/section>\n\n\n<section class=\"relance\">\n        <div >\n                            <a target=\"_blank\" href=\"https:\/\/sherpas.com\/cours\/litterature\">\n                    <div class=\"relance__container\"\n                        >\n                        \n                                                        <picture>\n                            <source srcset=\"https:\/\/sherpas.com\/content\/uploads\/2023\/07\/relance-cours-particulier-6.jpg\" media=\"(min-width: 999px)\">\n                            <source srcset=\"https:\/\/sherpas.com\/content\/uploads\/2023\/07\/relance-cours-particulier-6.jpg\" media=\"(max-width: 999px)\">\n                                <img decoding=\"async\"\n                                    src=\"https:\/\/sherpas.com\/content\/uploads\/2023\/07\/relance-cours-particulier-6.jpg\"\n                                    alt=\"Personne qui donne des cours particuliers\"\n                                >\n                            <\/picture>\n                                                <div class=\"relance__content\">\n                            \n                                <div class=\"relance__title\"> <p>Toi aussi, tu veux \u00e9crire \u00e0 la mani\u00e8re de Perec mais ton style n\u2019est pas encore au point ? Ne cherche plus, les Sherpas sont toujours l\u00e0 pour toi ! \ud83d\udc47<\/p>\n<\/div>\n                                                        <button type=\"button\"\n                                    class=\"relance__button btn btn-white\">\n                                Trouve ton sherpa !\n                            <\/button>\n                        <\/div>\n                    <\/div>\n                <\/a>\n                    <\/div>\n    <\/section>\n\n    \n\n\n<h2 class=\"wp-block-heading\" id=\"quelques-oeuvres-a-connaitre\"><strong>Quelques \u0153uvres \u00e0 conna\u00eetre <\/strong><strong>\ud83d\udcda<\/strong><\/h2>\n\n\n<section class=\"you-know\">\n                <div class=\"you-know__title\"><p>\ud83d\ude05 Fun fact<\/p>\n<\/div>\n                        <div class=\"you-know__text\">\n            <p>En <strong>1966,<\/strong> Georges Perec d\u00e9m\u00e9nage. Il veut jeter de vieilles notes, conserver des manuscrits mais il s&#8217;emm\u00eale les pinceaux. C\u2019est ainsi qu\u2019il perd <strong>le premier roman qu\u2019il consid\u00e8re comme abouti, <\/strong><strong><em>Le Condotti\u00e8re<\/em><\/strong>, dont une copie ne sera retrouv\u00e9e qu\u2019une dizaine d\u2019ann\u00e9es apr\u00e8s sa mort. Le manuscrit, refus\u00e9 par Maurice Nadeau aux \u00e9ditions du Seuil en 1959, ne sera<strong> publi\u00e9 qu\u2019en 2012<\/strong>.<\/p>\n\n        <\/div>\n              <\/section>\n\n\n\n<h3 class=\"wp-block-heading\" id=\"quelques-ouvrages-anthumes-avant-sa-mort\"><strong>Quelques ouvrages anthumes (avant sa mort)<\/strong><\/h3>\n\n\n\n<p>Notre Georges est prolixe : il a beaucoup \u00e9crit et dans des genres tr\u00e8s vari\u00e9s. Cette liste est donc loin d\u2019\u00eatre exhaustive !&nbsp;<\/p>\n\n\n<div class=\"wp-block-image\">\n<figure class=\"aligncenter size-large\"><img decoding=\"async\" src=\"https:\/\/media.giphy.com\/media\/B5bV6EJgOouYWtH5o5\/giphy.gif\" alt=\"Un homme qui montre une biblioth\u00e8que remplie de lire et qui dit : \u00ab lisez un livre \u00bb\"\/><\/figure>\n<\/div>\n\n<ul class=\"list-formatted\">\n                <li data-symbol=\"\ud83d\udcd3\">\n            <span>\n            <p><em>Quel petit v\u00e9lo \u00e0 guidon chrom\u00e9 au fond de la cour ?<\/em>, 1966, \u00e9ditions Deno\u00ebl,<\/p>\n\n            <\/span>\n        <\/li>\n                <li data-symbol=\"\ud83d\udcd3\">\n            <span>\n            <p><em>La Disparition<\/em>, 1969, \u00e9ditions Deno\u00ebl,<\/p>\n\n            <\/span>\n        <\/li>\n                <li data-symbol=\"\ud83d\udcd3 \">\n            <span>\n            <p><em>L&rsquo;Augmentation<\/em>, pour la mise en sc\u00e8ne de Marcel Cuvelier en f\u00e9vrier 1970,<\/p>\n\n            <\/span>\n        <\/li>\n                <li data-symbol=\"\ud83d\udcd3\">\n            <span>\n            <p><em>Esp\u00e8ces d&rsquo;espaces, 1974<\/em>, \u00e9ditions Galil\u00e9e,<\/p>\n\n            <\/span>\n        <\/li>\n                <li data-symbol=\"\ud83d\udcd3\">\n            <span>\n            <p><em>W ou le Souvenir d&rsquo;enfance<\/em>, 1975, \u00e9ditions Deno\u00ebl,<\/p>\n\n            <\/span>\n        <\/li>\n                <li data-symbol=\"\ud83d\udcd3\">\n            <span>\n            <p><em>Alphabets<\/em>, 1976, \u00e9ditions Galil\u00e9e,<\/p>\n\n            <\/span>\n        <\/li>\n                <li data-symbol=\"\ud83d\udcd3\">\n            <span>\n            <p><!-- wp:paragraph --><\/p>\n<p><em>La Vie mode d&#8217;emploi<\/em>, 1978, \u00e9ditions Hachette (prix M\u00e9dicis),<\/p>\n<p><!-- \/wp:paragraph --><\/p>\n\n            <\/span>\n        <\/li>\n                <li data-symbol=\"\ud83d\udcd3\">\n            <span>\n            <p><em>R\u00e9cits d&rsquo;Ellis Island<\/em>, 1980, INA\/Sorbier (+ un film de Robert Bober),<\/p>\n\n            <\/span>\n        <\/li>\n                <li data-symbol=\"\ud83d\udcd3\">\n            <span>\n            <p><em>Je me souviens. Les choses communes I<\/em>, 1978, \u00e9ditions Hachette.<\/p>\n\n            <\/span>\n        <\/li>\n            <\/ul>\n    \n\n\n\n<h3 class=\"wp-block-heading\" id=\"quelques-oeuvres-posthumes\"><strong>Quelques \u0153uvres posthumes&nbsp;<\/strong><\/h3>\n\n\n<ul class=\"list-formatted\">\n                <li data-symbol=\"\ud83d\udcd3\">\n            <span>\n            <p><em> Penser\/Classer<\/em>, 1985, \u00e9ditions Hachette,<\/p>\n\n            <\/span>\n        <\/li>\n                <li data-symbol=\"\ud83d\udcd3\">\n            <span>\n            <p><em>53 jours<\/em>, 1989 (texte \u00e9tabli par Harry Mathews et Jacques Roubaud), \u00e9ditions Gallimard,<\/p>\n\n            <\/span>\n        <\/li>\n                <li data-symbol=\"\ud83d\udcd3\">\n            <span>\n            <p><em>Je suis n\u00e9<\/em>, Seuil, 1990 (texte \u00e9tabli par \u00c9ric Beaumatin, Marcel B\u00e9nabou et Philippe Lejeune),<\/p>\n\n            <\/span>\n        <\/li>\n                <li data-symbol=\"\ud83d\udcd3\">\n            <span>\n            <p><em>Perec\/rinations<\/em>, 1997, Cadeilhan, Zulma (\u00e9dit\u00e9 par Bernard Magn\u00e9),<\/p>\n\n            <\/span>\n        <\/li>\n                <li data-symbol=\"\ud83d\udcd3\">\n            <span>\n            <p><em>Le Condotti\u00e8re<\/em>, 2012, Seuil (\u00e9dit\u00e9 par Claude Burgelin),<\/p>\n\n            <\/span>\n        <\/li>\n                <li data-symbol=\"\ud83d\udcd3\">\n            <span>\n            <p><em>L&rsquo;Attentat de Sarajevo,<\/em> 2016, \u00e9ditions du Seuil,<\/p>\n\n            <\/span>\n        <\/li>\n                <li data-symbol=\"\ud83d\udcd3\">\n            <span>\n            <p><em>Lieux<\/em>, 2022, \u00e9ditions du Seuil.<\/p>\n\n            <\/span>\n        <\/li>\n            <\/ul>\n    \n\n\n<section class=\"you-know\">\n                <div class=\"you-know__title\"><\/div>\n                        <div class=\"you-know__text\">\n            <p>\ud83e\udd73 Georges Perec est entr\u00e9 dans la collection de la <strong>Pl\u00e9iade<\/strong> chez Gallimard, en 2017.<\/p>\n\n        <\/div>\n              <\/section>\n\n\n<section class=\"push \">\n        <div >\n            \n                                                <div class=\"push__container  qcd\" data-target=\"_self\" data-qcd=\"aHR0cHM6Ly9zaGVycGFzLmNvbS9mdW5uZWwtc3R1ZGVudC1xdWFsaWZpY2F0aW9u\" data-banner=\"2\" data-name=\"Cours part&amp;rsquo; global #2 = CPG2\" style=\"background-color: #F3FBF7\" >\n                                                                        <div class=\"push__teachers\">\n    <div class=\"d-flex justify-content-center d-md-none\">\n        <img decoding=\"async\" class=\"push__logo\" src=\"\/content\/themes\/sherpas-theme\/dist\/images\/logo.svg\" alt=\"Logo Sherpas\">\n    <\/div>\n    <div class=\"swiper\">\n        <div class=\"swiper-wrapper\">\n                                            <div class=\"swiper-slide\">\n                    <div class=\"push__teachers-card\">\n                        <div\n                            class=\"push__teachers-profil\"\n                            \n                            style=\"background-image: url(https:\/\/sherpas.com\/content\/uploads\/2022\/01\/Cle\u0301mence2x.png);\"\n                        >\n                    <\/div>\n                         <p class=\"push__teachers-name\">Cl\u00e9mence<\/p>                          <p class=\"push__teachers-school\">HEC Paris<\/p>                                                     <div class=\"push__teachers-note\">\n                                                                    <svg  class=\"active\" >\n                                        <use\n                                            xlink:href=\"\/content\/themes\/sherpas-theme\/dist\/images\/sprite.svg#star\"\/>\n                                    <\/svg>\n                                                                    <svg  class=\"active\" >\n                                        <use\n                                            xlink:href=\"\/content\/themes\/sherpas-theme\/dist\/images\/sprite.svg#star\"\/>\n                                    <\/svg>\n                                                                    <svg  class=\"active\" >\n                                        <use\n                                            xlink:href=\"\/content\/themes\/sherpas-theme\/dist\/images\/sprite.svg#star\"\/>\n                                    <\/svg>\n                                                                    <svg  class=\"active\" >\n                                        <use\n                                            xlink:href=\"\/content\/themes\/sherpas-theme\/dist\/images\/sprite.svg#star\"\/>\n                                    <\/svg>\n                                                                    <svg  class=\"active\" >\n                                        <use\n                                            xlink:href=\"\/content\/themes\/sherpas-theme\/dist\/images\/sprite.svg#star\"\/>\n                                    <\/svg>\n                                                            <\/div>\n                                                 <p class=\"push__teachers-price\">21\u20ac\/h\/h<\/p>                     <\/div>\n                <\/div>\n                                            <div class=\"swiper-slide\">\n                    <div class=\"push__teachers-card\">\n                        <div\n                            class=\"push__teachers-profil\"\n                            \n                            style=\"background-image: url(https:\/\/sherpas.com\/content\/uploads\/2022\/01\/Thibault2x.png);\"\n                        >\n                    <\/div>\n                         <p class=\"push__teachers-name\">Thibault<\/p>                          <p class=\"push__teachers-school\">ENS Paris Ulm<\/p>                                                     <div class=\"push__teachers-note\">\n                                                                    <svg  class=\"active\" >\n                                        <use\n                                            xlink:href=\"\/content\/themes\/sherpas-theme\/dist\/images\/sprite.svg#star\"\/>\n                                    <\/svg>\n                                                                    <svg  class=\"active\" >\n                                        <use\n                                            xlink:href=\"\/content\/themes\/sherpas-theme\/dist\/images\/sprite.svg#star\"\/>\n                                    <\/svg>\n                                                                    <svg  class=\"active\" >\n                                        <use\n                                            xlink:href=\"\/content\/themes\/sherpas-theme\/dist\/images\/sprite.svg#star\"\/>\n                                    <\/svg>\n                                                                    <svg  class=\"active\" >\n                                        <use\n                                            xlink:href=\"\/content\/themes\/sherpas-theme\/dist\/images\/sprite.svg#star\"\/>\n                                    <\/svg>\n                                                                    <svg  class=\"active\" >\n                                        <use\n                                            xlink:href=\"\/content\/themes\/sherpas-theme\/dist\/images\/sprite.svg#star\"\/>\n                                    <\/svg>\n                                                            <\/div>\n                                                 <p class=\"push__teachers-price\">20\u20ac\/h<\/p>                     <\/div>\n                <\/div>\n                                            <div class=\"swiper-slide\">\n                    <div class=\"push__teachers-card\">\n                        <div\n                            class=\"push__teachers-profil\"\n                            \n                            style=\"background-image: url(https:\/\/sherpas.com\/content\/uploads\/2022\/01\/Sophie2x.png);\"\n                        >\n                    <\/div>\n                         <p class=\"push__teachers-name\">Sophie<\/p>                          <p class=\"push__teachers-school\">Sciences Po Bordeaux<\/p>                                                     <div class=\"push__teachers-note\">\n                                                                    <svg  class=\"active\" >\n                                        <use\n                                            xlink:href=\"\/content\/themes\/sherpas-theme\/dist\/images\/sprite.svg#star\"\/>\n                                    <\/svg>\n                                                                    <svg  class=\"active\" >\n                                        <use\n                                            xlink:href=\"\/content\/themes\/sherpas-theme\/dist\/images\/sprite.svg#star\"\/>\n                                    <\/svg>\n                                                                    <svg  class=\"active\" >\n                                        <use\n                                            xlink:href=\"\/content\/themes\/sherpas-theme\/dist\/images\/sprite.svg#star\"\/>\n                                    <\/svg>\n                                                                    <svg  class=\"active\" >\n                                        <use\n                                            xlink:href=\"\/content\/themes\/sherpas-theme\/dist\/images\/sprite.svg#star\"\/>\n                                    <\/svg>\n                                                                    <svg >\n                                        <use\n                                            xlink:href=\"\/content\/themes\/sherpas-theme\/dist\/images\/sprite.svg#star\"\/>\n                                    <\/svg>\n                                                            <\/div>\n                                                 <p class=\"push__teachers-price\">12\u20ac\/h<\/p>                     <\/div>\n                <\/div>\n                                            <div class=\"swiper-slide\">\n                    <div class=\"push__teachers-card\">\n                        <div\n                            class=\"push__teachers-profil\"\n                            \n                            style=\"background-image: url(https:\/\/sherpas.com\/content\/uploads\/2022\/01\/Noemie2x.jpg);\"\n                        >\n                    <\/div>\n                         <p class=\"push__teachers-name\">No\u00e9mie<\/p>                          <p class=\"push__teachers-school\">M2 en droit \u00e0 Assas<\/p>                                                     <div class=\"push__teachers-note\">\n                                                                    <svg  class=\"active\" >\n                                        <use\n                                            xlink:href=\"\/content\/themes\/sherpas-theme\/dist\/images\/sprite.svg#star\"\/>\n                                    <\/svg>\n                                                                    <svg  class=\"active\" >\n                                        <use\n                                            xlink:href=\"\/content\/themes\/sherpas-theme\/dist\/images\/sprite.svg#star\"\/>\n                                    <\/svg>\n                                                                    <svg  class=\"active\" >\n                                        <use\n                                            xlink:href=\"\/content\/themes\/sherpas-theme\/dist\/images\/sprite.svg#star\"\/>\n                                    <\/svg>\n                                                                    <svg  class=\"active\" >\n                                        <use\n                                            xlink:href=\"\/content\/themes\/sherpas-theme\/dist\/images\/sprite.svg#star\"\/>\n                                    <\/svg>\n                                                                    <svg  class=\"active\" >\n                                        <use\n                                            xlink:href=\"\/content\/themes\/sherpas-theme\/dist\/images\/sprite.svg#star\"\/>\n                                    <\/svg>\n                                                            <\/div>\n                                                 <p class=\"push__teachers-price\">19\u20ac\/h<\/p>                     <\/div>\n                <\/div>\n                                            <div class=\"swiper-slide\">\n                    <div class=\"push__teachers-card\">\n                        <div\n                            class=\"push__teachers-profil\"\n                            \n                            style=\"background-image: url(https:\/\/sherpas.com\/content\/uploads\/2022\/01\/Fanny2x.jpg);\"\n                        >\n                    <\/div>\n                         <p class=\"push__teachers-name\">Fanny<\/p>                          <p class=\"push__teachers-school\">Ponts ParisTech<\/p>                                                     <div class=\"push__teachers-note\">\n                                                                    <svg  class=\"active\" >\n                                        <use\n                                            xlink:href=\"\/content\/themes\/sherpas-theme\/dist\/images\/sprite.svg#star\"\/>\n                                    <\/svg>\n                                                                    <svg  class=\"active\" >\n                                        <use\n                                            xlink:href=\"\/content\/themes\/sherpas-theme\/dist\/images\/sprite.svg#star\"\/>\n                                    <\/svg>\n                                                                    <svg  class=\"active\" >\n                                        <use\n                                            xlink:href=\"\/content\/themes\/sherpas-theme\/dist\/images\/sprite.svg#star\"\/>\n                                    <\/svg>\n                                                                    <svg  class=\"active\" >\n                                        <use\n                                            xlink:href=\"\/content\/themes\/sherpas-theme\/dist\/images\/sprite.svg#star\"\/>\n                                    <\/svg>\n                                                                    <svg  class=\"active\" >\n                                        <use\n                                            xlink:href=\"\/content\/themes\/sherpas-theme\/dist\/images\/sprite.svg#star\"\/>\n                                    <\/svg>\n                                                            <\/div>\n                                                 <p class=\"push__teachers-price\">19\u20ac\/h<\/p>                     <\/div>\n                <\/div>\n                                            <div class=\"swiper-slide\">\n                    <div class=\"push__teachers-card\">\n                        <div\n                            class=\"push__teachers-profil\"\n                            \n                            style=\"background-image: url(https:\/\/sherpas.com\/content\/uploads\/2022\/01\/Simon2x.jpg);\"\n                        >\n                    <\/div>\n                         <p class=\"push__teachers-name\">Simon<\/p>                          <p class=\"push__teachers-school\">4e ann\u00e9e de m\u00e9decine<\/p>                                                     <div class=\"push__teachers-note\">\n                                                                    <svg  class=\"active\" >\n                                        <use\n                                            xlink:href=\"\/content\/themes\/sherpas-theme\/dist\/images\/sprite.svg#star\"\/>\n                                    <\/svg>\n                                                                    <svg  class=\"active\" >\n                                        <use\n                                            xlink:href=\"\/content\/themes\/sherpas-theme\/dist\/images\/sprite.svg#star\"\/>\n                                    <\/svg>\n                                                                    <svg  class=\"active\" >\n                                        <use\n                                            xlink:href=\"\/content\/themes\/sherpas-theme\/dist\/images\/sprite.svg#star\"\/>\n                                    <\/svg>\n                                                                    <svg  class=\"active\" >\n                                        <use\n                                            xlink:href=\"\/content\/themes\/sherpas-theme\/dist\/images\/sprite.svg#star\"\/>\n                                    <\/svg>\n                                                                    <svg  class=\"active\" >\n                                        <use\n                                            xlink:href=\"\/content\/themes\/sherpas-theme\/dist\/images\/sprite.svg#star\"\/>\n                                    <\/svg>\n                                                            <\/div>\n                                                 <p class=\"push__teachers-price\">26\u20ac\/h<\/p>                     <\/div>\n                <\/div>\n                                            <div class=\"swiper-slide\">\n                    <div class=\"push__teachers-card\">\n                        <div\n                            class=\"push__teachers-profil\"\n                            \n                            style=\"background-image: url(https:\/\/sherpas.com\/content\/uploads\/2022\/01\/Nicolas2x.png);\"\n                        >\n                    <\/div>\n                         <p class=\"push__teachers-name\">Nicolas<\/p>                          <p class=\"push__teachers-school\">CentraleSup\u00e9lec<\/p>                                                     <div class=\"push__teachers-note\">\n                                                                    <svg  class=\"active\" >\n                                        <use\n                                            xlink:href=\"\/content\/themes\/sherpas-theme\/dist\/images\/sprite.svg#star\"\/>\n                                    <\/svg>\n                                                                    <svg  class=\"active\" >\n                                        <use\n                                            xlink:href=\"\/content\/themes\/sherpas-theme\/dist\/images\/sprite.svg#star\"\/>\n                                    <\/svg>\n                                                                    <svg  class=\"active\" >\n                                        <use\n                                            xlink:href=\"\/content\/themes\/sherpas-theme\/dist\/images\/sprite.svg#star\"\/>\n                                    <\/svg>\n                                                                    <svg  class=\"active\" >\n                                        <use\n                                            xlink:href=\"\/content\/themes\/sherpas-theme\/dist\/images\/sprite.svg#star\"\/>\n                                    <\/svg>\n                                                                    <svg  class=\"active\" >\n                                        <use\n                                            xlink:href=\"\/content\/themes\/sherpas-theme\/dist\/images\/sprite.svg#star\"\/>\n                                    <\/svg>\n                                                            <\/div>\n                                                 <p class=\"push__teachers-price\">17\u20ac\/h<\/p>                     <\/div>\n                <\/div>\n                                            <div class=\"swiper-slide\">\n                    <div class=\"push__teachers-card\">\n                        <div\n                            class=\"push__teachers-profil\"\n                            \n                            style=\"background-image: url(https:\/\/sherpas.com\/content\/uploads\/2022\/01\/Victor2x.jpg);\"\n                        >\n                    <\/div>\n                         <p class=\"push__teachers-name\">Victor<\/p>                          <p class=\"push__teachers-school\">ESCP<\/p>                                                     <div class=\"push__teachers-note\">\n                                                                    <svg  class=\"active\" >\n                                        <use\n                                            xlink:href=\"\/content\/themes\/sherpas-theme\/dist\/images\/sprite.svg#star\"\/>\n                                    <\/svg>\n                                                                    <svg  class=\"active\" >\n                                        <use\n                                            xlink:href=\"\/content\/themes\/sherpas-theme\/dist\/images\/sprite.svg#star\"\/>\n                                    <\/svg>\n                                                                    <svg  class=\"active\" >\n                                        <use\n                                            xlink:href=\"\/content\/themes\/sherpas-theme\/dist\/images\/sprite.svg#star\"\/>\n                                    <\/svg>\n                                                                    <svg  class=\"active\" >\n                                        <use\n                                            xlink:href=\"\/content\/themes\/sherpas-theme\/dist\/images\/sprite.svg#star\"\/>\n                                    <\/svg>\n                                                                    <svg  class=\"active\" >\n                                        <use\n                                            xlink:href=\"\/content\/themes\/sherpas-theme\/dist\/images\/sprite.svg#star\"\/>\n                                    <\/svg>\n                                                            <\/div>\n                                                 <p class=\"push__teachers-price\">25\u20ac\/h<\/p>                     <\/div>\n                <\/div>\n                    <\/div>\n    <\/div>\n<\/div>\n                                                    <div class=\"push__content\">\n                                                            <div  class=\"d-none d-md-block\" >\n                                    <img decoding=\"async\" class=\"push__logo\" src=\"\/content\/themes\/sherpas-theme\/dist\/images\/logo.svg\"\n                                        alt=\"Logo Sherpas\">\n                                <\/div>\n                                                                                        <div class=\"push__title\"><p>Besoin d&rsquo;un prof particulier ? <span role=\"img\" aria-label=\"\u2728\">\u2728<\/span><!-- notionvc: 9b5ed38b-ea2e-4d3c-a3bb-f0091c2eedd2 --><\/p>\n<\/div>\n                                                                                        <div class=\"push__text\"><p>Nos profs sont l\u00e0 pour t&rsquo;aider \u00e0 progresser !<\/p>\n<p>&nbsp;<\/p>\n<p><!-- notionvc: 20490bdd-6579-484b-9d99-0ff0bc1aa8e7 --><\/p>\n<\/div>\n                                                        <div class=\"push__promo-button   \">\n                                                                                                    <div\n                                        class=\"btn btn-primary\"\n                                        style=\"color: ; border-color: ; background-color: \"\n\n                                    >\n                                        JE PRENDS UN COURS OFFERT !\n                                    <\/div>\n                                                            <\/div>\n                                                    <\/div>\n                                    <\/div>\n                                    <\/div>\n    <\/section>\n\n\n\n<h2 class=\"wp-block-heading\" id=\"recap-pourquoi-etudier-perec\"><strong>R\u00e9cap\u2019 : pourquoi \u00e9tudier Perec ? \ud83d\udc40<\/strong><\/h2>\n\n\n<ul class=\"list-formatted\">\n                <li data-symbol=\"\ud83d\udc49\">\n            <span>\n            <p>Une <strong>\u0153uvre vari\u00e9e et h\u00e9t\u00e9roclite <\/strong>(romans, po\u00e9sie, mots crois\u00e9s, jeux stylistiques, \u00e9missions de radio, etc.) ;<\/p>\n\n            <\/span>\n        <\/li>\n                <li data-symbol=\"\ud83d\udc49\">\n            <span>\n            <p>une <strong>\u0153uvre \u00e0 la fois sociologique, ludique, romanesque et contraignante<\/strong> ;<\/p>\n\n            <\/span>\n        <\/li>\n                <li data-symbol=\"\ud83d\udc49\">\n            <span>\n            <p>un<strong> style et une pens\u00e9e totalement d\u00e9pendants de la biographie de l\u2019\u00e9crivain<\/strong> : les th\u00e8mes de l\u2019absence, de l\u2019abandon et de la perte de m\u00e9moire sont omnipr\u00e9sents ;<\/p>\n\n            <\/span>\n        <\/li>\n                <li data-symbol=\"\ud83d\udc49\">\n            <span>\n            <p>une <strong>r\u00e9flexion port\u00e9e sur le langage<\/strong> avec l\u2019utilisation d\u2019une <strong>\u00e9criture contraignante<\/strong> (ce courant stylistique et litt\u00e9raire permet d\u2019explorer toutes les potentialit\u00e9s de la langue, de fa\u00e7on ludique) ;<\/p>\n\n            <\/span>\n        <\/li>\n                <li data-symbol=\"\ud83d\udc49\">\n            <span>\n            <p>la<strong> grande influence de l\u2019auteur<\/strong> sur les articles de la fin du XXe si\u00e8cle et le d\u00e9but du XXIe si\u00e8cle.<\/p>\n\n            <\/span>\n        <\/li>\n            <\/ul>\n    \n\n\n\n<p>Voil\u00e0, maintenant tu sais tout sur Georges Perec, cet auteur du XXe si\u00e8cle ! Si cette fiche de cours t\u2019a plu, n\u2019h\u00e9site pas \u00e0 laisser un commentaire. Et si tu souhaites am\u00e9liorer tes notes en fran\u00e7ais ou en litt\u00e9rature, n\u2019oublie pas que les Sherpas sont l\u00e0 pour te soutenir !&nbsp;<\/p>\n\n\n\n<p><em>Images mises en avant :&nbsp;<\/em><\/p>\n\n\n\n<ul class=\"wp-block-list\">\n<li><em>Chabe 01 \u00a9 <\/em><a href=\"https:\/\/www.wikidata.org\/wiki\/Special:EntityPage\/Q18199165\" target=\"_blank\" rel=\"noreferrer noopener\"><em>Creative Commons Attribution-ShareAlike 4.0 International<\/em><\/a><\/li>\n\n\n\n<li><a href=\"https:\/\/commons.wikimedia.org\/wiki\/User:Jean-Paul_Corlin\" target=\"_blank\" rel=\"noreferrer noopener\"><em>Jean-Paul Corlin<\/em><\/a><em> \u00a9 <\/em><a href=\"https:\/\/www.wikidata.org\/wiki\/Special:EntityPage\/Q18199165\" target=\"_blank\" rel=\"noreferrer noopener\"><em>Creative Commons Attribution-ShareAlike 4.0 International<\/em><\/a><\/li>\n\n\n\n<li><em>Basile Morin <em>\u00a9<\/em> Travail personnel, <a href=\"https:\/\/commons.wikimedia.org\/w\/index.php?curid=106532596\" target=\"_blank\" rel=\"noreferrer noopener\">CC BY-SA 4.0<\/a><\/em><\/li>\n<\/ul>\n\n\n<div class=\"kk-star-ratings kksr-auto kksr-align-center kksr-valign-bottom\"\n    data-payload='{&quot;align&quot;:&quot;center&quot;,&quot;id&quot;:&quot;264707&quot;,&quot;slug&quot;:&quot;default&quot;,&quot;valign&quot;:&quot;bottom&quot;,&quot;ignore&quot;:&quot;&quot;,&quot;reference&quot;:&quot;auto&quot;,&quot;class&quot;:&quot;&quot;,&quot;count&quot;:&quot;4&quot;,&quot;legendonly&quot;:&quot;&quot;,&quot;readonly&quot;:&quot;&quot;,&quot;score&quot;:&quot;5&quot;,&quot;starsonly&quot;:&quot;&quot;,&quot;best&quot;:&quot;5&quot;,&quot;gap&quot;:&quot;5&quot;,&quot;greet&quot;:&quot;Tu as aim\u00e9 cet article ?&quot;,&quot;legend&quot;:&quot;5\\\/5 - (4 votes)&quot;,&quot;size&quot;:&quot;24&quot;,&quot;title&quot;:&quot;Georges Perec : homme sous contraintes \u2712\ufe0f&quot;,&quot;width&quot;:&quot;142.5&quot;,&quot;_legend&quot;:&quot;{score}\\\/{best} - ({count} {votes})&quot;,&quot;font_factor&quot;:&quot;1.25&quot;}'>\n            \n<div class=\"kksr-stars\">\n    \n<div class=\"kksr-stars-inactive\">\n            <div class=\"kksr-star\" data-star=\"1\" style=\"padding-right: 5px\">\n            \n\n<div class=\"kksr-icon\" style=\"width: 24px; height: 24px;\"><\/div>\n        <\/div>\n            <div class=\"kksr-star\" data-star=\"2\" style=\"padding-right: 5px\">\n            \n\n<div class=\"kksr-icon\" style=\"width: 24px; height: 24px;\"><\/div>\n        <\/div>\n            <div class=\"kksr-star\" data-star=\"3\" style=\"padding-right: 5px\">\n            \n\n<div class=\"kksr-icon\" style=\"width: 24px; height: 24px;\"><\/div>\n        <\/div>\n            <div class=\"kksr-star\" data-star=\"4\" style=\"padding-right: 5px\">\n            \n\n<div class=\"kksr-icon\" style=\"width: 24px; height: 24px;\"><\/div>\n        <\/div>\n            <div class=\"kksr-star\" data-star=\"5\" style=\"padding-right: 5px\">\n            \n\n<div class=\"kksr-icon\" style=\"width: 24px; height: 24px;\"><\/div>\n        <\/div>\n    <\/div>\n    \n<div class=\"kksr-stars-active\" style=\"width: 142.5px;\">\n            <div class=\"kksr-star\" style=\"padding-right: 5px\">\n            \n\n<div class=\"kksr-icon\" style=\"width: 24px; height: 24px;\"><\/div>\n        <\/div>\n            <div class=\"kksr-star\" style=\"padding-right: 5px\">\n            \n\n<div class=\"kksr-icon\" style=\"width: 24px; height: 24px;\"><\/div>\n        <\/div>\n            <div class=\"kksr-star\" style=\"padding-right: 5px\">\n            \n\n<div class=\"kksr-icon\" style=\"width: 24px; height: 24px;\"><\/div>\n        <\/div>\n            <div class=\"kksr-star\" style=\"padding-right: 5px\">\n            \n\n<div class=\"kksr-icon\" style=\"width: 24px; height: 24px;\"><\/div>\n        <\/div>\n            <div class=\"kksr-star\" style=\"padding-right: 5px\">\n            \n\n<div class=\"kksr-icon\" style=\"width: 24px; height: 24px;\"><\/div>\n        <\/div>\n    <\/div>\n<\/div>\n                \n\n<div class=\"kksr-legend\" style=\"font-size: 19.2px;\">\n            5\/5 - (4 votes)    <\/div>\n    <\/div>\n","protected":false},"excerpt":{"rendered":"<p>As-tu d\u00e9j\u00e0 essay\u00e9 d\u2019\u00e9crire un texte sans la lettre \u00ab e \u00bb ? C\u2019est dur, hein ? Georges (&#8230;)<\/p>\n","protected":false},"author":360,"featured_media":264709,"comment_status":"open","ping_status":"closed","sticky":false,"template":"","format":"standard","meta":{"_acf_changed":true,"footnotes":""},"category":[805,803,806],"tag":[549,371,781],"class_list":["post-264707","post","type-post","status-publish","format-standard","has-post-thumbnail","hentry","category-francais","category-apprendre-matiere","category-lettres","tag-bac-de-francais","tag-courants-litteraires","tag-portraits"],"acf":[],"_links":{"self":[{"href":"https:\/\/sherpas.com\/blog\/wp-json\/wp\/v2\/posts\/264707","targetHints":{"allow":["GET"]}}],"collection":[{"href":"https:\/\/sherpas.com\/blog\/wp-json\/wp\/v2\/posts"}],"about":[{"href":"https:\/\/sherpas.com\/blog\/wp-json\/wp\/v2\/types\/post"}],"author":[{"embeddable":true,"href":"https:\/\/sherpas.com\/blog\/wp-json\/wp\/v2\/users\/360"}],"replies":[{"embeddable":true,"href":"https:\/\/sherpas.com\/blog\/wp-json\/wp\/v2\/comments?post=264707"}],"version-history":[{"count":0,"href":"https:\/\/sherpas.com\/blog\/wp-json\/wp\/v2\/posts\/264707\/revisions"}],"wp:featuredmedia":[{"embeddable":true,"href":"https:\/\/sherpas.com\/blog\/wp-json\/wp\/v2\/media\/264709"}],"wp:attachment":[{"href":"https:\/\/sherpas.com\/blog\/wp-json\/wp\/v2\/media?parent=264707"}],"wp:term":[{"taxonomy":"category","embeddable":true,"href":"https:\/\/sherpas.com\/blog\/wp-json\/wp\/v2\/category?post=264707"},{"taxonomy":"tag","embeddable":true,"href":"https:\/\/sherpas.com\/blog\/wp-json\/wp\/v2\/tag?post=264707"}],"curies":[{"name":"wp","href":"https:\/\/api.w.org\/{rel}","templated":true}]}}