{"id":259316,"date":"2023-06-22T09:00:00","date_gmt":"2023-06-22T07:00:00","guid":{"rendered":"https:\/\/sherpas.com\/blog\/?p=259316"},"modified":"2023-12-07T14:20:08","modified_gmt":"2023-12-07T13:20:08","slug":"franco-espagne","status":"publish","type":"post","link":"https:\/\/sherpas.com\/blog\/franco-espagne\/","title":{"rendered":"Francisco Franco, le dictateur qui voulait unifier l&rsquo;Espagne \ud83c\uddea\ud83c\uddf8"},"content":{"rendered":"\n<p>Dans les annales de l&rsquo;histoire espagnole, un nom ressort toujours : Francisco Franco. Figure complexe, <strong>Franco a \u00e9t\u00e9 \u00e0 la t\u00eate de l&rsquo;Espagne pendant pr\u00e8s de quatre d\u00e9cennies<\/strong>. Certains le voyaient comme le sauveur de la nation, d\u2019autres le consid\u00e9raient comme un dictateur impitoyable. Pr\u00eat \u00e0 d\u00e9couvrir qui \u00e9tait vraiment cet homme ? C\u2019est parti ! \ud83d\ude80<\/p>\n\n\n\n<h2 class=\"wp-block-heading\" id=\"la-jeunesse-du-dictateur\">La jeunesse du dictateur \ud83e\uddd2&nbsp;<\/h2>\n\n\n\n<h3 class=\"wp-block-heading\" id=\"le-descendant-dune-longue-lignee-de-militaires\">Le descendant d&rsquo;une longue lign\u00e9e de militaires \ud83e\ude96<\/h3>\n\n\n\n<p>D\u00e8s sa naissance, Francisco Paulino Hermenegildo Te\u00f3dulo Franco y Bahamonde (on dira Franco, hein\u2026)<strong> a baign\u00e9 dans une atmosph\u00e8re de guerre<\/strong>. N\u00e9 le 4 d\u00e9cembre 1892, il a grandi \u00e0 Ferrol, une ville qui abritait une importante base navale. \u2693<\/p>\n\n\n<div class=\"wp-block-image\">\n<figure class=\"aligncenter size-large is-resized\"><img decoding=\"async\" width=\"1200\" height=\"797\" src=\"https:\/\/sherpas.com\/blog\/content\/uploads\/2023\/06\/base-navale-Ferrol.jpg?func=bound&amp;w=1024&amp;h=797\" alt=\"La base navale de Ferrol de la ville d'enfance de Franco.\" class=\"wp-image-259890\" style=\"width:404px;height:268px\" srcset=\"https:\/\/xapbm7c37i.cloudimg.io\/https:\/\/sherpas.com\/blog\/content\/uploads\/2023\/06\/base-navale-Ferrol.jpg?q=85&amp;force_format=webp&amp;org_if_sml=1&amp;w=1200 1200w, https:\/\/xapbm7c37i.cloudimg.io\/https:\/\/sherpas.com\/blog\/content\/uploads\/2023\/06\/base-navale-Ferrol.jpg?q=85&amp;force_format=webp&amp;org_if_sml=1&amp;w=300 300w, https:\/\/xapbm7c37i.cloudimg.io\/https:\/\/sherpas.com\/blog\/content\/uploads\/2023\/06\/base-navale-Ferrol.jpg?q=85&amp;force_format=webp&amp;org_if_sml=1&amp;w=1024 1024w, https:\/\/xapbm7c37i.cloudimg.io\/https:\/\/sherpas.com\/blog\/content\/uploads\/2023\/06\/base-navale-Ferrol.jpg?q=85&amp;force_format=webp&amp;org_if_sml=1&amp;w=768 768w, https:\/\/xapbm7c37i.cloudimg.io\/https:\/\/sherpas.com\/blog\/content\/uploads\/2023\/06\/base-navale-Ferrol.jpg?q=85&amp;force_format=webp&amp;org_if_sml=1&amp;w=188 188w, https:\/\/xapbm7c37i.cloudimg.io\/https:\/\/sherpas.com\/blog\/content\/uploads\/2023\/06\/base-navale-Ferrol.jpg?q=85&amp;force_format=webp&amp;org_if_sml=1&amp;w=396 396w, https:\/\/xapbm7c37i.cloudimg.io\/https:\/\/sherpas.com\/blog\/content\/uploads\/2023\/06\/base-navale-Ferrol.jpg?q=85&amp;force_format=webp&amp;org_if_sml=1&amp;w=288 288w, https:\/\/xapbm7c37i.cloudimg.io\/https:\/\/sherpas.com\/blog\/content\/uploads\/2023\/06\/base-navale-Ferrol.jpg?q=85&amp;force_format=webp&amp;org_if_sml=1&amp;w=559 559w, https:\/\/xapbm7c37i.cloudimg.io\/https:\/\/sherpas.com\/blog\/content\/uploads\/2023\/06\/base-navale-Ferrol.jpg?q=85&amp;force_format=webp&amp;org_if_sml=1&amp;w=265 265w, https:\/\/xapbm7c37i.cloudimg.io\/https:\/\/sherpas.com\/blog\/content\/uploads\/2023\/06\/base-navale-Ferrol.jpg?q=85&amp;force_format=webp&amp;org_if_sml=1&amp;w=60 60w, https:\/\/xapbm7c37i.cloudimg.io\/https:\/\/sherpas.com\/blog\/content\/uploads\/2023\/06\/base-navale-Ferrol.jpg?q=85&amp;force_format=webp&amp;org_if_sml=1&amp;w=378 378w\" sizes=\"(max-width: 1200px) 100vw, 1200px\" \/><\/figure>\n<\/div>\n\n\n<p>L\u2019endroit \u00e9tait notamment habit\u00e9 par <strong>des officiers, des marins et leurs proches<\/strong>, qui vivaient isol\u00e9s. Autant te dire que tu faisais vite le tour des professions et que tu avais des chances de terminer militaire \u00e0 ton tour. \ud83d\ude10<\/p>\n\n\n\n<p>D\u2019autant que Franco \u00e9tait<strong> le fils d\u2019une lign\u00e9e de six g\u00e9n\u00e9rations de marins<\/strong> (quand m\u00eame ! \ud83d\ude32), dont quatre n\u00e9s \u00e0 Ferrol m\u00eame. Chez lui, on n\u2019avait qu\u2019une conception de l\u2019avenir des hommes : ils devaient mettre leur vie au service du drapeau. Grosse ouverture d\u2019esprit.<\/p>\n\n\n<div class=\"wp-block-image\">\n<figure class=\"aligncenter size-large is-resized\"><img decoding=\"async\" src=\"https:\/\/media.giphy.com\/media\/MCFynTlu6ZXEGrk31A\/giphy.gif\" alt=\"Un soldat est fier de ses m\u00e9dailles.\" style=\"width:334px;height:334px\"\/><\/figure>\n<\/div>\n\n\n<p>Son enfance s&rsquo;est d\u00e9roul\u00e9e dans le contexte du d\u00e9clin de la ville, suite \u00e0 la perte de <a href=\"https:\/\/sherpas.com\/blog\/crise-de-cuba\/\" data-type=\"post\" data-id=\"190076\">Cuba<\/a> lors de <strong>la guerre hispano-am\u00e9ricaine de 1898<\/strong>. La d\u00e9faite a provoqu\u00e9 une rupture entre la soci\u00e9t\u00e9 militaire et civile, entra\u00eenant un ressentiment mutuel\u2026<\/p>\n\n\n<section class=\"you-know\">\n                <div class=\"you-know__title\"><p>\u21aa\ufe0f Rappel<\/p>\n<\/div>\n                        <div class=\"you-know__text\">\n            <p>Cette guerre s&rsquo;est termin\u00e9e par la victoire des <a href=\"https:\/\/sherpas.com\/blog\/elections-etats-unis\/\">\u00c9tats-Unis<\/a>. Les forces am\u00e9ricaines ont remport\u00e9 plusieurs batailles navales et terrestres contre<strong> l&rsquo;Espagne qui a finalement capitul\u00e9<\/strong>. Cette d\u00e9faite a entra\u00een\u00e9 la perte de la plupart des colonies espagnoles en Am\u00e9rique et en Asie.<\/p>\n\n        <\/div>\n              <\/section>\n\n\n\n<p>\ud83d\udc49 Parmi les militaires, on consid\u00e9rait que la flotte espagnole avait fait preuve d\u2019une r\u00e9sistance h\u00e9ro\u00efque et que leur d\u00e9faite avait \u00e9t\u00e9<strong> le r\u00e9sultat de l&rsquo;incomp\u00e9tence de politiciens corrompus<\/strong>. Bref, on avait d\u00e9j\u00e0 envie d\u2019en d\u00e9coudre.<\/p>\n\n\n<section class=\"you-know\">\n                <div class=\"you-know__title\"><p>\u21aa\ufe0f Pourquoi est-ce essentiel ?<\/p>\n<\/div>\n                        <div class=\"you-know__text\">\n            <p>Cette exp\u00e9rience a conduit Franco \u00e0 <strong>adh\u00e9rer au r\u00e9g\u00e9n\u00e9rationnisme<\/strong>, un mouvement intellectuel qui pr\u00f4ne les grosses r\u00e9formes et r\u00e9fl\u00e9chit aux causes de la d\u00e9cadence de l&rsquo;Espagne en tant que nation.<\/p>\n\n        <\/div>\n              <\/section>\n\n\n<section class=\"relance\">\n        <div >\n                            <a target=\"_blank\" href=\"https:\/\/sherpas.com\/cours\/histoire\">\n                    <div class=\"relance__container\"\n                        >\n                        \n                                                        <picture>\n                            <source srcset=\"https:\/\/sherpas.com\/content\/uploads\/2023\/06\/cours-particulier.jpg\" media=\"(min-width: 999px)\">\n                            <source srcset=\"https:\/\/sherpas.com\/content\/uploads\/2023\/06\/cours-particulier.jpg\" media=\"(max-width: 999px)\">\n                                <img decoding=\"async\"\n                                    src=\"https:\/\/sherpas.com\/content\/uploads\/2023\/06\/cours-particulier.jpg\"\n                                    alt=\"Cours particulier\"\n                                >\n                            <\/picture>\n                                                <div class=\"relance__content\">\n                            \n                                <div class=\"relance__title\"> <p>Tu gal\u00e8res en histoire ? Prends des cours avec un Sherpa !<\/p>\n<\/div>\n                                                        <button type=\"button\"\n                                    class=\"relance__button btn btn-white\">\n                                Trouve ton prof particulier !\n                            <\/button>\n                        <\/div>\n                    <\/div>\n                <\/a>\n                    <\/div>\n    <\/section>\n\n    \n\n\n<p>Bien s\u00fbr, impossible de parler de Franco sans \u00e9voquer ses proches. Durant sa jeunesse, le dictateur a \u00e9t\u00e9 expos\u00e9 \u00e0 <strong>deux mod\u00e8les parentals contradictoires <\/strong>: son p\u00e8re, un libre-penseur impie et d\u00e9bauch\u00e9, et sa m\u00e8re, une femme courageuse, g\u00e9n\u00e9reuse et pieuse.<\/p>\n\n\n\n<p><\/p>\n\n\n\n<table id=\"tablepress-1632\" class=\"tablepress tablepress-id-1632\">\n<thead>\n<tr class=\"row-1\">\n\t<th class=\"column-1\">Nom du parent<\/th><th class=\"column-2\">Description<\/th>\n<\/tr>\n<\/thead>\n<tbody class=\"row-striping row-hover\">\n<tr class=\"row-2\">\n\t<td class=\"column-1\">Nicol\u00e1s Franco y Salgado-Ara\u00fajo<\/td><td class=\"column-2\">Un capitaine de marine qui a adopt\u00e9 les habitudes des officiers des colonies, avec un mode de vie libertin et festif.<\/td>\n<\/tr>\n<tr class=\"row-3\">\n\t<td class=\"column-1\">Mar\u00eda del Pilar Bahamonde y Pardo de Andrade<\/td><td class=\"column-2\">Issue d'une famille au service de la marine, elle \u00e9tait religieuse et respectueuse des conventions de la bourgeoisie provinciale.<\/td>\n<\/tr>\n<\/tbody>\n<\/table>\n<!-- #tablepress-1632 from cache -->\n\n\n\n<p>M\u00eame les caract\u00e8res de ses parents s\u2019opposaient, tu imagines l\u2019ambiance \u00e0 la maison ?! Le comportement de son p\u00e8re, autoritaire et parfois violent, <strong>a eu un impact n\u00e9gatif sur Franco et ses fr\u00e8res<\/strong>. Quand le fils est devenu dictateur, il a d\u00e9finitivement rompu le contact avec son p\u00e8re\u2026<\/p>\n\n\n<div class=\"wp-block-image\">\n<figure class=\"aligncenter size-large is-resized\"><img decoding=\"async\" width=\"883\" height=\"1200\" src=\"https:\/\/sherpas.com\/blog\/content\/uploads\/2023\/06\/franco-1.jpg?func=bound&amp;w=883&amp;h=1024\" alt=\"Un portrait de Franco adulte.\" class=\"wp-image-259895\" style=\"width:249px;height:339px\" srcset=\"https:\/\/xapbm7c37i.cloudimg.io\/https:\/\/sherpas.com\/blog\/content\/uploads\/2023\/06\/franco-1.jpg?q=85&amp;force_format=webp&amp;org_if_sml=1&amp;w=883 883w, https:\/\/xapbm7c37i.cloudimg.io\/https:\/\/sherpas.com\/blog\/content\/uploads\/2023\/06\/franco-1.jpg?q=85&amp;force_format=webp&amp;org_if_sml=1&amp;w=221 221w, https:\/\/xapbm7c37i.cloudimg.io\/https:\/\/sherpas.com\/blog\/content\/uploads\/2023\/06\/franco-1.jpg?q=85&amp;force_format=webp&amp;org_if_sml=1&amp;w=753 753w, https:\/\/xapbm7c37i.cloudimg.io\/https:\/\/sherpas.com\/blog\/content\/uploads\/2023\/06\/franco-1.jpg?q=85&amp;force_format=webp&amp;org_if_sml=1&amp;w=768 768w, https:\/\/xapbm7c37i.cloudimg.io\/https:\/\/sherpas.com\/blog\/content\/uploads\/2023\/06\/franco-1.jpg?q=85&amp;force_format=webp&amp;org_if_sml=1&amp;w=92 92w, https:\/\/xapbm7c37i.cloudimg.io\/https:\/\/sherpas.com\/blog\/content\/uploads\/2023\/06\/franco-1.jpg?q=85&amp;force_format=webp&amp;org_if_sml=1&amp;w=200 200w, https:\/\/xapbm7c37i.cloudimg.io\/https:\/\/sherpas.com\/blog\/content\/uploads\/2023\/06\/franco-1.jpg?q=85&amp;force_format=webp&amp;org_if_sml=1&amp;w=288 288w, https:\/\/xapbm7c37i.cloudimg.io\/https:\/\/sherpas.com\/blog\/content\/uploads\/2023\/06\/franco-1.jpg?q=85&amp;force_format=webp&amp;org_if_sml=1&amp;w=273 273w, https:\/\/xapbm7c37i.cloudimg.io\/https:\/\/sherpas.com\/blog\/content\/uploads\/2023\/06\/franco-1.jpg?q=85&amp;force_format=webp&amp;org_if_sml=1&amp;w=265 265w, https:\/\/xapbm7c37i.cloudimg.io\/https:\/\/sherpas.com\/blog\/content\/uploads\/2023\/06\/franco-1.jpg?q=85&amp;force_format=webp&amp;org_if_sml=1&amp;w=44 44w\" sizes=\"(max-width: 883px) 100vw, 883px\" \/><\/figure>\n<\/div>\n\n\n<p>Avec sa m\u00e8re, c\u2019\u00e9tait l\u2019inverse\u202f! Elle a consacr\u00e9 son temps \u00e0 l&rsquo;<a href=\"https:\/\/sherpas.com\/blog\/comparaison-des-systemes-educatifs-dans-le-monde\/\" data-type=\"post\" data-id=\"226814\">\u00e9ducation<\/a> de ses enfants en essayant de leur inculquer des valeurs comme<strong> l&rsquo;effort, la pers\u00e9v\u00e9rance, la solidarit\u00e9 et le respect de la tradition catholique<\/strong>. Si le dictateur a h\u00e9rit\u00e9 de sa l\u00e9gendaire ma\u00eetrise de soi, il n\u2019a en revanche pas saisi le concept de charit\u00e9 et de pardon. \ud83d\ude2c<\/p>\n\n\n\n<p>N\u00e9anmoins, il a toujours gard\u00e9 un lien avec ses fr\u00e8res et s\u0153urs \ud83d\udc47<\/p>\n\n\n\n<p><\/p>\n\n\n\n<table id=\"tablepress-1633\" class=\"tablepress tablepress-id-1633\">\n<thead>\n<tr class=\"row-1\">\n\t<th class=\"column-1\">Nom<\/th><th class=\"column-2\">Description<\/th>\n<\/tr>\n<\/thead>\n<tbody class=\"row-striping row-hover\">\n<tr class=\"row-2\">\n\t<td class=\"column-1\">Nicol\u00e1s Franco (1891-1977)<\/td><td class=\"column-2\">Le fr\u00e8re a\u00een\u00e9, un ing\u00e9nieur naval et le conseiller de Franco au d\u00e9but de la guerre civile.<\/td>\n<\/tr>\n<tr class=\"row-3\">\n\t<td class=\"column-1\">Mar\u00eda del Pilar Franco (1894-1989)<\/td><td class=\"column-2\">La s\u0153ur et membre de la Phalange espagnole, une organisation politique espagnole nationaliste d'ob\u00e9dience fascisante fond\u00e9e en 1933.<\/td>\n<\/tr>\n<tr class=\"row-4\">\n\t<td class=\"column-1\">Ram\u00f3n Franco (1896-1938)<\/td><td class=\"column-2\">Le fr\u00e8re cadet, un aviateur c\u00e9l\u00e8bre. Malgr\u00e9 ses convictions r\u00e9publicaines, il rallie Franco apr\u00e8s le coup d'\u00c9tat de juillet 1936.<\/td>\n<\/tr>\n<\/tbody>\n<\/table>\n<!-- #tablepress-1633 from cache -->\n\n\n\n<p>\ud83d\udc49 En somme, <strong>la relation complexe des parents de Franco<\/strong> a jou\u00e9 un r\u00f4le important dans son d\u00e9veloppement. Ces influences contradictoires ont fa\u00e7onn\u00e9 non seulement ses valeurs, mais aussi sa conception de la vie bien particuli\u00e8re\u2026 \ud83d\ude13<\/p>\n\n\n<section class=\"read-also\">\n    <p class=\"read-also__title\">\u00c0 lire aussi<\/p>\n            <div class=\"read-also__list\">\n            <p>\ud83d\udca5 Dossier : <a href=\"https:\/\/sherpas.com\/blog\/dictatures-dans-le-monde-actuel\/\">les dictatures dans le monde actuel<\/a> !<\/p>\n\n        <\/div>\n    <\/section>\n\n\n\n<h3 class=\"wp-block-heading\" id=\"formation-et-education\">Formation et \u00e9ducation \ud83d\udcda<\/h3>\n\n\n\n<p>Pendant sa scolarit\u00e9, Franco a \u00e9t\u00e9 victime de moqueries en raison de sa petite taille et de sa voix aigu\u00eb. Il \u00e9tait souvent d\u00e9sign\u00e9 par des surnoms diminutifs comme<strong> <em>cerillo<\/em> (chandelle) et <em>Franquito <\/em>(<em>ito <\/em>= petitesse)<\/strong>. M\u00eame Manuel Aza\u00f1a (un homme d&rsquo;\u00c9tat espagnol) l&rsquo;appelait ainsi dans ses <a href=\"https:\/\/sherpas.com\/blog\/les-memoires-dhadrien\/\" data-type=\"post\" data-id=\"226444\">m\u00e9moires<\/a>, c\u2019est pour te dire\u2026<\/p>\n\n\n<div class=\"wp-block-image\">\n<figure class=\"aligncenter size-large is-resized\"><img decoding=\"async\" src=\"https:\/\/media.giphy.com\/media\/QW9DYS2fsdORhO9Phu\/giphy.gif\" alt=\"Une femme pense que Franco \u00e9tait petit.\" style=\"width:444px;height:250px\"\/><\/figure>\n<\/div>\n\n\n<p>Malgr\u00e9 les ressources limit\u00e9es de leurs parents, les trois fr\u00e8res ont re\u00e7u la meilleure \u00e9ducation priv\u00e9e disponible \u00e0 Ferrol au coll\u00e8ge du Sacr\u00e9-C\u0153ur. Franco ne s&rsquo;est jamais distingu\u00e9 par des talents exceptionnels, c\u2019\u00e9tait un \u00e9l\u00e8ve ordinaire. Ses professeurs avaient seulement remarqu\u00e9 <strong>qu\u2019il restait seul dans son coin et qu\u2019il \u00e9tait ambitieux<\/strong>. \ud83e\udd14<\/p>\n\n\n<section class=\"citation\">\n        <q class=\"citation__text\"><p>Un travailleur infatigable, <span style=\"color: #33cccc\">d\u2019un caract\u00e8re tr\u00e8s \u00e9quilibr\u00e9<\/span>, qui dessinait bien.<\/p>\n<\/q>\n\n                    <div class=\"citation__infos  citation__infos--full \">\n                                    <p class=\"citation__infos-name\">Le directeur de l\u2019\u00e9cole<\/p>\n                                                    <p class=\"citation__infos-job\">Interrog\u00e9 vers 1930<\/p>\n                            <\/div>\n            <\/section>\n\n\n\n<p>Est-ce qu\u2019il s\u2019est d\u00e9marqu\u00e9 plus tard ? Voyons \u00e7a ! Petit bond en avant, Franco a 12 ans. <strong>Il est inscrit \u00e0 l&rsquo;\u00e9cole navale pr\u00e9paratoire de Ferrol <\/strong>o\u00f9 il rejoint son fr\u00e8re Nicol\u00e1s et son cousin Pac\u00f3n. L\u2019institution est dirig\u00e9e par un capitaine de corvette (un petit navire d&rsquo;escorte) dans laquelle Franco se distingue en math\u00e9matiques et gr\u00e2ce \u00e0 son excellente m\u00e9moire. \ud83d\udcad<\/p>\n\n\n\n<p>\ud83d\udc49 O\u00f9 est le hic ? Alors qu&rsquo;il attendait sa convocation pour le concours d&rsquo;entr\u00e9e \u00e0 l&rsquo;Acad\u00e9mie navale, <strong>elle a \u00e9t\u00e9 ferm\u00e9e de mani\u00e8re inattendue en 1907<\/strong>. Retournement de situation qui a pouss\u00e9 l\u2019adolescent \u00e0 se rendre \u00e0 l&rsquo;Acad\u00e9mie d&rsquo;infanterie de Tol\u00e8de.<\/p>\n\n\n<div class=\"wp-block-image\">\n<figure class=\"aligncenter size-full is-resized\"><img decoding=\"async\" width=\"778\" height=\"1024\" src=\"https:\/\/sherpas.com\/blog\/content\/uploads\/2023\/06\/franco-meme-1.jpg\" alt=\"L'arriv\u00e9e impr\u00e9vue de Franco \u00e0 l'Acad\u00e9mie d'infanterie.\" class=\"wp-image-259901\" style=\"width:370px;height:487px\" srcset=\"https:\/\/xapbm7c37i.cloudimg.io\/https:\/\/sherpas.com\/blog\/content\/uploads\/2023\/06\/franco-meme-1.jpg?q=85&amp;force_format=webp&amp;org_if_sml=1&amp;w=778 778w, https:\/\/xapbm7c37i.cloudimg.io\/https:\/\/sherpas.com\/blog\/content\/uploads\/2023\/06\/franco-meme-1.jpg?q=85&amp;force_format=webp&amp;org_if_sml=1&amp;w=228 228w, https:\/\/xapbm7c37i.cloudimg.io\/https:\/\/sherpas.com\/blog\/content\/uploads\/2023\/06\/franco-meme-1.jpg?q=85&amp;force_format=webp&amp;org_if_sml=1&amp;w=768 768w, https:\/\/xapbm7c37i.cloudimg.io\/https:\/\/sherpas.com\/blog\/content\/uploads\/2023\/06\/franco-meme-1.jpg?q=85&amp;force_format=webp&amp;org_if_sml=1&amp;w=95 95w, https:\/\/xapbm7c37i.cloudimg.io\/https:\/\/sherpas.com\/blog\/content\/uploads\/2023\/06\/franco-meme-1.jpg?q=85&amp;force_format=webp&amp;org_if_sml=1&amp;w=207 207w, https:\/\/xapbm7c37i.cloudimg.io\/https:\/\/sherpas.com\/blog\/content\/uploads\/2023\/06\/franco-meme-1.jpg?q=85&amp;force_format=webp&amp;org_if_sml=1&amp;w=288 288w, https:\/\/xapbm7c37i.cloudimg.io\/https:\/\/sherpas.com\/blog\/content\/uploads\/2023\/06\/franco-meme-1.jpg?q=85&amp;force_format=webp&amp;org_if_sml=1&amp;w=282 282w, https:\/\/xapbm7c37i.cloudimg.io\/https:\/\/sherpas.com\/blog\/content\/uploads\/2023\/06\/franco-meme-1.jpg?q=85&amp;force_format=webp&amp;org_if_sml=1&amp;w=265 265w, https:\/\/xapbm7c37i.cloudimg.io\/https:\/\/sherpas.com\/blog\/content\/uploads\/2023\/06\/franco-meme-1.jpg?q=85&amp;force_format=webp&amp;org_if_sml=1&amp;w=46 46w\" sizes=\"(max-width: 778px) 100vw, 778px\" \/><\/figure>\n<\/div>\n\n\n<p>\u00c0 partir de ce moment-l\u00e0, son p\u00e8re quitte le foyer conjugal et <strong>l&rsquo;arm\u00e9e devient une sorte de seconde famille<\/strong> pour le jeune Francisco. Enfin\u2026 le dictateur gardera tout de m\u00eame un souvenir amer de la fameuse phase de bizutage des recrues.<\/p>\n\n\n<div class=\"wp-block-image\">\n<figure class=\"aligncenter size-full is-resized\"><img decoding=\"async\" width=\"814\" height=\"924\" src=\"https:\/\/sherpas.com\/blog\/content\/uploads\/2023\/06\/franco-jeune-1.jpg\" alt=\"Un portrait de Franco en 1910.\" class=\"wp-image-259899\" style=\"width:296px;height:336px\" srcset=\"https:\/\/xapbm7c37i.cloudimg.io\/https:\/\/sherpas.com\/blog\/content\/uploads\/2023\/06\/franco-jeune-1.jpg?q=85&amp;force_format=webp&amp;org_if_sml=1&amp;w=814 814w, https:\/\/xapbm7c37i.cloudimg.io\/https:\/\/sherpas.com\/blog\/content\/uploads\/2023\/06\/franco-jeune-1.jpg?q=85&amp;force_format=webp&amp;org_if_sml=1&amp;w=264 264w, https:\/\/xapbm7c37i.cloudimg.io\/https:\/\/sherpas.com\/blog\/content\/uploads\/2023\/06\/franco-jeune-1.jpg?q=85&amp;force_format=webp&amp;org_if_sml=1&amp;w=768 768w, https:\/\/xapbm7c37i.cloudimg.io\/https:\/\/sherpas.com\/blog\/content\/uploads\/2023\/06\/franco-jeune-1.jpg?q=85&amp;force_format=webp&amp;org_if_sml=1&amp;w=110 110w, https:\/\/xapbm7c37i.cloudimg.io\/https:\/\/sherpas.com\/blog\/content\/uploads\/2023\/06\/franco-jeune-1.jpg?q=85&amp;force_format=webp&amp;org_if_sml=1&amp;w=240 240w, https:\/\/xapbm7c37i.cloudimg.io\/https:\/\/sherpas.com\/blog\/content\/uploads\/2023\/06\/franco-jeune-1.jpg?q=85&amp;force_format=webp&amp;org_if_sml=1&amp;w=288 288w, https:\/\/xapbm7c37i.cloudimg.io\/https:\/\/sherpas.com\/blog\/content\/uploads\/2023\/06\/franco-jeune-1.jpg?q=85&amp;force_format=webp&amp;org_if_sml=1&amp;w=327 327w, https:\/\/xapbm7c37i.cloudimg.io\/https:\/\/sherpas.com\/blog\/content\/uploads\/2023\/06\/franco-jeune-1.jpg?q=85&amp;force_format=webp&amp;org_if_sml=1&amp;w=265 265w, https:\/\/xapbm7c37i.cloudimg.io\/https:\/\/sherpas.com\/blog\/content\/uploads\/2023\/06\/franco-jeune-1.jpg?q=85&amp;force_format=webp&amp;org_if_sml=1&amp;w=53 53w\" sizes=\"(max-width: 814px) 100vw, 814px\" \/><figcaption class=\"wp-element-caption\"><em>Franco en 1910.<\/em><\/figcaption><\/figure>\n<\/div>\n\n\n<p>En juillet 1910, c\u2019est la remise des <a href=\"https:\/\/sherpas.com\/blog\/planning-revisions-brevet-des-colleges\/\" data-type=\"post\" data-id=\"198024\">brevets\u202f<\/a>! Sur les 312 cadets de sa promotion, <strong>Franco se classe 251e<\/strong>. Cette c\u00e9r\u00e9monie a marqu\u00e9 la fin d\u2019une p\u00e9riode de d\u00e9fis et de brimades qui ont pr\u00e9par\u00e9 le dictateur \u00e0 sa future carri\u00e8re militaire. Affaire \u00e0 suivre\u2026 \ud83d\udc47<\/p>\n\n\n<section class=\"read-also\">\n    <p class=\"read-also__title\">\u00c0 lire aussi<\/p>\n            <div class=\"read-also__list\">\n            <p>Pour tout savoir sur l&rsquo;Union sovi\u00e9tique, lis le <a href=\"https:\/\/sherpas.com\/blog\/staline-portrait\/\">portrait de Staline<\/a> !<\/p>\n\n        <\/div>\n    <\/section>\n\n\n\n<h3 class=\"wp-block-heading\" id=\"les-debuts-dune-carriere-militaire\">Les d\u00e9buts d\u2019une carri\u00e8re militaire \u2694\ufe0f<\/h3>\n\n\n\n<p>L&rsquo;exp\u00e9rience de Franco au <a href=\"https:\/\/sherpas.com\/blog\/lifestyle\/loisirs-et-bons-plans\/\" data-type=\"post\" data-id=\"189285\">Maroc<\/a> a \u00e9t\u00e9 tr\u00e8s importante pour le lancement de sa carri\u00e8re militaire. En tant que jeune officier, il a particip\u00e9 \u00e0 <strong>la bataille d&rsquo;Anoual en 1921<\/strong> qui a eu des cons\u00e9quences importantes. La d\u00e9faite espagnole a entra\u00een\u00e9 une crise politique en Espagne et a remis en question les politiques coloniales.<\/p>\n\n\n<section class=\"you-know\">\n                <div class=\"you-know__title\"><p>\u21aa\ufe0f Les opposants<\/p>\n<\/div>\n                        <div class=\"you-know__text\">\n            <ul>\n<li>D\u2019un c\u00f4t\u00e9, tu as les forces espagnoles.<\/li>\n<li>De l\u2019autre, tu as les tribus rifaines dirig\u00e9es par Abd el-Krim.<\/li>\n<\/ul>\n\n        <\/div>\n              <\/section>\n\n\n\n<p><strong>Rappel :<\/strong> les Rifains sont une<strong> <\/strong>ethnie berb\u00e8re du nord du Maroc. Ils peuplent principalement les plaines situ\u00e9es pr\u00e8s des montagnes du Rif.<\/p>\n\n\n\n<p>\ud83d\udc49 Cependant, Franco s\u2019est distingu\u00e9 <strong>par son leadership et sa bravoure<\/strong> durant cette bataille. C\u2019est ce qui lui a valu une certaine reconnaissance et a renforc\u00e9 sa r\u00e9putation !<\/p>\n\n\n\n<p>Suite \u00e0 cela, il a jou\u00e9 un r\u00f4le crucial dans<strong> la cr\u00e9ation de la L\u00e9gion espagnole <\/strong>(aussi appel\u00e9e <em>Legi\u00f3n Espa\u00f1ola ou Tercio de Extranjeros<\/em>). Dans les ann\u00e9es 1920, l&rsquo;Espagne cherchait \u00e0 se doter d&rsquo;une force militaire d&rsquo;\u00e9lite. Qui on a appel\u00e9 pour pallier ce probl\u00e8me ? Franco ! \ud83d\ude2b<\/p>\n\n\n<div class=\"wp-block-image\">\n<figure class=\"aligncenter size-large is-resized\"><img decoding=\"async\" src=\"https:\/\/media.giphy.com\/media\/Q8s9G6rYJhhwTTqyKW\/giphy.gif\" alt=\"Une femme entre dans la place.\" style=\"width:504px;height:283px\"\/><\/figure>\n<\/div>\n\n\n<p>Il a \u00e9t\u00e9 charg\u00e9 de l&rsquo;organisation et de la formation de cette nouvelle unit\u00e9, aussi connue sous le nom de <em>Tercio de Extranjeros<\/em>. La l\u00e9gion \u00e9tait compos\u00e9e de volontaires \u00e9trangers et espagnols et <strong>Franco a veill\u00e9 \u00e0 la diriger d\u2019une main de fer<\/strong>. \u00c0 tel point qu\u2019elle est rapidement devenue un symbole de l&rsquo;Espagne nationaliste\u2026 \ud83e\udee0<\/p>\n\n\n<section class=\"you-know\">\n                <div class=\"you-know__title\"><p>\u21aa\ufe0f Qu\u2019ont permis ces \u00e9v\u00e9nements ?<\/p>\n<\/div>\n                        <div class=\"you-know__text\">\n            <ul>\n<li>Ils lui ont permis de forger sa r\u00e9putation en tant que chef militaire.<\/li>\n<li>Ils lui ont fait acqu\u00e9rir des comp\u00e9tences en strat\u00e9gie.<\/li>\n<\/ul>\n\n        <\/div>\n              <\/section>\n\n\n\n<p>\ud83d\udc49 Entre autres, ces nouvelles aptitudes lui ont \u00e9t\u00e9 utiles lors d\u2019un conflit bien particulier et dans l&rsquo;exercice du pouvoir. Mais \u00e7a, tu le verras juste apr\u00e8s !<\/p>\n\n\n<section class=\"push \">\n        <div >\n            \n                                                <div class=\"push__container  qcd\" data-target=\"_self\" data-qcd=\"aHR0cHM6Ly9zaGVycGFzLmNvbS9mdW5uZWwtc3R1ZGVudC1xdWFsaWZpY2F0aW9u\" data-banner=\"2\" data-name=\"CPM1 Histoire g\u00e9ographie\" style=\"background-color: #F3FBF7\" >\n                                                                        <div class=\"push__teachers\">\n    <div class=\"d-flex justify-content-center d-md-none\">\n        <img decoding=\"async\" class=\"push__logo\" src=\"\/content\/themes\/sherpas-theme\/dist\/images\/logo.svg\" alt=\"Logo Sherpas\">\n    <\/div>\n    <div class=\"swiper\">\n        <div class=\"swiper-wrapper\">\n                                            <div class=\"swiper-slide\">\n                    <div class=\"push__teachers-card\">\n                        <div\n                            class=\"push__teachers-profil\"\n                            \n                            style=\"background-image: url(https:\/\/sherpas.com\/content\/uploads\/2022\/01\/Sophie2x.png);\"\n                        >\n                    <\/div>\n                         <p class=\"push__teachers-name\">Sophie<\/p>                          <p class=\"push__teachers-school\">Sciences Po Bordeaux<\/p>                                                     <div class=\"push__teachers-note\">\n                                                                    <svg  class=\"active\" >\n                                        <use\n                                            xlink:href=\"\/content\/themes\/sherpas-theme\/dist\/images\/sprite.svg#star\"\/>\n                                    <\/svg>\n                                                                    <svg  class=\"active\" >\n                                        <use\n                                            xlink:href=\"\/content\/themes\/sherpas-theme\/dist\/images\/sprite.svg#star\"\/>\n                                    <\/svg>\n                                                                    <svg  class=\"active\" >\n                                        <use\n                                            xlink:href=\"\/content\/themes\/sherpas-theme\/dist\/images\/sprite.svg#star\"\/>\n                                    <\/svg>\n                                                                    <svg  class=\"active\" >\n                                        <use\n                                            xlink:href=\"\/content\/themes\/sherpas-theme\/dist\/images\/sprite.svg#star\"\/>\n                                    <\/svg>\n                                                                    <svg >\n                                        <use\n                                            xlink:href=\"\/content\/themes\/sherpas-theme\/dist\/images\/sprite.svg#star\"\/>\n                                    <\/svg>\n                                                            <\/div>\n                                                 <p class=\"push__teachers-price\">12\u20ac\/h<\/p>                     <\/div>\n                <\/div>\n                                            <div class=\"swiper-slide\">\n                    <div class=\"push__teachers-card\">\n                        <div\n                            class=\"push__teachers-profil\"\n                            \n                            style=\"background-image: url(https:\/\/sherpas.com\/content\/uploads\/2022\/01\/Cle\u0301mence2x.png);\"\n                        >\n                    <\/div>\n                         <p class=\"push__teachers-name\">Cl\u00e9mence<\/p>                          <p class=\"push__teachers-school\">HEC Paris<\/p>                                                     <div class=\"push__teachers-note\">\n                                                                    <svg  class=\"active\" >\n                                        <use\n                                            xlink:href=\"\/content\/themes\/sherpas-theme\/dist\/images\/sprite.svg#star\"\/>\n                                    <\/svg>\n                                                                    <svg  class=\"active\" >\n                                        <use\n                                            xlink:href=\"\/content\/themes\/sherpas-theme\/dist\/images\/sprite.svg#star\"\/>\n                                    <\/svg>\n                                                                    <svg  class=\"active\" >\n                                        <use\n                                            xlink:href=\"\/content\/themes\/sherpas-theme\/dist\/images\/sprite.svg#star\"\/>\n                                    <\/svg>\n                                                                    <svg  class=\"active\" >\n                                        <use\n                                            xlink:href=\"\/content\/themes\/sherpas-theme\/dist\/images\/sprite.svg#star\"\/>\n                                    <\/svg>\n                                                                    <svg  class=\"active\" >\n                                        <use\n                                            xlink:href=\"\/content\/themes\/sherpas-theme\/dist\/images\/sprite.svg#star\"\/>\n                                    <\/svg>\n                                                            <\/div>\n                                                 <p class=\"push__teachers-price\">21\u20ac\/h\/h<\/p>                     <\/div>\n                <\/div>\n                                            <div class=\"swiper-slide\">\n                    <div class=\"push__teachers-card\">\n                        <div\n                            class=\"push__teachers-profil\"\n                            \n                            style=\"background-image: url(https:\/\/sherpas.com\/content\/uploads\/2022\/01\/Antoine2x.png);\"\n                        >\n                    <\/div>\n                         <p class=\"push__teachers-name\">Antoine<\/p>                          <p class=\"push__teachers-school\">Sciences Po Paris<\/p>                                                     <div class=\"push__teachers-note\">\n                                                                    <svg  class=\"active\" >\n                                        <use\n                                            xlink:href=\"\/content\/themes\/sherpas-theme\/dist\/images\/sprite.svg#star\"\/>\n                                    <\/svg>\n                                                                    <svg  class=\"active\" >\n                                        <use\n                                            xlink:href=\"\/content\/themes\/sherpas-theme\/dist\/images\/sprite.svg#star\"\/>\n                                    <\/svg>\n                                                                    <svg  class=\"active\" >\n                                        <use\n                                            xlink:href=\"\/content\/themes\/sherpas-theme\/dist\/images\/sprite.svg#star\"\/>\n                                    <\/svg>\n                                                                    <svg  class=\"active\" >\n                                        <use\n                                            xlink:href=\"\/content\/themes\/sherpas-theme\/dist\/images\/sprite.svg#star\"\/>\n                                    <\/svg>\n                                                                    <svg  class=\"active\" >\n                                        <use\n                                            xlink:href=\"\/content\/themes\/sherpas-theme\/dist\/images\/sprite.svg#star\"\/>\n                                    <\/svg>\n                                                            <\/div>\n                                                 <p class=\"push__teachers-price\">18\u20ac\/h\/h<\/p>                     <\/div>\n                <\/div>\n                                            <div class=\"swiper-slide\">\n                    <div class=\"push__teachers-card\">\n                        <div\n                            class=\"push__teachers-profil\"\n                            \n                            style=\"background-image: url(https:\/\/sherpas.com\/content\/uploads\/2022\/01\/Agathe2x.png);\"\n                        >\n                    <\/div>\n                         <p class=\"push__teachers-name\">Agathe<\/p>                          <p class=\"push__teachers-school\">ENS Lyon<\/p>                                                     <div class=\"push__teachers-note\">\n                                                                    <svg  class=\"active\" >\n                                        <use\n                                            xlink:href=\"\/content\/themes\/sherpas-theme\/dist\/images\/sprite.svg#star\"\/>\n                                    <\/svg>\n                                                                    <svg  class=\"active\" >\n                                        <use\n                                            xlink:href=\"\/content\/themes\/sherpas-theme\/dist\/images\/sprite.svg#star\"\/>\n                                    <\/svg>\n                                                                    <svg  class=\"active\" >\n                                        <use\n                                            xlink:href=\"\/content\/themes\/sherpas-theme\/dist\/images\/sprite.svg#star\"\/>\n                                    <\/svg>\n                                                                    <svg  class=\"active\" >\n                                        <use\n                                            xlink:href=\"\/content\/themes\/sherpas-theme\/dist\/images\/sprite.svg#star\"\/>\n                                    <\/svg>\n                                                                    <svg  class=\"active\" >\n                                        <use\n                                            xlink:href=\"\/content\/themes\/sherpas-theme\/dist\/images\/sprite.svg#star\"\/>\n                                    <\/svg>\n                                                            <\/div>\n                                                 <p class=\"push__teachers-price\">19\u20ac\/h<\/p>                     <\/div>\n                <\/div>\n                                            <div class=\"swiper-slide\">\n                    <div class=\"push__teachers-card\">\n                        <div\n                            class=\"push__teachers-profil\"\n                            \n                            style=\"background-image: url(https:\/\/sherpas.com\/content\/uploads\/2022\/01\/Olivier2x.png);\"\n                        >\n                    <\/div>\n                         <p class=\"push__teachers-name\">Olivier<\/p>                          <p class=\"push__teachers-school\">La Sorbonne<\/p>                                                     <div class=\"push__teachers-note\">\n                                                                    <svg  class=\"active\" >\n                                        <use\n                                            xlink:href=\"\/content\/themes\/sherpas-theme\/dist\/images\/sprite.svg#star\"\/>\n                                    <\/svg>\n                                                                    <svg  class=\"active\" >\n                                        <use\n                                            xlink:href=\"\/content\/themes\/sherpas-theme\/dist\/images\/sprite.svg#star\"\/>\n                                    <\/svg>\n                                                                    <svg  class=\"active\" >\n                                        <use\n                                            xlink:href=\"\/content\/themes\/sherpas-theme\/dist\/images\/sprite.svg#star\"\/>\n                                    <\/svg>\n                                                                    <svg  class=\"active\" >\n                                        <use\n                                            xlink:href=\"\/content\/themes\/sherpas-theme\/dist\/images\/sprite.svg#star\"\/>\n                                    <\/svg>\n                                                                    <svg >\n                                        <use\n                                            xlink:href=\"\/content\/themes\/sherpas-theme\/dist\/images\/sprite.svg#star\"\/>\n                                    <\/svg>\n                                                            <\/div>\n                                                 <p class=\"push__teachers-price\">13\u20ac\/h<\/p>                     <\/div>\n                <\/div>\n                                            <div class=\"swiper-slide\">\n                    <div class=\"push__teachers-card\">\n                        <div\n                            class=\"push__teachers-profil\"\n                            \n                            style=\"background-image: url(https:\/\/sherpas.com\/content\/uploads\/2022\/01\/Pierre2x.png);\"\n                        >\n                    <\/div>\n                         <p class=\"push__teachers-name\">Pierre<\/p>                          <p class=\"push__teachers-school\">ESSEC<\/p>                                                     <div class=\"push__teachers-note\">\n                                                                    <svg  class=\"active\" >\n                                        <use\n                                            xlink:href=\"\/content\/themes\/sherpas-theme\/dist\/images\/sprite.svg#star\"\/>\n                                    <\/svg>\n                                                                    <svg  class=\"active\" >\n                                        <use\n                                            xlink:href=\"\/content\/themes\/sherpas-theme\/dist\/images\/sprite.svg#star\"\/>\n                                    <\/svg>\n                                                                    <svg  class=\"active\" >\n                                        <use\n                                            xlink:href=\"\/content\/themes\/sherpas-theme\/dist\/images\/sprite.svg#star\"\/>\n                                    <\/svg>\n                                                                    <svg  class=\"active\" >\n                                        <use\n                                            xlink:href=\"\/content\/themes\/sherpas-theme\/dist\/images\/sprite.svg#star\"\/>\n                                    <\/svg>\n                                                                    <svg  class=\"active\" >\n                                        <use\n                                            xlink:href=\"\/content\/themes\/sherpas-theme\/dist\/images\/sprite.svg#star\"\/>\n                                    <\/svg>\n                                                            <\/div>\n                                                 <p class=\"push__teachers-price\">16\u20ac\/h<\/p>                     <\/div>\n                <\/div>\n                                            <div class=\"swiper-slide\">\n                    <div class=\"push__teachers-card\">\n                        <div\n                            class=\"push__teachers-profil\"\n                            \n                            style=\"background-image: url(https:\/\/sherpas.com\/content\/uploads\/2022\/01\/Margot2x.png);\"\n                        >\n                    <\/div>\n                         <p class=\"push__teachers-name\">Margot<\/p>                          <p class=\"push__teachers-school\">Arts et M\u00e9tiers ParisTech<\/p>                                                     <div class=\"push__teachers-note\">\n                                                                    <svg  class=\"active\" >\n                                        <use\n                                            xlink:href=\"\/content\/themes\/sherpas-theme\/dist\/images\/sprite.svg#star\"\/>\n                                    <\/svg>\n                                                                    <svg  class=\"active\" >\n                                        <use\n                                            xlink:href=\"\/content\/themes\/sherpas-theme\/dist\/images\/sprite.svg#star\"\/>\n                                    <\/svg>\n                                                                    <svg  class=\"active\" >\n                                        <use\n                                            xlink:href=\"\/content\/themes\/sherpas-theme\/dist\/images\/sprite.svg#star\"\/>\n                                    <\/svg>\n                                                                    <svg  class=\"active\" >\n                                        <use\n                                            xlink:href=\"\/content\/themes\/sherpas-theme\/dist\/images\/sprite.svg#star\"\/>\n                                    <\/svg>\n                                                                    <svg  class=\"active\" >\n                                        <use\n                                            xlink:href=\"\/content\/themes\/sherpas-theme\/dist\/images\/sprite.svg#star\"\/>\n                                    <\/svg>\n                                                            <\/div>\n                                                 <p class=\"push__teachers-price\">22\u20ac\/h\/h<\/p>                     <\/div>\n                <\/div>\n                    <\/div>\n    <\/div>\n<\/div>\n                                                    <div class=\"push__content\">\n                                                            <div  class=\"d-none d-md-block\" >\n                                    <img decoding=\"async\" class=\"push__logo\" src=\"\/content\/themes\/sherpas-theme\/dist\/images\/logo.svg\"\n                                        alt=\"Logo Sherpas\">\n                                <\/div>\n                                                                                        <div class=\"push__title\"><p>Besoin d&rsquo;un <span style=\"color: #4cc583;\">prof particulier<\/span> d&rsquo;histoire-g\u00e9ographie ? <span role=\"image\" aria-label=\"\u2728\">\u2728<\/span><\/p>\n<\/div>\n                                                                                        <div class=\"push__text\"><p>Nos Sherpas sont l\u00e0 pour t&rsquo;aider \u00e0 progresser et prendre confiance en toi.<\/p>\n<\/div>\n                                                        <div class=\"push__promo-button   \">\n                                                                                                    <div\n                                        class=\"btn btn-primary\"\n                                        style=\"color: ; border-color: ; background-color: \"\n\n                                    >\n                                        PRENDRE UN COURS OFFERT\n                                    <\/div>\n                                                            <\/div>\n                                                    <\/div>\n                                    <\/div>\n                                    <\/div>\n    <\/section>\n\n\n\n<h2 class=\"wp-block-heading\" id=\"la-guerre-civile-espagnole-et-lascension-de-franco-%e2%86%97\">La guerre civile espagnole et l&rsquo;ascension de Franco \u2197\ufe0f<\/h2>\n\n\n\n<h3 class=\"wp-block-heading\" id=\"les-causes-dun-conflit-devastateur\">Les causes d\u2019un conflit d\u00e9vastateur \ud83d\udca5<\/h3>\n\n\n\n<p>Histoire de ne pas te perdre concernant ce <a href=\"https:\/\/sherpas.com\/blog\/conflit-sahara-occidental\/\" data-type=\"post\" data-id=\"252407\">conflit<\/a>, on te r\u00e9sume rapidement <strong>le d\u00e9roul\u00e9 de la guerre d&rsquo;Espagne (1936-1939)<\/strong>. Elle opposait le gouvernement espagnol \u00e0 une insurrection nationaliste dirig\u00e9e par le g\u00e9n\u00e9ral Franco.<\/p>\n\n\n<section class=\"citation\">\n        <q class=\"citation__text\"><p>Dans une guerre civile,<span style=\"color: #0000ff\"> la victoire m\u00eame est une d\u00e9faite.<\/span><\/p>\n<\/q>\n\n                    <div class=\"citation__infos  citation__infos--full \">\n                                    <p class=\"citation__infos-name\">Lucain<\/p>\n                                                    <p class=\"citation__infos-job\">Po\u00e8te latin<\/p>\n                            <\/div>\n            <\/section>\n\n\n\n<p>\ud83d\udc49 Apr\u00e8s avoir subi <strong>la dictature de Miguel Primo de Rivera<\/strong>, l\u2019Espagne a connu l&rsquo;\u00e9tablissement de la Seconde <a href=\"https:\/\/sherpas.com\/blog\/ive-republique\" data-type=\"post\" data-id=\"189540\">R\u00e9publique<\/a> (l\u2019angoisse quand on sait que Franco suit\u2026 \ud83d\ude30). Le pays a \u00e9t\u00e9 confront\u00e9 tout ce temps \u00e0 des divisions politiques, \u00e9conomiques et sociales.<\/p>\n\n\n\n<p>En f\u00e9vrier 1936, <strong>le Front populaire espagnol<\/strong>, une coalition de partis de gauche, a remport\u00e9 les <a href=\"https:\/\/sherpas.com\/blog\/elections-france\/\" data-type=\"post\" data-id=\"209412\">\u00e9lections<\/a>. Cette victoire a entra\u00een\u00e9 la r\u00e9action des militaires soutenus par les monarchistes et l&rsquo;extr\u00eame droite. Comment t\u2019expliquer qu\u2019ils \u00e9taient plus que d\u00e9termin\u00e9s \u00e0 renverser le gouvernement de gauche ! \u270a<\/p>\n\n\n<section class=\"you-know\">\n                <div class=\"you-know__title\"><p>\ud83d\udd11 Les infos cl\u00e9s<\/p>\n<\/div>\n                        <div class=\"you-know__text\">\n            <p>Les 17 et 18 juillet 1936, les g\u00e9n\u00e9raux Mola, Sanjurjo, Goded et Franco, ont lanc\u00e9 une insurrection arm\u00e9e et ont avanc\u00e9 vers Madrid. On voulait prendre le pouvoir !<\/p>\n<p>&nbsp;<\/p>\n<p>La guerre civile espagnole a oppos\u00e9 les nationalistes franquistes et les r\u00e9publicains, compos\u00e9s de diff\u00e9rentes forces politiques allant des socialistes aux communistes.<\/p>\n<p>&nbsp;<\/p>\n<p>Les nationalistes, soutenus par l&rsquo;Allemagne nazie et l&rsquo;Italie fasciste, ont progressivement \u00e9limin\u00e9 la r\u00e9sistance r\u00e9publicaine et pris le contr\u00f4le de portions du territoire espagnol.<\/p>\n\n        <\/div>\n              <\/section>\n\n\n\n<p>Face \u00e0 cette tentative de coup d&rsquo;\u00c9tat, <strong>le gouvernement r\u00e9publicain a d\u00e9cid\u00e9 d&rsquo;armer la population<\/strong>. Des milices se sont form\u00e9es \u00e0 droite \u00e0 gauche (politiquement parlant aussi, hein \ud83d\ude02) et une grande partie de la population a r\u00e9pondu \u00e0 l&rsquo;appel. Bref, c\u2019\u00e9tait le chaos.<\/p>\n\n\n<div class=\"wp-block-image\">\n<figure class=\"aligncenter size-large is-resized\"><img decoding=\"async\" src=\"https:\/\/media.giphy.com\/media\/nrXif9YExO9EI\/giphy.gif\" alt=\"Bob l'\u00e9ponge essaie d'\u00e9teindre des flammes.\" style=\"width:432px;height:325px\"\/><figcaption class=\"wp-element-caption\"><em>C&rsquo;est la panique !!!<\/em><\/figcaption><\/figure>\n<\/div>\n\n\n<p>Des ouvriers arm\u00e9s ont commenc\u00e9 \u00e0 saisir les entreprises et \u00e0 collectiviser les terres, lan\u00e7ant ainsi ce qu&rsquo;on appelle<strong> \u00ab la r\u00e9volution sociale espagnole \u00bb<\/strong>. Ce processus de collectivisation a conduit \u00e0 la redistribution des terres et une prise de contr\u00f4le des moyens de production.<\/p>\n\n\n<section class=\"read-also\">\n    <p class=\"read-also__title\">\u00c0 lire aussi<\/p>\n            <div class=\"read-also__list\">\n            <p>D\u00e9couvre <a href=\"https:\/\/sherpas.com\/blog\/lenine\/\">l&rsquo;histoire de L\u00e9nine<\/a>, le r\u00e9volutionnaire communiste\u200b !<\/p>\n\n        <\/div>\n    <\/section>\n\n\n\n<h3 class=\"wp-block-heading\" id=\"le-role-de-franco-dans-le-soulevement-militaire\">Le r\u00f4le de Franco dans le soul\u00e8vement militaire \ud83c\udf96\ufe0f<\/h3>\n\n\n\n<p>Lors du coup d&rsquo;\u00c9tat de juillet 1936 en Espagne, son r\u00f4le a \u00e9t\u00e9 d\u00e9terminant. On te remet dans le contexte. En tant que g\u00e9n\u00e9ral, <strong>il \u00e9tait l&rsquo;une des principales figures militaires impliqu\u00e9es<\/strong> dans la planification et l&rsquo;ex\u00e9cution du soul\u00e8vement contre le parti r\u00e9publicain. \ud83e\udee1<\/p>\n\n\n<section class=\"you-know\">\n                <div class=\"you-know__title\"><p>\ud83d\udea9 Autre rappel<\/p>\n<\/div>\n                        <div class=\"you-know__text\">\n            <p>Franco avait d\u00e9j\u00e0 une longue carri\u00e8re militaire derri\u00e8re lui et occupait avant le d\u00e9clenchement du renversement le poste de <strong>commandant en chef<\/strong> des forces des \u00eeles Canaries. Autant te dire qu\u2019il \u00e9tait respect\u00e9 parmi les officiers sup\u00e9rieurs de l&rsquo;arm\u00e9e espagnole et qu\u2019il avait des contacts partageant <strong>ses id\u00e9aux nationalistes et anti-r\u00e9publicains<\/strong>.<\/p>\n\n        <\/div>\n              <\/section>\n\n\n\n<p>Lors du coup d&rsquo;\u00c9tat, le g\u00e9n\u00e9ral \u00e9tait \u00e0 Tenerife dans les \u00eeles Canaries. Au d\u00e9but, il a \u00e9t\u00e9 tenu \u00e0 l&rsquo;\u00e9cart des pr\u00e9paratifs avant de recevoir l&rsquo;ordre de <strong>prendre la t\u00eate des rebelles au Maroc<\/strong>, une r\u00e9gion strat\u00e9gique o\u00f9 il avait la cote.<\/p>\n\n\n<div class=\"wp-block-image\">\n<figure class=\"aligncenter size-large is-resized\"><img decoding=\"async\" width=\"1200\" height=\"937\" src=\"https:\/\/sherpas.com\/blog\/content\/uploads\/2023\/06\/franco-dirigeant-1.jpg?func=bound&amp;w=1024&amp;h=937\" alt=\"Franco dirige les forces des rebelles.\" class=\"wp-image-259907\" style=\"width:456px;height:356px\" srcset=\"https:\/\/xapbm7c37i.cloudimg.io\/https:\/\/sherpas.com\/blog\/content\/uploads\/2023\/06\/franco-dirigeant-1.jpg?q=85&amp;force_format=webp&amp;org_if_sml=1&amp;w=1200 1200w, https:\/\/xapbm7c37i.cloudimg.io\/https:\/\/sherpas.com\/blog\/content\/uploads\/2023\/06\/franco-dirigeant-1.jpg?q=85&amp;force_format=webp&amp;org_if_sml=1&amp;w=300 300w, https:\/\/xapbm7c37i.cloudimg.io\/https:\/\/sherpas.com\/blog\/content\/uploads\/2023\/06\/franco-dirigeant-1.jpg?q=85&amp;force_format=webp&amp;org_if_sml=1&amp;w=1024 1024w, https:\/\/xapbm7c37i.cloudimg.io\/https:\/\/sherpas.com\/blog\/content\/uploads\/2023\/06\/franco-dirigeant-1.jpg?q=85&amp;force_format=webp&amp;org_if_sml=1&amp;w=768 768w, https:\/\/xapbm7c37i.cloudimg.io\/https:\/\/sherpas.com\/blog\/content\/uploads\/2023\/06\/franco-dirigeant-1.jpg?q=85&amp;force_format=webp&amp;org_if_sml=1&amp;w=160 160w, https:\/\/xapbm7c37i.cloudimg.io\/https:\/\/sherpas.com\/blog\/content\/uploads\/2023\/06\/franco-dirigeant-1.jpg?q=85&amp;force_format=webp&amp;org_if_sml=1&amp;w=348 348w, https:\/\/xapbm7c37i.cloudimg.io\/https:\/\/sherpas.com\/blog\/content\/uploads\/2023\/06\/franco-dirigeant-1.jpg?q=85&amp;force_format=webp&amp;org_if_sml=1&amp;w=288 288w, https:\/\/xapbm7c37i.cloudimg.io\/https:\/\/sherpas.com\/blog\/content\/uploads\/2023\/06\/franco-dirigeant-1.jpg?q=85&amp;force_format=webp&amp;org_if_sml=1&amp;w=475 475w, https:\/\/xapbm7c37i.cloudimg.io\/https:\/\/sherpas.com\/blog\/content\/uploads\/2023\/06\/franco-dirigeant-1.jpg?q=85&amp;force_format=webp&amp;org_if_sml=1&amp;w=265 265w, https:\/\/xapbm7c37i.cloudimg.io\/https:\/\/sherpas.com\/blog\/content\/uploads\/2023\/06\/franco-dirigeant-1.jpg?q=85&amp;force_format=webp&amp;org_if_sml=1&amp;w=60 60w\" sizes=\"(max-width: 1200px) 100vw, 1200px\" \/><figcaption class=\"wp-element-caption\"><em>Franco dirige les forces des rebelles en 1936.<br><\/em><\/figcaption><\/figure>\n<\/div>\n\n\n<p>\ud83d\udc49 Ni une ni deux, il a accept\u00e9 cette mission et il a m\u00eame r\u00e9ussi \u00e0 rallier \u00e0 sa cause l&rsquo;ensemble des forces militaires pr\u00e9sentes dans la r\u00e9gion. Comme pour la L\u00e9gion espagnole, il est parvenu \u00e0<strong> former une arm\u00e9e bien organis\u00e9e et disciplin\u00e9e<\/strong>. \ud83e\udd10<\/p>\n\n\n<section class=\"you-know\">\n                <div class=\"you-know__title\"><p>\u21aa\ufe0f Les m\u00e9thodes adopt\u00e9es<\/p>\n<\/div>\n                        <div class=\"you-know__text\">\n            <ul>\n<li>Il a coordonn\u00e9 les forces nationalistes.<\/li>\n<li>Il a exerc\u00e9 un contr\u00f4le strict sur les soldats.<\/li>\n<li>Il voulait une loyaut\u00e9 absolue envers sa personne.<\/li>\n<\/ul>\n\n        <\/div>\n              <\/section>\n\n\n\n<p>Le 17 juillet 1936, Franco et ses troupes quittent le Maroc et traversent le d\u00e9troit de Gibraltar (lieu strat\u00e9gique \ud83d\udccd) pour atteindre le continent. Afin de <strong>maintenir la coh\u00e9sion et l&rsquo;unit\u00e9 des diff\u00e9rentes factions nationalistes<\/strong> qui participaient au soul\u00e8vement, une chose \u00e9tait n\u00e9cessaire. Un plan de dingue ? Des armes surpuissantes ? Non, le leadership du dictateur !<\/p>\n\n\n<section class=\"you-know\">\n                <div class=\"you-know__title\"><p>\ud83d\udca1 Le savais-tu ?<\/p>\n<\/div>\n                        <div class=\"you-know__text\">\n            <p>Le mot <em>leadership<\/em> est un anglicisme qui signifie<em> fonction, position du leader<\/em>. Militairement parlant, ce terme d\u00e9signe une <strong>aptitude \u00e0 faire face \u00e0 des situations complexes et \u00e0 parvenir \u00e0 mobiliser des hommes <\/strong>dans n\u2019importe quelle circonstance.<\/p>\n\n        <\/div>\n              <\/section>\n\n\n\n<p>\u27a1\ufe0f <strong>Conclusion :<\/strong> le coup d&rsquo;\u00c9tat de juillet 1936 a marqu\u00e9 le d\u00e9but de la guerre civile espagnole et a \u00e9galement \u00e9t\u00e9 le point de d\u00e9part de l&rsquo;ascension de Franco. Apr\u00e8s la victoire des nationalistes en 1939, il est devenu le dictateur de l&rsquo;<a href=\"https:\/\/sherpas.com\/blog\/guerre-despagne\/\" data-type=\"post\" data-id=\"253336\">Espagne<\/a>\u2026<\/p>\n\n\n<section class=\"push \">\n        <div >\n            \n                                                <div class=\"push__container  qcd\" data-target=\"_self\" data-qcd=\"aHR0cHM6Ly9zaGVycGFzLmNvbS9mdW5uZWwtc3R1ZGVudC1xdWFsaWZpY2F0aW9u\" data-banner=\"2\" data-name=\"CPM2 Histoire g\u00e9ographie\" style=\"background-color: #F3FBF7\" >\n                                                                        <div class=\"push__teachers\">\n    <div class=\"d-flex justify-content-center d-md-none\">\n        <img decoding=\"async\" class=\"push__logo\" src=\"\/content\/themes\/sherpas-theme\/dist\/images\/logo.svg\" alt=\"Logo Sherpas\">\n    <\/div>\n    <div class=\"swiper\">\n        <div class=\"swiper-wrapper\">\n                                            <div class=\"swiper-slide\">\n                    <div class=\"push__teachers-card\">\n                        <div\n                            class=\"push__teachers-profil\"\n                            \n                            style=\"background-image: url(https:\/\/sherpas.com\/content\/uploads\/2022\/01\/Emilie2x.jpg);\"\n                        >\n                    <\/div>\n                         <p class=\"push__teachers-name\">Emilie<\/p>                          <p class=\"push__teachers-school\">Sciences Po Lyon<\/p>                                                     <div class=\"push__teachers-note\">\n                                                                    <svg  class=\"active\" >\n                                        <use\n                                            xlink:href=\"\/content\/themes\/sherpas-theme\/dist\/images\/sprite.svg#star\"\/>\n                                    <\/svg>\n                                                                    <svg  class=\"active\" >\n                                        <use\n                                            xlink:href=\"\/content\/themes\/sherpas-theme\/dist\/images\/sprite.svg#star\"\/>\n                                    <\/svg>\n                                                                    <svg  class=\"active\" >\n                                        <use\n                                            xlink:href=\"\/content\/themes\/sherpas-theme\/dist\/images\/sprite.svg#star\"\/>\n                                    <\/svg>\n                                                                    <svg  class=\"active\" >\n                                        <use\n                                            xlink:href=\"\/content\/themes\/sherpas-theme\/dist\/images\/sprite.svg#star\"\/>\n                                    <\/svg>\n                                                                    <svg  class=\"active\" >\n                                        <use\n                                            xlink:href=\"\/content\/themes\/sherpas-theme\/dist\/images\/sprite.svg#star\"\/>\n                                    <\/svg>\n                                                            <\/div>\n                                                 <p class=\"push__teachers-price\">19\u20ac\/h<\/p>                     <\/div>\n                <\/div>\n                                            <div class=\"swiper-slide\">\n                    <div class=\"push__teachers-card\">\n                        <div\n                            class=\"push__teachers-profil\"\n                            \n                            style=\"background-image: url(https:\/\/sherpas.com\/content\/uploads\/2022\/01\/Martin2x.jpg);\"\n                        >\n                    <\/div>\n                         <p class=\"push__teachers-name\">Martin<\/p>                          <p class=\"push__teachers-school\">HEC Paris<\/p>                                                     <div class=\"push__teachers-note\">\n                                                                    <svg  class=\"active\" >\n                                        <use\n                                            xlink:href=\"\/content\/themes\/sherpas-theme\/dist\/images\/sprite.svg#star\"\/>\n                                    <\/svg>\n                                                                    <svg  class=\"active\" >\n                                        <use\n                                            xlink:href=\"\/content\/themes\/sherpas-theme\/dist\/images\/sprite.svg#star\"\/>\n                                    <\/svg>\n                                                                    <svg  class=\"active\" >\n                                        <use\n                                            xlink:href=\"\/content\/themes\/sherpas-theme\/dist\/images\/sprite.svg#star\"\/>\n                                    <\/svg>\n                                                                    <svg  class=\"active\" >\n                                        <use\n                                            xlink:href=\"\/content\/themes\/sherpas-theme\/dist\/images\/sprite.svg#star\"\/>\n                                    <\/svg>\n                                                                    <svg  class=\"active\" >\n                                        <use\n                                            xlink:href=\"\/content\/themes\/sherpas-theme\/dist\/images\/sprite.svg#star\"\/>\n                                    <\/svg>\n                                                            <\/div>\n                                                 <p class=\"push__teachers-price\">23\u20ac\/h<\/p>                     <\/div>\n                <\/div>\n                                            <div class=\"swiper-slide\">\n                    <div class=\"push__teachers-card\">\n                        <div\n                            class=\"push__teachers-profil\"\n                            \n                            style=\"background-image: url(https:\/\/sherpas.com\/content\/uploads\/2022\/01\/Jade2x.jpg);\"\n                        >\n                    <\/div>\n                         <p class=\"push__teachers-name\">Jade<\/p>                          <p class=\"push__teachers-school\">Sciences Po Paris<\/p>                                                     <div class=\"push__teachers-note\">\n                                                                    <svg  class=\"active\" >\n                                        <use\n                                            xlink:href=\"\/content\/themes\/sherpas-theme\/dist\/images\/sprite.svg#star\"\/>\n                                    <\/svg>\n                                                                    <svg  class=\"active\" >\n                                        <use\n                                            xlink:href=\"\/content\/themes\/sherpas-theme\/dist\/images\/sprite.svg#star\"\/>\n                                    <\/svg>\n                                                                    <svg  class=\"active\" >\n                                        <use\n                                            xlink:href=\"\/content\/themes\/sherpas-theme\/dist\/images\/sprite.svg#star\"\/>\n                                    <\/svg>\n                                                                    <svg  class=\"active\" >\n                                        <use\n                                            xlink:href=\"\/content\/themes\/sherpas-theme\/dist\/images\/sprite.svg#star\"\/>\n                                    <\/svg>\n                                                                    <svg  class=\"active\" >\n                                        <use\n                                            xlink:href=\"\/content\/themes\/sherpas-theme\/dist\/images\/sprite.svg#star\"\/>\n                                    <\/svg>\n                                                            <\/div>\n                                                 <p class=\"push__teachers-price\">21\u20ac\/h<\/p>                     <\/div>\n                <\/div>\n                                            <div class=\"swiper-slide\">\n                    <div class=\"push__teachers-card\">\n                        <div\n                            class=\"push__teachers-profil\"\n                            \n                            style=\"background-image: url(https:\/\/sherpas.com\/content\/uploads\/2022\/01\/Alma2x.jpg);\"\n                        >\n                    <\/div>\n                         <p class=\"push__teachers-name\">Alma<\/p>                          <p class=\"push__teachers-school\">ENS Paris-Saclay<\/p>                                                     <div class=\"push__teachers-note\">\n                                                                    <svg  class=\"active\" >\n                                        <use\n                                            xlink:href=\"\/content\/themes\/sherpas-theme\/dist\/images\/sprite.svg#star\"\/>\n                                    <\/svg>\n                                                                    <svg  class=\"active\" >\n                                        <use\n                                            xlink:href=\"\/content\/themes\/sherpas-theme\/dist\/images\/sprite.svg#star\"\/>\n                                    <\/svg>\n                                                                    <svg  class=\"active\" >\n                                        <use\n                                            xlink:href=\"\/content\/themes\/sherpas-theme\/dist\/images\/sprite.svg#star\"\/>\n                                    <\/svg>\n                                                                    <svg  class=\"active\" >\n                                        <use\n                                            xlink:href=\"\/content\/themes\/sherpas-theme\/dist\/images\/sprite.svg#star\"\/>\n                                    <\/svg>\n                                                                    <svg  class=\"active\" >\n                                        <use\n                                            xlink:href=\"\/content\/themes\/sherpas-theme\/dist\/images\/sprite.svg#star\"\/>\n                                    <\/svg>\n                                                            <\/div>\n                                                 <p class=\"push__teachers-price\">24\u20ac\/h<\/p>                     <\/div>\n                <\/div>\n                                            <div class=\"swiper-slide\">\n                    <div class=\"push__teachers-card\">\n                        <div\n                            class=\"push__teachers-profil\"\n                            \n                            style=\"background-image: url(https:\/\/sherpas.com\/content\/uploads\/2022\/01\/Jeanne2x.jpg);\"\n                        >\n                    <\/div>\n                         <p class=\"push__teachers-name\">Jeanne<\/p>                          <p class=\"push__teachers-school\">Aix-Marseille Universit\u00e9<\/p>                                                     <div class=\"push__teachers-note\">\n                                                                    <svg  class=\"active\" >\n                                        <use\n                                            xlink:href=\"\/content\/themes\/sherpas-theme\/dist\/images\/sprite.svg#star\"\/>\n                                    <\/svg>\n                                                                    <svg  class=\"active\" >\n                                        <use\n                                            xlink:href=\"\/content\/themes\/sherpas-theme\/dist\/images\/sprite.svg#star\"\/>\n                                    <\/svg>\n                                                                    <svg  class=\"active\" >\n                                        <use\n                                            xlink:href=\"\/content\/themes\/sherpas-theme\/dist\/images\/sprite.svg#star\"\/>\n                                    <\/svg>\n                                                                    <svg  class=\"active\" >\n                                        <use\n                                            xlink:href=\"\/content\/themes\/sherpas-theme\/dist\/images\/sprite.svg#star\"\/>\n                                    <\/svg>\n                                                                    <svg  class=\"active\" >\n                                        <use\n                                            xlink:href=\"\/content\/themes\/sherpas-theme\/dist\/images\/sprite.svg#star\"\/>\n                                    <\/svg>\n                                                            <\/div>\n                                                 <p class=\"push__teachers-price\">17\u20ac\/h<\/p>                     <\/div>\n                <\/div>\n                                            <div class=\"swiper-slide\">\n                    <div class=\"push__teachers-card\">\n                        <div\n                            class=\"push__teachers-profil\"\n                            \n                            style=\"background-image: url(https:\/\/sherpas.com\/content\/uploads\/2022\/01\/Victor2x.jpg);\"\n                        >\n                    <\/div>\n                         <p class=\"push__teachers-name\">Victor<\/p>                          <p class=\"push__teachers-school\">ESCP<\/p>                                                     <div class=\"push__teachers-note\">\n                                                                    <svg  class=\"active\" >\n                                        <use\n                                            xlink:href=\"\/content\/themes\/sherpas-theme\/dist\/images\/sprite.svg#star\"\/>\n                                    <\/svg>\n                                                                    <svg  class=\"active\" >\n                                        <use\n                                            xlink:href=\"\/content\/themes\/sherpas-theme\/dist\/images\/sprite.svg#star\"\/>\n                                    <\/svg>\n                                                                    <svg  class=\"active\" >\n                                        <use\n                                            xlink:href=\"\/content\/themes\/sherpas-theme\/dist\/images\/sprite.svg#star\"\/>\n                                    <\/svg>\n                                                                    <svg  class=\"active\" >\n                                        <use\n                                            xlink:href=\"\/content\/themes\/sherpas-theme\/dist\/images\/sprite.svg#star\"\/>\n                                    <\/svg>\n                                                                    <svg  class=\"active\" >\n                                        <use\n                                            xlink:href=\"\/content\/themes\/sherpas-theme\/dist\/images\/sprite.svg#star\"\/>\n                                    <\/svg>\n                                                            <\/div>\n                                                 <p class=\"push__teachers-price\">25\u20ac\/h<\/p>                     <\/div>\n                <\/div>\n                                            <div class=\"swiper-slide\">\n                    <div class=\"push__teachers-card\">\n                        <div\n                            class=\"push__teachers-profil\"\n                            \n                            style=\"background-image: url(https:\/\/sherpas.com\/content\/uploads\/2022\/01\/Nicolas2x.png);\"\n                        >\n                    <\/div>\n                         <p class=\"push__teachers-name\">Nicolas<\/p>                          <p class=\"push__teachers-school\">CentraleSup\u00e9lec<\/p>                                                     <div class=\"push__teachers-note\">\n                                                                    <svg  class=\"active\" >\n                                        <use\n                                            xlink:href=\"\/content\/themes\/sherpas-theme\/dist\/images\/sprite.svg#star\"\/>\n                                    <\/svg>\n                                                                    <svg  class=\"active\" >\n                                        <use\n                                            xlink:href=\"\/content\/themes\/sherpas-theme\/dist\/images\/sprite.svg#star\"\/>\n                                    <\/svg>\n                                                                    <svg  class=\"active\" >\n                                        <use\n                                            xlink:href=\"\/content\/themes\/sherpas-theme\/dist\/images\/sprite.svg#star\"\/>\n                                    <\/svg>\n                                                                    <svg  class=\"active\" >\n                                        <use\n                                            xlink:href=\"\/content\/themes\/sherpas-theme\/dist\/images\/sprite.svg#star\"\/>\n                                    <\/svg>\n                                                                    <svg  class=\"active\" >\n                                        <use\n                                            xlink:href=\"\/content\/themes\/sherpas-theme\/dist\/images\/sprite.svg#star\"\/>\n                                    <\/svg>\n                                                            <\/div>\n                                                 <p class=\"push__teachers-price\">17\u20ac\/h<\/p>                     <\/div>\n                <\/div>\n                    <\/div>\n    <\/div>\n<\/div>\n                                                    <div class=\"push__content\">\n                                                            <div  class=\"d-none d-md-block\" >\n                                    <img decoding=\"async\" class=\"push__logo\" src=\"\/content\/themes\/sherpas-theme\/dist\/images\/logo.svg\"\n                                        alt=\"Logo Sherpas\">\n                                <\/div>\n                                                                                        <div class=\"push__title\"><p>Ton premier <span style=\"color: #4cc483;\">cours particulier<\/span> d&rsquo;histoire-g\u00e9o est <span style=\"color: #4cc483;\">offert<\/span> ! <span role=\"image\" aria-label=\"\ud83c\udf81\">\ud83c\udf81<\/span><\/p>\n<\/div>\n                                                                                        <div class=\"push__text\"><p>Fais-toi guider par un \u00e9tudiant pass\u00e9 par une des meilleures \u00e9coles de France.<\/p>\n<\/div>\n                                                        <div class=\"push__promo-button   \">\n                                                                                                    <div\n                                        class=\"btn btn-primary\"\n                                        style=\"color: ; border-color: ; background-color: \"\n\n                                    >\n                                        J&rsquo;EN PROFITE MAINTENANT\n                                    <\/div>\n                                                            <\/div>\n                                                    <\/div>\n                                    <\/div>\n                                    <\/div>\n    <\/section>\n\n\n\n<h2 class=\"wp-block-heading\" id=\"une-dictature-longue-de-36-ans\">Une dictature longue de 36 ans<\/h2>\n\n\n\n<p>Apr\u00e8s avoir remport\u00e9 cette guerre en 1939, <strong>Franco a exerc\u00e9 l&rsquo;une des plus longues dictatures d&rsquo;Europe<\/strong>. L\u2019Espagne a \u00e9t\u00e9 sous son contr\u00f4le pendant 36 ans (ce chiffre fait peur\u2026), jusqu&rsquo;\u00e0 sa mort en 1975. Revenons sur le parcours de cette figure politique !<\/p>\n\n\n\n<h3 class=\"wp-block-heading\" id=\"la-naissance-du-franquisme\">La naissance du franquisme \ud83d\ude22<\/h3>\n\n\n\n<p>Le moins qu\u2019on puisse dire, c\u2019est que l&rsquo;av\u00e8nement de cette doctrine a \u00e9t\u00e9 une p\u00e9riode sombre de l&rsquo;histoire. <strong>Le franquisme a \u00e9merg\u00e9 en 1939 sous l\u2019impulsion de Franco<\/strong>, profitant du contexte de guerre civile espagnole pour s&rsquo;imposer comme un r\u00e9gime totalitaire.<\/p>\n\n\n<section class=\"you-know\">\n                <div class=\"you-know__title\"><p>\ud83d\udca1 Le savais-tu ?<\/p>\n<\/div>\n                        <div class=\"you-know__text\">\n            <p>Le mot \u00ab franquisme \u00bb est d\u00e9riv\u00e9 du nom du despote. On emploie ce terme pour parler <strong>du syst\u00e8me politique instaur\u00e9 par le g\u00e9n\u00e9ral<\/strong> et ses partisans. La devise \u00e9tait : <em>Una, Grande y Libre.<\/em><\/p>\n<p>&nbsp;<\/p>\n<ul>\n<li><em>Una<\/em> : on insiste sur l\u2019unit\u00e9 par opposition aux s\u00e9paratismes.<\/li>\n<li><em>Grande<\/em> : on insiste sur les valeurs et traditions.<\/li>\n<li><em>Libre<\/em> : on insiste sur l&rsquo;ind\u00e9pendance de l&rsquo;Espagne.<\/li>\n<\/ul>\n\n        <\/div>\n              <\/section>\n\n\n\n<p>Franco a mis en place une s\u00e9rie de politiques autoritaires qui ont eu un impact sur la soci\u00e9t\u00e9 espagnole. Parmi celles-ci figurent <strong>la censure de la <a href=\"https:\/\/sherpas.com\/blog\/liberte-presse\/\" data-type=\"post\" data-id=\"257948\">presse<\/a><\/strong> qui visait \u00e0 contr\u00f4ler et \u00e0 r\u00e9primer toute forme de critique envers le r\u00e9gime. Censure qui est toujours d\u2019actualit\u00e9 d\u2019ailleurs\u2026 \ud83e\udd72<\/p>\n\n\n\n<p>\ud83d\udc49 <strong>Les m\u00e9dias \u00e9taient surveill\u00e9s<\/strong> (avec des jumelles presque) et les journalistes qui ne rentraient pas dans le moule risquaient des sanctions s\u00e9v\u00e8res, l&#8217;emprisonnement ou la mort.<\/p>\n\n\n<section class=\"you-know\">\n                <div class=\"you-know__title\"><p>\u21aa\ufe0f Les buts de cette censure<\/p>\n<\/div>\n                        <div class=\"you-know__text\">\n            <ul>\n<li>Garder les Espagnols dans un \u00e9tat de peur<\/li>\n<li>Maintenir la d\u00e9sinformation<\/li>\n<li>Renforcer le contr\u00f4le sur la population<\/li>\n<\/ul>\n\n        <\/div>\n              <\/section>\n\n\n\n<p>\ud83d\udea9 Autre point cl\u00e9\u202f! Le franquisme entretenait des relations \u00e9troites avec d&rsquo;autres r\u00e9gimes fascistes de l&rsquo;\u00e9poque comme l&rsquo;Allemagne nazie. <strong>Franco admirait tellement Hitler et <a href=\"https:\/\/sherpas.com\/blog\/benito-mussolini\/\" data-type=\"post\" data-id=\"252590\">Mussolini<\/a> <\/strong>qu\u2019il a soutenu le chancelier du Troisi\u00e8me Reich durant la Seconde Guerre mondiale.<\/p>\n\n\n\n<div class=\"wp-block-columns is-layout-flex wp-container-core-columns-is-layout-9d6595d7 wp-block-columns-is-layout-flex\">\n<div class=\"wp-block-column is-layout-flow wp-block-column-is-layout-flow\"><div class=\"wp-block-image\">\n<figure class=\"aligncenter size-full\"><img decoding=\"async\" width=\"900\" height=\"900\" src=\"https:\/\/sherpas.com\/blog\/content\/uploads\/2023\/06\/franco-hitler-1.jpg\" alt=\"Franco et Hitler discutent avec le sourire.\" class=\"wp-image-259908\" srcset=\"https:\/\/xapbm7c37i.cloudimg.io\/https:\/\/sherpas.com\/blog\/content\/uploads\/2023\/06\/franco-hitler-1.jpg?q=85&amp;force_format=webp&amp;org_if_sml=1&amp;w=900 900w, https:\/\/xapbm7c37i.cloudimg.io\/https:\/\/sherpas.com\/blog\/content\/uploads\/2023\/06\/franco-hitler-1.jpg?q=85&amp;force_format=webp&amp;org_if_sml=1&amp;w=300 300w, https:\/\/xapbm7c37i.cloudimg.io\/https:\/\/sherpas.com\/blog\/content\/uploads\/2023\/06\/franco-hitler-1.jpg?q=85&amp;force_format=webp&amp;org_if_sml=1&amp;w=150 150w, https:\/\/xapbm7c37i.cloudimg.io\/https:\/\/sherpas.com\/blog\/content\/uploads\/2023\/06\/franco-hitler-1.jpg?q=85&amp;force_format=webp&amp;org_if_sml=1&amp;w=768 768w, https:\/\/xapbm7c37i.cloudimg.io\/https:\/\/sherpas.com\/blog\/content\/uploads\/2023\/06\/franco-hitler-1.jpg?q=85&amp;force_format=webp&amp;org_if_sml=1&amp;w=125 125w, https:\/\/xapbm7c37i.cloudimg.io\/https:\/\/sherpas.com\/blog\/content\/uploads\/2023\/06\/franco-hitler-1.jpg?q=85&amp;force_format=webp&amp;org_if_sml=1&amp;w=700 700w, https:\/\/xapbm7c37i.cloudimg.io\/https:\/\/sherpas.com\/blog\/content\/uploads\/2023\/06\/franco-hitler-1.jpg?q=85&amp;force_format=webp&amp;org_if_sml=1&amp;w=272 272w, https:\/\/xapbm7c37i.cloudimg.io\/https:\/\/sherpas.com\/blog\/content\/uploads\/2023\/06\/franco-hitler-1.jpg?q=85&amp;force_format=webp&amp;org_if_sml=1&amp;w=80 80w, https:\/\/xapbm7c37i.cloudimg.io\/https:\/\/sherpas.com\/blog\/content\/uploads\/2023\/06\/franco-hitler-1.jpg?q=85&amp;force_format=webp&amp;org_if_sml=1&amp;w=288 288w, https:\/\/xapbm7c37i.cloudimg.io\/https:\/\/sherpas.com\/blog\/content\/uploads\/2023\/06\/franco-hitler-1.jpg?q=85&amp;force_format=webp&amp;org_if_sml=1&amp;w=371 371w, https:\/\/xapbm7c37i.cloudimg.io\/https:\/\/sherpas.com\/blog\/content\/uploads\/2023\/06\/franco-hitler-1.jpg?q=85&amp;force_format=webp&amp;org_if_sml=1&amp;w=265 265w, https:\/\/xapbm7c37i.cloudimg.io\/https:\/\/sherpas.com\/blog\/content\/uploads\/2023\/06\/franco-hitler-1.jpg?q=85&amp;force_format=webp&amp;org_if_sml=1&amp;w=60 60w, https:\/\/xapbm7c37i.cloudimg.io\/https:\/\/sherpas.com\/blog\/content\/uploads\/2023\/06\/franco-hitler-1.jpg?q=85&amp;force_format=webp&amp;org_if_sml=1&amp;w=120 120w\" sizes=\"(max-width: 900px) 100vw, 900px\" \/><figcaption class=\"wp-element-caption\"><em>Franco et Hitler.<\/em><\/figcaption><\/figure>\n<\/div><\/div>\n\n\n\n<div class=\"wp-block-column is-layout-flow wp-block-column-is-layout-flow\"><div class=\"wp-block-image\">\n<figure class=\"aligncenter size-full\"><img decoding=\"async\" width=\"675\" height=\"675\" src=\"https:\/\/sherpas.com\/blog\/content\/uploads\/2023\/06\/Franco-Mussolini-1.jpg\" alt=\"Franco s'entretient avec Mussolini.\" class=\"wp-image-259909\" srcset=\"https:\/\/xapbm7c37i.cloudimg.io\/https:\/\/sherpas.com\/blog\/content\/uploads\/2023\/06\/Franco-Mussolini-1.jpg?q=85&amp;force_format=webp&amp;org_if_sml=1&amp;w=675 675w, https:\/\/xapbm7c37i.cloudimg.io\/https:\/\/sherpas.com\/blog\/content\/uploads\/2023\/06\/Franco-Mussolini-1.jpg?q=85&amp;force_format=webp&amp;org_if_sml=1&amp;w=300 300w, https:\/\/xapbm7c37i.cloudimg.io\/https:\/\/sherpas.com\/blog\/content\/uploads\/2023\/06\/Franco-Mussolini-1.jpg?q=85&amp;force_format=webp&amp;org_if_sml=1&amp;w=150 150w, https:\/\/xapbm7c37i.cloudimg.io\/https:\/\/sherpas.com\/blog\/content\/uploads\/2023\/06\/Franco-Mussolini-1.jpg?q=85&amp;force_format=webp&amp;org_if_sml=1&amp;w=125 125w, https:\/\/xapbm7c37i.cloudimg.io\/https:\/\/sherpas.com\/blog\/content\/uploads\/2023\/06\/Franco-Mussolini-1.jpg?q=85&amp;force_format=webp&amp;org_if_sml=1&amp;w=272 272w, https:\/\/xapbm7c37i.cloudimg.io\/https:\/\/sherpas.com\/blog\/content\/uploads\/2023\/06\/Franco-Mussolini-1.jpg?q=85&amp;force_format=webp&amp;org_if_sml=1&amp;w=80 80w, https:\/\/xapbm7c37i.cloudimg.io\/https:\/\/sherpas.com\/blog\/content\/uploads\/2023\/06\/Franco-Mussolini-1.jpg?q=85&amp;force_format=webp&amp;org_if_sml=1&amp;w=288 288w, https:\/\/xapbm7c37i.cloudimg.io\/https:\/\/sherpas.com\/blog\/content\/uploads\/2023\/06\/Franco-Mussolini-1.jpg?q=85&amp;force_format=webp&amp;org_if_sml=1&amp;w=371 371w, https:\/\/xapbm7c37i.cloudimg.io\/https:\/\/sherpas.com\/blog\/content\/uploads\/2023\/06\/Franco-Mussolini-1.jpg?q=85&amp;force_format=webp&amp;org_if_sml=1&amp;w=265 265w, https:\/\/xapbm7c37i.cloudimg.io\/https:\/\/sherpas.com\/blog\/content\/uploads\/2023\/06\/Franco-Mussolini-1.jpg?q=85&amp;force_format=webp&amp;org_if_sml=1&amp;w=60 60w, https:\/\/xapbm7c37i.cloudimg.io\/https:\/\/sherpas.com\/blog\/content\/uploads\/2023\/06\/Franco-Mussolini-1.jpg?q=85&amp;force_format=webp&amp;org_if_sml=1&amp;w=120 120w\" sizes=\"(max-width: 675px) 100vw, 675px\" \/><figcaption class=\"wp-element-caption\"><em>Franco et Mussolini.<\/em><\/figcaption><\/figure>\n<\/div><\/div>\n<\/div>\n\n\n\n<p>Il lui fournissait des ressources et il permettait aux troupes allemandes de passer par ses terres pour rejoindre les territoires cibl\u00e9s.<strong> Les relations avec l&rsquo;<a href=\"https:\/\/sherpas.com\/blog\/allemagne-nazie\/\" data-type=\"post\" data-id=\"242882\">Allemagne nazie<\/a> ont renforc\u00e9 le statut du franquisme<\/strong> sur la sc\u00e8ne internationale jusqu\u2019\u00e0 ce que l&rsquo;Espagne ait \u00e0 son tour des restrictions \u00e9conomiques impos\u00e9es apr\u00e8s la guerre (le revers de la m\u00e9daille, quoi \ud83d\ude0c).<\/p>\n\n\n<section class=\"read-also\">\n    <p class=\"read-also__title\">\u00c0 lire aussi<\/p>\n            <div class=\"read-also__list\">\n            <p>D\u00e9couvre la vie de <a href=\"https:\/\/sherpas.com\/blog\/benito-mussolini\/\">Benito Mussolini<\/a>, le dictateur fasciste\u200b !<\/p>\n\n        <\/div>\n    <\/section>\n\n\n\n<h3 class=\"wp-block-heading\" id=\"le-culte-de-la-personnalite\">Le culte de la personnalit\u00e9 \ud83d\udcf8<\/h3>\n\n\n\n<p>Qui dit dictateur dit culte de la personnalit\u00e9\u2026 Comme Franco \u00e9tait r\u00e9put\u00e9 pour ne pas avoir un <a href=\"https:\/\/sherpas.com\/blog\/reussir-ton-annee\/bien-apprendre\/gestion-mental\/\" data-type=\"post\" data-id=\"252112\">charisme<\/a> de fou furieux, c\u2019\u00e9tait essentiel de provoquer l&rsquo;adulation du chef d&rsquo;\u00c9tat \u00e0 travers diff\u00e9rentes m\u00e9thodes. Chez lui,<strong> il \u00e9tait v\u00e9n\u00e9r\u00e9 sous le nom de <em>Caudillo<\/em><\/strong>.<\/p>\n\n\n<section class=\"you-know\">\n                <div class=\"you-know__title\"><p>\ud83d\udca1 Le savais-tu ?<\/p>\n<\/div>\n                        <div class=\"you-know__text\">\n            <p>Le mot <em>caudillo<\/em> vient <strong>du latin <\/strong><strong><em>capitellum<\/em><\/strong><strong> qui signifie \u00ab chef \u00bb ou \u00ab guide \u00bb<\/strong>. Il est pris comme titre par Franco de 1936 \u00e0 sa mort. Il est pass\u00e9 de l\u2019enfant moqu\u00e9 appel\u00e9 <em>cerillo<\/em> (chandelle) \u00e0 <em>El gran Caudillo<\/em>\u2026 On voit qu\u2019il avait un probl\u00e8me avec sa taille.<\/p>\n\n        <\/div>\n              <\/section>\n\n\n\n<p>Des statues et des portraits de lui \u00e9taient mis dans les lieux publics et les \u00e9coles enseignaient l&rsquo;id\u00e9ologie franquiste, glorifiant la doctrine et son fondateur. Le culte de la personnalit\u00e9 visait \u00e0<strong> maintenir le contr\u00f4le absolu du dirigeant sur la population<\/strong> et \u00e0 emp\u00eacher toute opposition. Bref, tu n\u2019avais pas ton mot \u00e0 dire ! \ud83d\ude20<\/p>\n\n\n<div class=\"wp-block-image\">\n<figure class=\"aligncenter size-large is-resized\"><img decoding=\"async\" src=\"https:\/\/media.giphy.com\/media\/M8xmO5ZcLPtAY\/giphy.gif\" alt=\"Bob l'\u00e9ponge dit \u00e0 quelqu'un de se taire.\" style=\"width:436px;height:314px\"\/><\/figure>\n<\/div>\n\n\n<p>Le franquisme a laiss\u00e9 un h\u00e9ritage n\u00e9gatif. Pendant pr\u00e8s de quatre d\u00e9cennies, le r\u00e9gime a r\u00e9prim\u00e9<strong> la libert\u00e9 d&rsquo;expression, la d\u00e9mocratie et <a href=\"https:\/\/sherpas.com\/blog\/declaration-des-droits-de-la-femme-et-de-la-citoyenne\/\" data-type=\"post\" data-id=\"230412\">les droits<\/a> de l&rsquo;Homme<\/strong>. La transition d\u00e9mocratique apr\u00e8s la mort de Franco a \u00e9t\u00e9 un d\u00e9fi pour le pays qui a essay\u00e9 de b\u00e2tir une soci\u00e9t\u00e9 plus pluraliste.<\/p>\n\n\n\n<p><strong>\ud83d\udea9 Rappel : <\/strong>le pluralisme est un syst\u00e8me d&rsquo;organisation politique qui reconna\u00eet et accepte la diversit\u00e9 des opinions et de leurs repr\u00e9sentants.<\/p>\n\n\n<section class=\"you-know\">\n                <div class=\"you-know__title\"><p>\u21aa\ufe0f Exemple &#8211; affiche de propagande<\/p>\n<\/div>\n                        <div class=\"you-know__text\">\n            <ul>\n<li>Un portrait de Franco consid\u00e9r\u00e9 comme un \u00ab lib\u00e9rateur \u00bb.<\/li>\n<li>Un message fait r\u00e9f\u00e9rence \u00e0 la prise de Barcelone par les nationalistes.<\/li>\n<li>Le nom du tyran est mis en \u00e9vidence gr\u00e2ce \u00e0 plusieurs typographies.<\/li>\n<li>Il est glorifi\u00e9 avec un uniforme militaire et des m\u00e9dailles.<\/li>\n<li>Il semble \u00e0 la fois serein, bienveillant et d\u00e9termin\u00e9.<\/li>\n<li>Il regarde au loin (vers l\u2019avenir), d\u00e9tail typique des portraits de dictateurs.<\/li>\n<\/ul>\n\n        <\/div>\n              <\/section>\n\n\n\n<p>\ud83d\udc49 Autre \u00e9l\u00e9ment de propagande (et pas des moindres\u202f!) : le <a href=\"https:\/\/sherpas.com\/blog\/tag\/sport\/\" data-type=\"post\" data-id=\"189686\">football<\/a>. D\u00e9sol\u00e9 de te l\u2019apprendre, mais ce sport n\u2019a jamais \u00e9t\u00e9 qu\u2019un jeu. Il est bien souvent<strong> instrumentalis\u00e9 \u00e0 des fins \u00e9conomiques, politiques et historiques<\/strong>. C\u2019est un excellent outil de propagande ! \u26bd<\/p>\n\n\n<section class=\"citation\">\n        <q class=\"citation__text\"><p><span style=\"color: #0000ff\">Le sport c\u2019est la guerre<\/span>, les fusils en moins.<\/p>\n<\/q>\n\n                    <div class=\"citation__infos  citation__infos--full \">\n                                    <p class=\"citation__infos-name\">George Orwell<\/p>\n                                                    <p class=\"citation__infos-job\">\u00c9crivain<\/p>\n                            <\/div>\n            <\/section>\n\n\n\n<p>Franco a utilis\u00e9 le football pour faire oublier l\u2019angoisse engendr\u00e9e par la guerre. Alors que le combat faisait toujours rage, <strong>le camp franquiste a r\u00e9organis\u00e9 des rencontres sportives<\/strong> en Galice. Comme ce sport \u00e9tait tr\u00e8s appr\u00e9ci\u00e9, on l\u2019a r\u00e9duit \u00e0 un simple outil de divertissement pour d\u00e9politiser le peuple espagnol. \ud83e\udd14<\/p>\n\n\n<div class=\"wp-block-image\">\n<figure class=\"aligncenter size-large\"><img decoding=\"async\" src=\"https:\/\/media.giphy.com\/media\/l0HlSGNW8OaNOLivK\/giphy.gif\" alt=\"Le h\u00e9ros de Yokai Watch frappe un ballon enflamm\u00e9.\"\/><figcaption class=\"wp-element-caption\"><em>Disons que l&rsquo;ambiance \u00e9tait tendue&#8230;<\/em><\/figcaption><\/figure>\n<\/div>\n\n\n<p>D\u2019ailleurs, le Comit\u00e9 <a href=\"https:\/\/sherpas.com\/blog\/bataille-de-marathon\/\" data-type=\"post\" data-id=\"189977\">olympique<\/a> espagnol a \u00e9t\u00e9 pr\u00e9sid\u00e9 \u00e0 ses d\u00e9buts par <strong>le g\u00e9n\u00e9ral Jos\u00e9 Moscardo<\/strong> et la F\u00e9d\u00e9ration espagnole de football a \u00e9t\u00e9 dirig\u00e9e par<strong> le commandant franquiste Juli\u00e1n Troncoso<\/strong>. Bon\u2026 tu as compris entre quelles mains ce sport \u00e9tait tomb\u00e9\u2026 \ud83e\udee0<\/p>\n\n\n<section class=\"read-also\">\n    <p class=\"read-also__title\">\u00c0 lire aussi<\/p>\n            <div class=\"read-also__list\">\n            <p>\u26bd Tu es curieux ? D\u00e9couvre <a href=\"https:\/\/sherpas.com\/blog\/tag\/sport\/\">les origines du football<\/a> !<\/p>\n\n        <\/div>\n    <\/section>\n\n\n\n<h3 class=\"wp-block-heading\" id=\"le-controle-de-la-societe\">Le contr\u00f4le de la soci\u00e9t\u00e9 \ud83d\ude2c<\/h3>\n\n\n\n<p>Tu as d\u00e9j\u00e0 entendu parler<strong> de r\u00e9pression franquiste ou de Terreur blanche<\/strong>\u202f? Ces noms font r\u00e9f\u00e9rence \u00e0 l\u2019ensemble des mauvais traitements, s\u00e9vices et r\u00e9pressions politiques exerc\u00e9s par les nationalistes et la dictature franquiste pendant ET apr\u00e8s la guerre d&rsquo;Espagne.<\/p>\n\n\n<section class=\"you-know\">\n                <div class=\"you-know__title\"><p>\ud83d\udca1 Le savais-tu ?<\/p>\n<\/div>\n                        <div class=\"you-know__text\">\n            <p>\u00c0 l\u2019origine, l&rsquo;expression <em>Terreur blanche<\/em> a \u00e9t\u00e9 employ\u00e9e<strong> durant la R\u00e9volution russe de 1917<\/strong> pour d\u00e9noncer les actions contre-r\u00e9volutionnaires des \u00ab blancs \u00bb.<\/p>\n\n        <\/div>\n              <\/section>\n\n\n\n<p>\ud83d\udc49 La Terreur blanche a dur\u00e9 jusqu&rsquo;\u00e0 la fin de la Seconde Guerre mondiale, mais la r\u00e9pression franquiste a englob\u00e9 l&rsquo;ensemble des politiques r\u00e9pressives jusqu&rsquo;\u00e0 la mort de Franco. Durant les conflits, les nationalistes ont mis en place<strong> une politique de r\u00e9pression TR\u00c8S violente<\/strong> pour \u00e9liminer leurs adversaires et soumettre les r\u00e9gions hostiles au despote.<\/p>\n\n\n<section class=\"you-know\">\n                <div class=\"you-know__title\"><p>\ud83c\udfaf Qui \u00e9tait cibl\u00e9 ?<\/p>\n<\/div>\n                        <div class=\"you-know__text\">\n            <ul>\n<li>Les dirigeants syndicaux<\/li>\n<li>Les r\u00e9publicains<\/li>\n<li>Les politiciens de centre-gauche<\/li>\n<li>Les intellectuels<\/li>\n<li>Les enseignants suppos\u00e9s sympathisants de la R\u00e9publique<\/li>\n<\/ul>\n\n        <\/div>\n              <\/section>\n\n\n\n<p>Franco n\u2019a pas perdu de temps en arrivant au pouvoir puisque des comit\u00e9s locaux avaient \u00e9t\u00e9 form\u00e9s <strong>pour juger et condamner ses opposants<\/strong>. La pers\u00e9cution a \u00e9t\u00e9 particuli\u00e8rement intense dans les r\u00e9gions o\u00f9 le Front populaire avait remport\u00e9 les <a href=\"https:\/\/sherpas.com\/blog\/systemes-electoraux\/\" data-type=\"post\" data-id=\"190084\">\u00e9lections<\/a>\u2026 \u2709\ufe0f<\/p>\n\n\n<section class=\"you-know\">\n                <div class=\"you-know__title\"><p>\u21aa\ufe0f Exemples d\u2019actions<\/p>\n<\/div>\n                        <div class=\"you-know__text\">\n            <ul>\n<li>Des massacres de civils ont eu lieu<\/li>\n<li>Des adolescents ont \u00e9t\u00e9 martyris\u00e9s et assassin\u00e9s<\/li>\n<li>Des r\u00e9publicains ont \u00e9t\u00e9 ex\u00e9cut\u00e9s suite \u00e0 des proc\u00e8s injustes<\/li>\n<li>Des villages entiers ont \u00e9t\u00e9 ras\u00e9s<\/li>\n<li>Des r\u00e9publicaines (ou des compagnes de r\u00e9publicains) ont \u00e9t\u00e9 ex\u00e9cut\u00e9s<\/li>\n<\/ul>\n\n        <\/div>\n              <\/section>\n\n\n\n<p>\ud83d\udc49 Quelques <strong>donn\u00e9es approximatives <\/strong>d\u2019historiens britanniques et fran\u00e7ais :<\/p>\n\n\n\n<p><\/p>\n\n\n\n<table id=\"tablepress-1647\" class=\"tablepress tablepress-id-1647\">\n<thead>\n<tr class=\"row-1\">\n\t<th class=\"column-1\">Historien<\/th><th class=\"column-2\">Donn\u00e9e<\/th><th class=\"column-3\">Source bibliographique<\/th>\n<\/tr>\n<\/thead>\n<tbody class=\"row-striping row-hover\">\n<tr class=\"row-2\">\n\t<td class=\"column-1\">Antony Beevor<\/td><td class=\"column-2\">200 000 victimes de la r\u00e9pression globale.<\/td><td class=\"column-3\">La guerre d'Espagne<a href=\"https:\/\/journals.openedition.org\/chrhc\/289\" target=\"_blank\" rel=\"noopener\"><\/a><\/td>\n<\/tr>\n<tr class=\"row-3\">\n\t<td class=\"column-1\">Hugh Thomas<\/td><td class=\"column-2\">75 000 morts de l\u2019oppression nationaliste.<\/td><td class=\"column-3\">La guerre d'Espagne<a href=\"https:\/\/journals.openedition.org\/chrhc\/289\" target=\"_blank\" rel=\"nofollow noopener\"><\/a><\/td>\n<\/tr>\n<tr class=\"row-4\">\n\t<td class=\"column-1\">Guy Hermet<\/td><td class=\"column-2\">192 000 prisonniers des camps fusill\u00e9s.<\/td><td class=\"column-3\">La guerre d'Espagne<a href=\"https:\/\/www.seuil.com\/ouvrage\/la-guerre-d-espagne-guy-hermet\/9782757866450\" target=\"_blank\" rel=\"nofollow noopener\"><\/a><\/td>\n<\/tr>\n<\/tbody>\n<\/table>\n<!-- #tablepress-1647 from cache -->\n\n\n<section class=\"push \">\n        <div >\n            \n                                                <div class=\"push__container  qcd\" data-target=\"_self\" data-qcd=\"aHR0cHM6Ly9zaGVycGFzLmNvbS9mdW5uZWwtc3R1ZGVudC1xdWFsaWZpY2F0aW9u\" data-banner=\"2\" data-name=\"CPM1 Espagnol\" style=\"background-color: #F3FBF7\" >\n                                                                        <div class=\"push__teachers\">\n    <div class=\"d-flex justify-content-center d-md-none\">\n        <img decoding=\"async\" class=\"push__logo\" src=\"\/content\/themes\/sherpas-theme\/dist\/images\/logo.svg\" alt=\"Logo Sherpas\">\n    <\/div>\n    <div class=\"swiper\">\n        <div class=\"swiper-wrapper\">\n                                            <div class=\"swiper-slide\">\n                    <div class=\"push__teachers-card\">\n                        <div\n                            class=\"push__teachers-profil\"\n                            \n                            style=\"background-image: url(https:\/\/sherpas.com\/content\/uploads\/2022\/01\/Jade2x.jpg);\"\n                        >\n                    <\/div>\n                         <p class=\"push__teachers-name\">Jade<\/p>                          <p class=\"push__teachers-school\">Sciences Po Paris<\/p>                                                     <div class=\"push__teachers-note\">\n                                                                    <svg  class=\"active\" >\n                                        <use\n                                            xlink:href=\"\/content\/themes\/sherpas-theme\/dist\/images\/sprite.svg#star\"\/>\n                                    <\/svg>\n                                                                    <svg  class=\"active\" >\n                                        <use\n                                            xlink:href=\"\/content\/themes\/sherpas-theme\/dist\/images\/sprite.svg#star\"\/>\n                                    <\/svg>\n                                                                    <svg  class=\"active\" >\n                                        <use\n                                            xlink:href=\"\/content\/themes\/sherpas-theme\/dist\/images\/sprite.svg#star\"\/>\n                                    <\/svg>\n                                                                    <svg  class=\"active\" >\n                                        <use\n                                            xlink:href=\"\/content\/themes\/sherpas-theme\/dist\/images\/sprite.svg#star\"\/>\n                                    <\/svg>\n                                                                    <svg  class=\"active\" >\n                                        <use\n                                            xlink:href=\"\/content\/themes\/sherpas-theme\/dist\/images\/sprite.svg#star\"\/>\n                                    <\/svg>\n                                                            <\/div>\n                                                 <p class=\"push__teachers-price\">21\u20ac\/h<\/p>                     <\/div>\n                <\/div>\n                                            <div class=\"swiper-slide\">\n                    <div class=\"push__teachers-card\">\n                        <div\n                            class=\"push__teachers-profil\"\n                            \n                            style=\"background-image: url(https:\/\/sherpas.com\/content\/uploads\/2022\/01\/Cle\u0301mence2x.png);\"\n                        >\n                    <\/div>\n                         <p class=\"push__teachers-name\">Cl\u00e9mence<\/p>                          <p class=\"push__teachers-school\">HEC Paris<\/p>                                                     <div class=\"push__teachers-note\">\n                                                                    <svg  class=\"active\" >\n                                        <use\n                                            xlink:href=\"\/content\/themes\/sherpas-theme\/dist\/images\/sprite.svg#star\"\/>\n                                    <\/svg>\n                                                                    <svg  class=\"active\" >\n                                        <use\n                                            xlink:href=\"\/content\/themes\/sherpas-theme\/dist\/images\/sprite.svg#star\"\/>\n                                    <\/svg>\n                                                                    <svg  class=\"active\" >\n                                        <use\n                                            xlink:href=\"\/content\/themes\/sherpas-theme\/dist\/images\/sprite.svg#star\"\/>\n                                    <\/svg>\n                                                                    <svg  class=\"active\" >\n                                        <use\n                                            xlink:href=\"\/content\/themes\/sherpas-theme\/dist\/images\/sprite.svg#star\"\/>\n                                    <\/svg>\n                                                                    <svg  class=\"active\" >\n                                        <use\n                                            xlink:href=\"\/content\/themes\/sherpas-theme\/dist\/images\/sprite.svg#star\"\/>\n                                    <\/svg>\n                                                            <\/div>\n                                                 <p class=\"push__teachers-price\">21\u20ac\/h\/h<\/p>                     <\/div>\n                <\/div>\n                                            <div class=\"swiper-slide\">\n                    <div class=\"push__teachers-card\">\n                        <div\n                            class=\"push__teachers-profil\"\n                            \n                            style=\"background-image: url(https:\/\/sherpas.com\/content\/uploads\/2022\/01\/Olivier2x.png);\"\n                        >\n                    <\/div>\n                         <p class=\"push__teachers-name\">Olivier<\/p>                          <p class=\"push__teachers-school\">La Sorbonne<\/p>                                                     <div class=\"push__teachers-note\">\n                                                                    <svg  class=\"active\" >\n                                        <use\n                                            xlink:href=\"\/content\/themes\/sherpas-theme\/dist\/images\/sprite.svg#star\"\/>\n                                    <\/svg>\n                                                                    <svg  class=\"active\" >\n                                        <use\n                                            xlink:href=\"\/content\/themes\/sherpas-theme\/dist\/images\/sprite.svg#star\"\/>\n                                    <\/svg>\n                                                                    <svg  class=\"active\" >\n                                        <use\n                                            xlink:href=\"\/content\/themes\/sherpas-theme\/dist\/images\/sprite.svg#star\"\/>\n                                    <\/svg>\n                                                                    <svg  class=\"active\" >\n                                        <use\n                                            xlink:href=\"\/content\/themes\/sherpas-theme\/dist\/images\/sprite.svg#star\"\/>\n                                    <\/svg>\n                                                                    <svg >\n                                        <use\n                                            xlink:href=\"\/content\/themes\/sherpas-theme\/dist\/images\/sprite.svg#star\"\/>\n                                    <\/svg>\n                                                            <\/div>\n                                                 <p class=\"push__teachers-price\">13\u20ac\/h<\/p>                     <\/div>\n                <\/div>\n                                            <div class=\"swiper-slide\">\n                    <div class=\"push__teachers-card\">\n                        <div\n                            class=\"push__teachers-profil\"\n                            \n                            style=\"background-image: url(https:\/\/sherpas.com\/content\/uploads\/2022\/01\/Pierre2x.png);\"\n                        >\n                    <\/div>\n                         <p class=\"push__teachers-name\">Pierre<\/p>                          <p class=\"push__teachers-school\">ESSEC<\/p>                                                     <div class=\"push__teachers-note\">\n                                                                    <svg  class=\"active\" >\n                                        <use\n                                            xlink:href=\"\/content\/themes\/sherpas-theme\/dist\/images\/sprite.svg#star\"\/>\n                                    <\/svg>\n                                                                    <svg  class=\"active\" >\n                                        <use\n                                            xlink:href=\"\/content\/themes\/sherpas-theme\/dist\/images\/sprite.svg#star\"\/>\n                                    <\/svg>\n                                                                    <svg  class=\"active\" >\n                                        <use\n                                            xlink:href=\"\/content\/themes\/sherpas-theme\/dist\/images\/sprite.svg#star\"\/>\n                                    <\/svg>\n                                                                    <svg  class=\"active\" >\n                                        <use\n                                            xlink:href=\"\/content\/themes\/sherpas-theme\/dist\/images\/sprite.svg#star\"\/>\n                                    <\/svg>\n                                                                    <svg  class=\"active\" >\n                                        <use\n                                            xlink:href=\"\/content\/themes\/sherpas-theme\/dist\/images\/sprite.svg#star\"\/>\n                                    <\/svg>\n                                                            <\/div>\n                                                 <p class=\"push__teachers-price\">16\u20ac\/h<\/p>                     <\/div>\n                <\/div>\n                                            <div class=\"swiper-slide\">\n                    <div class=\"push__teachers-card\">\n                        <div\n                            class=\"push__teachers-profil\"\n                            \n                            style=\"background-image: url(https:\/\/sherpas.com\/content\/uploads\/2022\/01\/Emilie2x.jpg);\"\n                        >\n                    <\/div>\n                         <p class=\"push__teachers-name\">Emilie<\/p>                          <p class=\"push__teachers-school\">Sciences Po Lyon<\/p>                                                     <div class=\"push__teachers-note\">\n                                                                    <svg  class=\"active\" >\n                                        <use\n                                            xlink:href=\"\/content\/themes\/sherpas-theme\/dist\/images\/sprite.svg#star\"\/>\n                                    <\/svg>\n                                                                    <svg  class=\"active\" >\n                                        <use\n                                            xlink:href=\"\/content\/themes\/sherpas-theme\/dist\/images\/sprite.svg#star\"\/>\n                                    <\/svg>\n                                                                    <svg  class=\"active\" >\n                                        <use\n                                            xlink:href=\"\/content\/themes\/sherpas-theme\/dist\/images\/sprite.svg#star\"\/>\n                                    <\/svg>\n                                                                    <svg  class=\"active\" >\n                                        <use\n                                            xlink:href=\"\/content\/themes\/sherpas-theme\/dist\/images\/sprite.svg#star\"\/>\n                                    <\/svg>\n                                                                    <svg  class=\"active\" >\n                                        <use\n                                            xlink:href=\"\/content\/themes\/sherpas-theme\/dist\/images\/sprite.svg#star\"\/>\n                                    <\/svg>\n                                                            <\/div>\n                                                 <p class=\"push__teachers-price\">19\u20ac\/h<\/p>                     <\/div>\n                <\/div>\n                                            <div class=\"swiper-slide\">\n                    <div class=\"push__teachers-card\">\n                        <div\n                            class=\"push__teachers-profil\"\n                            \n                            style=\"background-image: url(https:\/\/sherpas.com\/content\/uploads\/2022\/01\/Antoine2x.png);\"\n                        >\n                    <\/div>\n                         <p class=\"push__teachers-name\">Antoine<\/p>                          <p class=\"push__teachers-school\">Sciences Po Paris<\/p>                                                     <div class=\"push__teachers-note\">\n                                                                    <svg  class=\"active\" >\n                                        <use\n                                            xlink:href=\"\/content\/themes\/sherpas-theme\/dist\/images\/sprite.svg#star\"\/>\n                                    <\/svg>\n                                                                    <svg  class=\"active\" >\n                                        <use\n                                            xlink:href=\"\/content\/themes\/sherpas-theme\/dist\/images\/sprite.svg#star\"\/>\n                                    <\/svg>\n                                                                    <svg  class=\"active\" >\n                                        <use\n                                            xlink:href=\"\/content\/themes\/sherpas-theme\/dist\/images\/sprite.svg#star\"\/>\n                                    <\/svg>\n                                                                    <svg  class=\"active\" >\n                                        <use\n                                            xlink:href=\"\/content\/themes\/sherpas-theme\/dist\/images\/sprite.svg#star\"\/>\n                                    <\/svg>\n                                                                    <svg  class=\"active\" >\n                                        <use\n                                            xlink:href=\"\/content\/themes\/sherpas-theme\/dist\/images\/sprite.svg#star\"\/>\n                                    <\/svg>\n                                                            <\/div>\n                                                 <p class=\"push__teachers-price\">18\u20ac\/h\/h<\/p>                     <\/div>\n                <\/div>\n                                            <div class=\"swiper-slide\">\n                    <div class=\"push__teachers-card\">\n                        <div\n                            class=\"push__teachers-profil\"\n                            \n                            style=\"background-image: url(https:\/\/sherpas.com\/content\/uploads\/2022\/01\/Margot2x.png);\"\n                        >\n                    <\/div>\n                         <p class=\"push__teachers-name\">Margot<\/p>                          <p class=\"push__teachers-school\">Arts et M\u00e9tiers ParisTech<\/p>                                                     <div class=\"push__teachers-note\">\n                                                                    <svg  class=\"active\" >\n                                        <use\n                                            xlink:href=\"\/content\/themes\/sherpas-theme\/dist\/images\/sprite.svg#star\"\/>\n                                    <\/svg>\n                                                                    <svg  class=\"active\" >\n                                        <use\n                                            xlink:href=\"\/content\/themes\/sherpas-theme\/dist\/images\/sprite.svg#star\"\/>\n                                    <\/svg>\n                                                                    <svg  class=\"active\" >\n                                        <use\n                                            xlink:href=\"\/content\/themes\/sherpas-theme\/dist\/images\/sprite.svg#star\"\/>\n                                    <\/svg>\n                                                                    <svg  class=\"active\" >\n                                        <use\n                                            xlink:href=\"\/content\/themes\/sherpas-theme\/dist\/images\/sprite.svg#star\"\/>\n                                    <\/svg>\n                                                                    <svg  class=\"active\" >\n                                        <use\n                                            xlink:href=\"\/content\/themes\/sherpas-theme\/dist\/images\/sprite.svg#star\"\/>\n                                    <\/svg>\n                                                            <\/div>\n                                                 <p class=\"push__teachers-price\">22\u20ac\/h\/h<\/p>                     <\/div>\n                <\/div>\n                                            <div class=\"swiper-slide\">\n                    <div class=\"push__teachers-card\">\n                        <div\n                            class=\"push__teachers-profil\"\n                            \n                            style=\"background-image: url(https:\/\/sherpas.com\/content\/uploads\/2022\/01\/Thibault2x.png);\"\n                        >\n                    <\/div>\n                         <p class=\"push__teachers-name\">Thibault<\/p>                          <p class=\"push__teachers-school\">ENS Paris Ulm<\/p>                                                     <div class=\"push__teachers-note\">\n                                                                    <svg  class=\"active\" >\n                                        <use\n                                            xlink:href=\"\/content\/themes\/sherpas-theme\/dist\/images\/sprite.svg#star\"\/>\n                                    <\/svg>\n                                                                    <svg  class=\"active\" >\n                                        <use\n                                            xlink:href=\"\/content\/themes\/sherpas-theme\/dist\/images\/sprite.svg#star\"\/>\n                                    <\/svg>\n                                                                    <svg  class=\"active\" >\n                                        <use\n                                            xlink:href=\"\/content\/themes\/sherpas-theme\/dist\/images\/sprite.svg#star\"\/>\n                                    <\/svg>\n                                                                    <svg  class=\"active\" >\n                                        <use\n                                            xlink:href=\"\/content\/themes\/sherpas-theme\/dist\/images\/sprite.svg#star\"\/>\n                                    <\/svg>\n                                                                    <svg  class=\"active\" >\n                                        <use\n                                            xlink:href=\"\/content\/themes\/sherpas-theme\/dist\/images\/sprite.svg#star\"\/>\n                                    <\/svg>\n                                                            <\/div>\n                                                 <p class=\"push__teachers-price\">20\u20ac\/h<\/p>                     <\/div>\n                <\/div>\n                    <\/div>\n    <\/div>\n<\/div>\n                                                    <div class=\"push__content\">\n                                                            <div  class=\"d-none d-md-block\" >\n                                    <img decoding=\"async\" class=\"push__logo\" src=\"\/content\/themes\/sherpas-theme\/dist\/images\/logo.svg\"\n                                        alt=\"Logo Sherpas\">\n                                <\/div>\n                                                                                        <div class=\"push__title\"><p>Besoin d&rsquo;un <span style=\"color: #4cc583;\">prof particulier<\/span> d&rsquo;espagnol ? <span role=\"image\" aria-label=\"\u2728\">\u2728<\/span><\/p>\n<\/div>\n                                                                                        <div class=\"push__text\"><p>Nos Sherpas sont l\u00e0 pour t&rsquo;aider \u00e0 progresser et prendre confiance en toi !<\/p>\n<\/div>\n                                                        <div class=\"push__promo-button   \">\n                                                                                                    <div\n                                        class=\"btn btn-primary\"\n                                        style=\"color: ; border-color: ; background-color: \"\n\n                                    >\n                                        JE PRENDS UN COURS OFFERT !\n                                    <\/div>\n                                                            <\/div>\n                                                    <\/div>\n                                    <\/div>\n                                    <\/div>\n    <\/section>\n\n\n\n<h2 class=\"wp-block-heading\" id=\"recap-les-dates-a-retenir\">\u2705 R\u00e9cap : les dates \u00e0 retenir<\/h2>\n\n\n\n<p>Pour t\u2019aider \u00e0 faire tes fiches de cours, on t\u2019a fait une liste <strong>des \u00e9v\u00e9nements et dates cl\u00e9s<\/strong> li\u00e9s de pr\u00e8s ou de loin \u00e0 Franco. Red\u00e9couvre-les ! \ud83d\udc47<\/p>\n\n\n<section class=\"you-know\">\n                <div class=\"you-know__title\"><\/div>\n                        <div class=\"you-know__text\">\n            <p>\ud83d\udccc 17 juillet 1936 : d\u00e9but de la guerre civile espagnole.<\/p>\n<p>\ud83d\udccc 1er octobre 1936 : Franco devient le g\u00e9n\u00e9ral des forces nationalistes.<\/p>\n<p>\ud83d\udccc 1er avril 1939 : fin du conflit et victoire des nationalistes.<\/p>\n<p>\ud83d\udccc 1er octobre 1939 : proclamation de Franco comme chef de l&rsquo;\u00c9tat espagnol.<\/p>\n<p>\ud83d\udccc 1939-1945 : Franco soutient discr\u00e8tement l&rsquo;Allemagne nazie et l&rsquo;Italie fasciste.<\/p>\n<p>\ud83d\udccc 23 septembre 1953 : signature des accords de Madrid avec les \u00c9tats-Unis.<\/p>\n<p>\ud83d\udccc 14 d\u00e9cembre 1955 : l&rsquo;Espagne int\u00e8gre l&rsquo;ONU.<\/p>\n<p>\ud83d\udccc 22 juillet 1969 : d\u00e9signation de Juan Carlos comme successeur du dictateur.<\/p>\n<p>\ud83d\udccc 20 novembre 1975 : mort de Franco apr\u00e8s 35 jours d\u2019agonie.<\/p>\n\n        <\/div>\n              <\/section>\n\n\n<section class=\"read-also\">\n    <p class=\"read-also__title\">\u00c0 lire aussi<\/p>\n            <div class=\"read-also__list\">\n            <p>Comprends enfin la <a href=\"https:\/\/sherpas.com\/blog\/guerre-despagne\/\">guerre d&rsquo;Espagne<\/a> avec notre article !<\/p>\n\n        <\/div>\n    <\/section>\n\n\n\n<h2 class=\"wp-block-heading\" id=\"lheritage-franquiste-et-la-transition-vers-la-democratie\">L&rsquo;h\u00e9ritage franquiste et la transition vers la d\u00e9mocratie \ud83e\udd1d<\/h2>\n\n\n\n<h3 class=\"wp-block-heading\" id=\"la-transition-vers-la-democratie\">La transition vers la d\u00e9mocratie \u27a1\ufe0f<\/h3>\n\n\n\n<p>Apr\u00e8s avoir contr\u00f4l\u00e9 le peuple pendant pr\u00e8s de quatre d\u00e9cennies, Franco est mort le 20 novembre 1975.<strong> Sa propre fin a marqu\u00e9 celle d&rsquo;une \u00e9poque <\/strong>de r\u00e9pression politique, de censures et de restrictions des libert\u00e9s individuelles. Plusieurs \u00e9v\u00e9nements importants ont permis cette <a href=\"https:\/\/sherpas.com\/blog\/transition-democratique-espagnole\/\" data-type=\"post\" data-id=\"247442\">transition vers la d\u00e9mocratie<\/a> ! \ud83d\udc47<\/p>\n\n\n\n<p><strong>\u2714\ufe0f Juan Carlos Ier, d\u00e9sign\u00e9 par Franco comme son successeur.<\/strong><\/p>\n\n\n\n<p>Il s\u2019est positionn\u00e9 comme un d\u00e9fenseur de la d\u00e9mocratie et a jou\u00e9 un r\u00f4le crucial. <strong>Son refus de soutenir le coup d&rsquo;\u00c9tat militaire<\/strong> du 23 f\u00e9vrier 1981, connu sous le num\u00e9ronyme 23-F, a d\u00e9montr\u00e9 son engagement en faveur de la d\u00e9mocratie et a renforc\u00e9 la l\u00e9gitimit\u00e9 de la monarchie constitutionnelle.<\/p>\n\n\n<div class=\"wp-block-image\">\n<figure class=\"aligncenter size-large is-resized\"><img decoding=\"async\" width=\"1051\" height=\"788\" src=\"https:\/\/sherpas.com\/blog\/content\/uploads\/2023\/06\/franco-vieux-1-edited-1.jpg\" alt=\"Franco plus \u00e2g\u00e9 regarde l'horizon.\" class=\"wp-image-259917\" style=\"width:474px\" srcset=\"https:\/\/xapbm7c37i.cloudimg.io\/https:\/\/sherpas.com\/blog\/content\/uploads\/2023\/06\/franco-vieux-1-edited-1.jpg?q=85&amp;force_format=webp&amp;org_if_sml=1&amp;w=1051 1051w, https:\/\/xapbm7c37i.cloudimg.io\/https:\/\/sherpas.com\/blog\/content\/uploads\/2023\/06\/franco-vieux-1-edited-1.jpg?q=85&amp;force_format=webp&amp;org_if_sml=1&amp;w=300 300w, https:\/\/xapbm7c37i.cloudimg.io\/https:\/\/sherpas.com\/blog\/content\/uploads\/2023\/06\/franco-vieux-1-edited-1.jpg?q=85&amp;force_format=webp&amp;org_if_sml=1&amp;w=1024 1024w, https:\/\/xapbm7c37i.cloudimg.io\/https:\/\/sherpas.com\/blog\/content\/uploads\/2023\/06\/franco-vieux-1-edited-1.jpg?q=85&amp;force_format=webp&amp;org_if_sml=1&amp;w=768 768w, https:\/\/xapbm7c37i.cloudimg.io\/https:\/\/sherpas.com\/blog\/content\/uploads\/2023\/06\/franco-vieux-1-edited-1.jpg?q=85&amp;force_format=webp&amp;org_if_sml=1&amp;w=167 167w, https:\/\/xapbm7c37i.cloudimg.io\/https:\/\/sherpas.com\/blog\/content\/uploads\/2023\/06\/franco-vieux-1-edited-1.jpg?q=85&amp;force_format=webp&amp;org_if_sml=1&amp;w=363 363w, https:\/\/xapbm7c37i.cloudimg.io\/https:\/\/sherpas.com\/blog\/content\/uploads\/2023\/06\/franco-vieux-1-edited-1.jpg?q=85&amp;force_format=webp&amp;org_if_sml=1&amp;w=288 288w, https:\/\/xapbm7c37i.cloudimg.io\/https:\/\/sherpas.com\/blog\/content\/uploads\/2023\/06\/franco-vieux-1-edited-1.jpg?q=85&amp;force_format=webp&amp;org_if_sml=1&amp;w=495 495w, https:\/\/xapbm7c37i.cloudimg.io\/https:\/\/sherpas.com\/blog\/content\/uploads\/2023\/06\/franco-vieux-1-edited-1.jpg?q=85&amp;force_format=webp&amp;org_if_sml=1&amp;w=265 265w, https:\/\/xapbm7c37i.cloudimg.io\/https:\/\/sherpas.com\/blog\/content\/uploads\/2023\/06\/franco-vieux-1-edited-1.jpg?q=85&amp;force_format=webp&amp;org_if_sml=1&amp;w=60 60w\" sizes=\"(max-width: 1051px) 100vw, 1051px\" \/><figcaption class=\"wp-element-caption\"><em>Franco \u00e2g\u00e9, au calme avec ses lunettes de soleil.<\/em><\/figcaption><\/figure>\n<\/div>\n\n\n<p><strong>\u2714\ufe0f Les Pactes de la Moncloa, sign\u00e9s le 25 octobre 1977.<\/strong><\/p>\n\n\n\n<p>Ces accords entre les diff\u00e9rentes forces politiques espagnoles ont permis de<strong> surmonter les diff\u00e9rences<\/strong> et divisions. Les Pactes de la Moncloa ont aussi \u00e9t\u00e9 accompagn\u00e9s de r\u00e9formes \u00e9conomiques et sociales visant \u00e0 moderniser le pays.<\/p>\n\n\n\n<p><strong>\u2714\ufe0f La nouvelle constitution espagnole adopt\u00e9e en 1978.<\/strong><\/p>\n\n\n\n<p>Cette constitution, largement soutenue par la population lors d&rsquo;un r\u00e9f\u00e9rendum, a marqu\u00e9 une <strong>rupture avec l&rsquo;h\u00e9ritage autoritaire<\/strong> de Franco et a pos\u00e9 les bases d&rsquo;une soci\u00e9t\u00e9 d\u00e9mocratique.<\/p>\n\n\n<section class=\"read-also\">\n    <p class=\"read-also__title\">\u00c0 lire aussi<\/p>\n            <div class=\"read-also__list\">\n            <p>\ud83d\udce2 Fiche histoire : <a href=\"https:\/\/sherpas.com\/blog\/propagande-histoire\/\">la propagande<\/a> !<\/p>\n\n        <\/div>\n    <\/section>\n\n\n\n<h3 class=\"wp-block-heading\" id=\"lombre-du-tyran-dans-lespagne-contemporaine\">L&rsquo;ombre du tyran dans l&rsquo;Espagne contemporaine \ud83e\udea6<\/h3>\n\n\n\n<p>Malgr\u00e9 cette \u00e9volution, l&rsquo;ombre du tyran continue de planer sur le peuple. Un d\u00e9bat intense sur la m\u00e9moire historique a \u00e9merg\u00e9, amenant les gens \u00e0 prendre des initiatives pour<strong> retirer les symboles franquistes<\/strong> des espaces publics.<\/p>\n\n\n<section class=\"you-know\">\n                <div class=\"you-know__title\"><p>\u21aa\ufe0f Exemples<\/p>\n<\/div>\n                        <div class=\"you-know__text\">\n            <ul>\n<li>Le retrait des statues \u00e0 son effigie<\/li>\n<li>Le changement des noms de rues associ\u00e9s<\/li>\n<\/ul>\n\n        <\/div>\n              <\/section>\n\n\n\n<p>Au XIXe si\u00e8cle, on voit que <strong>cette question suscite des divisions <\/strong>au sein de la soci\u00e9t\u00e9 espagnole. Les fractures sociales caus\u00e9es par Franco persistent comme le montrent les discussions concernant<em> La Valle de los Ca\u00eddos<\/em>.<\/p>\n\n\n<section class=\"you-know\">\n                <div class=\"you-know__title\"><p>\u21aa\ufe0f Exemple<\/p>\n<\/div>\n                        <div class=\"you-know__text\">\n            <p>La vall\u00e9e de ceux qui sont tomb\u00e9s (en fran\u00e7ais) est un monument colossal construit sous Franco pour glorifier le r\u00e9gime et abriter les restes de milliers de victimes de la guerre civile. Si c\u2019est devenu un symbole de l&rsquo;oppression franquiste, il s\u2019agissait auparavant d\u2019<strong>un hommage fait pour r\u00e9concilier les r\u00e9publicains et les franquistes<\/strong>.<\/p>\n\n        <\/div>\n              <\/section>\n\n\n<div class=\"wp-block-image\">\n<figure class=\"aligncenter size-full is-resized\"><img decoding=\"async\" width=\"640\" height=\"427\" src=\"https:\/\/sherpas.com\/blog\/content\/uploads\/2023\/06\/la-vallee.jpg\" alt=\"La vall\u00e9e construite sur ordre de Franco.\" class=\"wp-image-259918\" style=\"width:532px;height:355px\" srcset=\"https:\/\/xapbm7c37i.cloudimg.io\/https:\/\/sherpas.com\/blog\/content\/uploads\/2023\/06\/la-vallee.jpg?q=85&amp;force_format=webp&amp;org_if_sml=1&amp;w=640 640w, https:\/\/xapbm7c37i.cloudimg.io\/https:\/\/sherpas.com\/blog\/content\/uploads\/2023\/06\/la-vallee.jpg?q=85&amp;force_format=webp&amp;org_if_sml=1&amp;w=300 300w, https:\/\/xapbm7c37i.cloudimg.io\/https:\/\/sherpas.com\/blog\/content\/uploads\/2023\/06\/la-vallee.jpg?q=85&amp;force_format=webp&amp;org_if_sml=1&amp;w=187 187w, https:\/\/xapbm7c37i.cloudimg.io\/https:\/\/sherpas.com\/blog\/content\/uploads\/2023\/06\/la-vallee.jpg?q=85&amp;force_format=webp&amp;org_if_sml=1&amp;w=396 396w, https:\/\/xapbm7c37i.cloudimg.io\/https:\/\/sherpas.com\/blog\/content\/uploads\/2023\/06\/la-vallee.jpg?q=85&amp;force_format=webp&amp;org_if_sml=1&amp;w=288 288w, https:\/\/xapbm7c37i.cloudimg.io\/https:\/\/sherpas.com\/blog\/content\/uploads\/2023\/06\/la-vallee.jpg?q=85&amp;force_format=webp&amp;org_if_sml=1&amp;w=556 556w, https:\/\/xapbm7c37i.cloudimg.io\/https:\/\/sherpas.com\/blog\/content\/uploads\/2023\/06\/la-vallee.jpg?q=85&amp;force_format=webp&amp;org_if_sml=1&amp;w=265 265w, https:\/\/xapbm7c37i.cloudimg.io\/https:\/\/sherpas.com\/blog\/content\/uploads\/2023\/06\/la-vallee.jpg?q=85&amp;force_format=webp&amp;org_if_sml=1&amp;w=60 60w, https:\/\/xapbm7c37i.cloudimg.io\/https:\/\/sherpas.com\/blog\/content\/uploads\/2023\/06\/la-vallee.jpg?q=85&amp;force_format=webp&amp;org_if_sml=1&amp;w=378 378w\" sizes=\"(max-width: 640px) 100vw, 640px\" \/><figcaption class=\"wp-element-caption\"><em>La Valle de los Ca\u00eddos, elle ne passe pas inaper\u00e7u.<\/em>..<\/figcaption><\/figure>\n<\/div>\n\n\n<h3 class=\"wp-block-heading\" id=\"conclusion\">Conclusion<\/h3>\n\n\n\n<p>Encore aujourd&rsquo;hui, <strong>le franquisme reste un sujet d\u00e9licat au vu des conflits<\/strong> qui ont marqu\u00e9 l\u2019Espagne pendant de nombreuses ann\u00e9es. Pour autant, n\u2019oublie jamais que la figure majeure qui a rendu cette p\u00e9riode d\u2019oppression possible est Francisco Franco. On esp\u00e8re que, gr\u00e2ce \u00e0 ce portrait, tu as compris comment et pourquoi il a un jour \u00e9t\u00e9 au pouvoir. \ud83d\ude2c<\/p>\n\n\n<div class=\"kk-star-ratings kksr-auto kksr-align-center kksr-valign-bottom\"\n    data-payload='{&quot;align&quot;:&quot;center&quot;,&quot;id&quot;:&quot;259316&quot;,&quot;slug&quot;:&quot;default&quot;,&quot;valign&quot;:&quot;bottom&quot;,&quot;ignore&quot;:&quot;&quot;,&quot;reference&quot;:&quot;auto&quot;,&quot;class&quot;:&quot;&quot;,&quot;count&quot;:&quot;12&quot;,&quot;legendonly&quot;:&quot;&quot;,&quot;readonly&quot;:&quot;&quot;,&quot;score&quot;:&quot;3.9&quot;,&quot;starsonly&quot;:&quot;&quot;,&quot;best&quot;:&quot;5&quot;,&quot;gap&quot;:&quot;5&quot;,&quot;greet&quot;:&quot;Tu as aim\u00e9 cet article ?&quot;,&quot;legend&quot;:&quot;3.9\\\/5 - (12 votes)&quot;,&quot;size&quot;:&quot;24&quot;,&quot;title&quot;:&quot;Francisco Franco, le dictateur qui voulait unifier l\\u0026#039;Espagne \ud83c\uddea\ud83c\uddf8&quot;,&quot;width&quot;:&quot;110.6&quot;,&quot;_legend&quot;:&quot;{score}\\\/{best} - ({count} {votes})&quot;,&quot;font_factor&quot;:&quot;1.25&quot;}'>\n            \n<div class=\"kksr-stars\">\n    \n<div class=\"kksr-stars-inactive\">\n            <div class=\"kksr-star\" data-star=\"1\" style=\"padding-right: 5px\">\n            \n\n<div class=\"kksr-icon\" style=\"width: 24px; height: 24px;\"><\/div>\n        <\/div>\n            <div class=\"kksr-star\" data-star=\"2\" style=\"padding-right: 5px\">\n            \n\n<div class=\"kksr-icon\" style=\"width: 24px; height: 24px;\"><\/div>\n        <\/div>\n            <div class=\"kksr-star\" data-star=\"3\" style=\"padding-right: 5px\">\n            \n\n<div class=\"kksr-icon\" style=\"width: 24px; height: 24px;\"><\/div>\n        <\/div>\n            <div class=\"kksr-star\" data-star=\"4\" style=\"padding-right: 5px\">\n            \n\n<div class=\"kksr-icon\" style=\"width: 24px; height: 24px;\"><\/div>\n        <\/div>\n            <div class=\"kksr-star\" data-star=\"5\" style=\"padding-right: 5px\">\n            \n\n<div class=\"kksr-icon\" style=\"width: 24px; height: 24px;\"><\/div>\n        <\/div>\n    <\/div>\n    \n<div class=\"kksr-stars-active\" style=\"width: 110.6px;\">\n            <div class=\"kksr-star\" style=\"padding-right: 5px\">\n            \n\n<div class=\"kksr-icon\" style=\"width: 24px; height: 24px;\"><\/div>\n        <\/div>\n            <div class=\"kksr-star\" style=\"padding-right: 5px\">\n            \n\n<div class=\"kksr-icon\" style=\"width: 24px; height: 24px;\"><\/div>\n        <\/div>\n            <div class=\"kksr-star\" style=\"padding-right: 5px\">\n            \n\n<div class=\"kksr-icon\" style=\"width: 24px; height: 24px;\"><\/div>\n        <\/div>\n            <div class=\"kksr-star\" style=\"padding-right: 5px\">\n            \n\n<div class=\"kksr-icon\" style=\"width: 24px; height: 24px;\"><\/div>\n        <\/div>\n            <div class=\"kksr-star\" style=\"padding-right: 5px\">\n            \n\n<div class=\"kksr-icon\" style=\"width: 24px; height: 24px;\"><\/div>\n        <\/div>\n    <\/div>\n<\/div>\n                \n\n<div class=\"kksr-legend\" style=\"font-size: 19.2px;\">\n            3.9\/5 - (12 votes)    <\/div>\n    <\/div>\n","protected":false},"excerpt":{"rendered":"<p>Dans les annales de l&rsquo;histoire espagnole, un nom ressort toujours : Francisco Franco. Figure complexe, Franco a \u00e9t\u00e9 (&#8230;)<\/p>\n","protected":false},"author":329,"featured_media":259888,"comment_status":"open","ping_status":"closed","sticky":false,"template":"","format":"standard","meta":{"_acf_changed":false,"footnotes":""},"category":[803,821],"tag":[769,375,781],"class_list":["post-259316","post","type-post","status-publish","format-standard","has-post-thumbnail","hentry","category-apprendre-matiere","category-histoire","tag-espagne","tag-politique","tag-portraits"],"acf":[],"_links":{"self":[{"href":"https:\/\/sherpas.com\/blog\/wp-json\/wp\/v2\/posts\/259316","targetHints":{"allow":["GET"]}}],"collection":[{"href":"https:\/\/sherpas.com\/blog\/wp-json\/wp\/v2\/posts"}],"about":[{"href":"https:\/\/sherpas.com\/blog\/wp-json\/wp\/v2\/types\/post"}],"author":[{"embeddable":true,"href":"https:\/\/sherpas.com\/blog\/wp-json\/wp\/v2\/users\/329"}],"replies":[{"embeddable":true,"href":"https:\/\/sherpas.com\/blog\/wp-json\/wp\/v2\/comments?post=259316"}],"version-history":[{"count":0,"href":"https:\/\/sherpas.com\/blog\/wp-json\/wp\/v2\/posts\/259316\/revisions"}],"wp:featuredmedia":[{"embeddable":true,"href":"https:\/\/sherpas.com\/blog\/wp-json\/wp\/v2\/media\/259888"}],"wp:attachment":[{"href":"https:\/\/sherpas.com\/blog\/wp-json\/wp\/v2\/media?parent=259316"}],"wp:term":[{"taxonomy":"category","embeddable":true,"href":"https:\/\/sherpas.com\/blog\/wp-json\/wp\/v2\/category?post=259316"},{"taxonomy":"tag","embeddable":true,"href":"https:\/\/sherpas.com\/blog\/wp-json\/wp\/v2\/tag?post=259316"}],"curies":[{"name":"wp","href":"https:\/\/api.w.org\/{rel}","templated":true}]}}