{"id":256771,"date":"2024-08-01T12:19:04","date_gmt":"2024-08-01T10:19:04","guid":{"rendered":"https:\/\/sherpas.com\/blog\/?p=256771"},"modified":"2025-01-09T12:03:30","modified_gmt":"2025-01-09T11:03:30","slug":"adjectifs-couleur-accords-regles","status":"publish","type":"post","link":"https:\/\/sherpas.com\/blog\/adjectifs-couleur-accords-regles\/","title":{"rendered":"Adjectifs de couleur : comment les accorder ?"},"content":{"rendered":"\n<p>En pleine dict\u00e9e ou dissertation, tu te retrouves face au dilemme ultime : faut-il accorder \u00ab Barbe \u00bb et \u00ab bleu \u00bb ? C\u2019est l\u00e0 que tu regrettes de ne pas avoir \u00e9cout\u00e9 le cours de grammaire\u2026 On te dit que oui, c\u2019est le cas : on \u00e9crit \u00ab <a href=\"https:\/\/sherpas.com\/blog\/fiche-de-lecture-barbe-bleue\/\">Barbe bleue<\/a> \u00bb. Mais pourquoi ??? Lis notre fiche pour conna\u00eetre les r\u00e8gles d&rsquo;accord des adjectifs de couleur en fran\u00e7ais. Bonne lecture ! \ud83e\udd20<\/p>\n\n\n\n<h2 class=\"wp-block-heading\" id=\"la-regle-generale-tout-accorder\">La r\u00e8gle g\u00e9n\u00e9rale : tout accorder<\/h2>\n\n\n\n<p>De mani\u00e8re g\u00e9n\u00e9rale, si une seule couleur qualifie le nom ou pronom, alors elle doit s\u2019accorder en genre et en nombre.&nbsp;<\/p>\n\n\n<section class=\"you-know\">\n                <div class=\"you-know__title\"><p>\ud83d\udc49 Exemple<\/p>\n<\/div>\n                        <div class=\"you-know__text\">\n            <p>Les <strong>chemises vertes<\/strong>, qui sont \u00e9tendues sous la v\u00e9randa, sont magnifiques.<\/p>\n\n        <\/div>\n              <\/section>\n\n\n\n<p>Ici, <strong>\u00ab\u00a0vert\u00a0\u00bb doit \u00eatre accord\u00e9 avec le nom chemise<\/strong> (f\u00e9minin, pluriel) qu\u2019il caract\u00e9rise. Cela devient donc \u00ab vertes \u00bb.&nbsp;<\/p>\n\n\n\n<h3 class=\"wp-block-heading\" id=\"les-adjectifs-derives-dun-adjectif-ou-dun-nom-de-couleur\">Les adjectifs d\u00e9riv\u00e9s d\u2019un adjectif ou d\u2019un nom de couleur<\/h3>\n\n\n\n<p>Un adjectif d\u00e9riv\u00e9 d\u2019un adjectif ou d\u2019un nom de couleur renvoie \u00e0 un adjectif faisant lui-m\u00eame r\u00e9f\u00e9rence \u00e0 un adjectif ou nom de couleur.<\/p>\n\n\n<section class=\"you-know\">\n                <div class=\"you-know__title\"><p>\ud83d\udc49 Exemple<\/p>\n<p>&nbsp;<\/p>\n<\/div>\n                        <div class=\"you-know__text\">\n            <p>\u00ab bleut\u00e9 <span style=\"font-weight: 400\">\u00bb<\/span>\u00a0est un adjectif d\u00e9riv\u00e9 de l\u2019adjectif \u00ab bleu <span style=\"font-weight: 400\">\u00bb<\/span>. Tu arrives \u00e0 suivre ? \ud83e\udd2f<\/p>\n\n        <\/div>\n              <\/section>\n\n\n\n<p>Avec ces adjectifs, la r\u00e8gle appliqu\u00e9e est la m\u00eame. <strong>L\u2019adjectif s\u2019accorde avec le nom\/pronom qu\u2019il qualifie.<\/strong><\/p>\n\n\n<section class=\"you-know\">\n                <div class=\"you-know__title\"><p>\ud83d\udc49 Exemple<\/p>\n<\/div>\n                        <div class=\"you-know__text\">\n            <p>Ces lumi\u00e8res verd\u00e2tres me donnent la naus\u00e9e.<\/p>\n\n        <\/div>\n              <\/section>\n\n\n\n<p><strong>\u00ab Verd\u00e2tre \u00bb vient de l\u2019adjectif de couleur \u00ab vert \u00bb<\/strong>. Il s\u2019accorde donc avec \u00ab lumi\u00e8res \u00bb (f\u00e9minin, pluriel). Cela s\u2019\u00e9crit donc \u00ab verd\u00e2tres \u00bb.&nbsp;<\/p>\n\n\n\n<p>Tu commences \u00e0 comprendre ? Tant mieux parce que \u00e7a va se compliquer\u2026 Eh oui, il y a des exceptions ! Sinon, \u00e7a ne serait pas dr\u00f4le !<\/p>\n\n\n<div class=\"wp-block-image\">\n<figure class=\"aligncenter size-full is-resized\"><img decoding=\"async\" width=\"220\" height=\"220\" src=\"https:\/\/sherpas.com\/blog\/content\/uploads\/2023\/04\/adjectifs-couleur.gif\" alt=\"Eh oui, tu n'es pas au bout de tes peines !\" class=\"wp-image-256850\" style=\"width:364px;height:364px\" \/><\/figure>\n<\/div>\n\n\n<h3 class=\"wp-block-heading\" id=\"les-noms-utilises-comme-adjectifs-de-couleur\">Les noms utilis\u00e9s comme adjectifs de couleur<\/h3>\n\n\n\n<p>Les noms utilis\u00e9s comme adjectifs de couleur\u2026 sont tout b\u00eatement <strong>des noms tir\u00e9s d\u2019adjectifs de couleur<\/strong> !&nbsp;<\/p>\n\n\n<section class=\"you-know\">\n                <div class=\"you-know__title\"><p>\ud83d\udc49 Exemple<\/p>\n<\/div>\n                        <div class=\"you-know__text\">\n            <p>Tu connais le mot \u00ab cr\u00e8me \u00bb\u00a0dans le sens du nom ou de l\u2019adjectif ? C\u2019est un mot polys\u00e9mique (il a plusieurs sens) et <strong>peut donc \u00eatre un nom ou un adjectif<\/strong> !<\/p>\n\n        <\/div>\n              <\/section>\n\n\n\n<p><strong>Ces adjectifs sont invariables<\/strong>.<\/p>\n\n\n<section class=\"you-know\">\n                <div class=\"you-know__title\"><p>\ud83d\udc49 Exemple<\/p>\n<\/div>\n                        <div class=\"you-know__text\">\n            <p>Ces carottes orange ont l\u2019air d\u00e9licieuses. Pourquoi on n\u2019accorde pas \u00ab orange \u00bb au mot \u00ab carotte \u00bb\u00a0(f\u00e9minin pluriel) ? Car <strong>l\u2019adjectif vient du nom du fruit\u2026 Il est donc invariable.<\/strong> \ud83e\udd55<\/p>\n\n        <\/div>\n              <\/section>\n\n\n\n<p><\/p>\n\n\n\n<p>\u26a0\ufe0f Exceptions (toujours plus) : <\/p>\n\n\n\n<ul class=\"wp-block-list\">\n<li>\u00e9carlate<\/li>\n<\/ul>\n\n\n\n<ul class=\"wp-block-list\">\n<li>fauve<\/li>\n<\/ul>\n\n\n\n<ul class=\"wp-block-list\">\n<li>incarnat<\/li>\n<\/ul>\n\n\n\n<ul class=\"wp-block-list\">\n<li>mauve<\/li>\n<\/ul>\n\n\n\n<ul class=\"wp-block-list\">\n<li>pourpre<\/li>\n<\/ul>\n\n\n\n<ul class=\"wp-block-list\">\n<li>rose<\/li>\n<\/ul>\n\n\n\n<ul class=\"wp-block-list\">\n<li>vermeil<\/li>\n<\/ul>\n\n\n\n<p>Bien qu\u2019ils proviennent d\u2019un nom, <strong>ils s\u2019accordent<\/strong> avec le nom ou le pronom avec lequel ils sont en relation.<\/p>\n\n\n<section class=\"you-know\">\n                <div class=\"you-know__title\"><p>\ud83d\udc49 Exemple<\/p>\n<\/div>\n                        <div class=\"you-know__text\">\n            <p>Il lui a offert des <strong>roses \u00e9carlates<\/strong> pour la Saint-Valentin.<\/p>\n\n        <\/div>\n              <\/section>\n\n\n<section class=\"push \">\n        <div >\n            \n                                                <div class=\"push__container  qcd\" data-target=\"_self\" data-qcd=\"aHR0cHM6Ly9zaGVycGFzLmNvbS9mdW5uZWwtc3R1ZGVudC1xdWFsaWZpY2F0aW9u\" data-banner=\"2\" data-name=\"Cours part&amp;rsquo; global #1 = CPG1\" style=\"background-color: #F3FBF7\" >\n                                                                        <div class=\"push__teachers\">\n    <div class=\"d-flex justify-content-center d-md-none\">\n        <img decoding=\"async\" class=\"push__logo\" src=\"\/content\/themes\/sherpas-theme\/dist\/images\/logo.svg\" alt=\"Logo Sherpas\">\n    <\/div>\n    <div class=\"swiper\">\n        <div class=\"swiper-wrapper\">\n                                            <div class=\"swiper-slide\">\n                    <div class=\"push__teachers-card\">\n                        <div\n                            class=\"push__teachers-profil\"\n                            \n                            style=\"background-image: url(https:\/\/sherpas.com\/content\/uploads\/2022\/01\/Alma2x.jpg);\"\n                        >\n                    <\/div>\n                         <p class=\"push__teachers-name\">Alma<\/p>                          <p class=\"push__teachers-school\">ENS Paris-Saclay<\/p>                                                     <div class=\"push__teachers-note\">\n                                                                    <svg  class=\"active\" >\n                                        <use\n                                            xlink:href=\"\/content\/themes\/sherpas-theme\/dist\/images\/sprite.svg#star\"\/>\n                                    <\/svg>\n                                                                    <svg  class=\"active\" >\n                                        <use\n                                            xlink:href=\"\/content\/themes\/sherpas-theme\/dist\/images\/sprite.svg#star\"\/>\n                                    <\/svg>\n                                                                    <svg  class=\"active\" >\n                                        <use\n                                            xlink:href=\"\/content\/themes\/sherpas-theme\/dist\/images\/sprite.svg#star\"\/>\n                                    <\/svg>\n                                                                    <svg  class=\"active\" >\n                                        <use\n                                            xlink:href=\"\/content\/themes\/sherpas-theme\/dist\/images\/sprite.svg#star\"\/>\n                                    <\/svg>\n                                                                    <svg  class=\"active\" >\n                                        <use\n                                            xlink:href=\"\/content\/themes\/sherpas-theme\/dist\/images\/sprite.svg#star\"\/>\n                                    <\/svg>\n                                                            <\/div>\n                                                 <p class=\"push__teachers-price\">24\u20ac\/h<\/p>                     <\/div>\n                <\/div>\n                                            <div class=\"swiper-slide\">\n                    <div class=\"push__teachers-card\">\n                        <div\n                            class=\"push__teachers-profil\"\n                            \n                            style=\"background-image: url(https:\/\/sherpas.com\/content\/uploads\/2022\/01\/Antoine2x.png);\"\n                        >\n                    <\/div>\n                         <p class=\"push__teachers-name\">Antoine<\/p>                          <p class=\"push__teachers-school\">Sciences Po Paris<\/p>                                                     <div class=\"push__teachers-note\">\n                                                                    <svg  class=\"active\" >\n                                        <use\n                                            xlink:href=\"\/content\/themes\/sherpas-theme\/dist\/images\/sprite.svg#star\"\/>\n                                    <\/svg>\n                                                                    <svg  class=\"active\" >\n                                        <use\n                                            xlink:href=\"\/content\/themes\/sherpas-theme\/dist\/images\/sprite.svg#star\"\/>\n                                    <\/svg>\n                                                                    <svg  class=\"active\" >\n                                        <use\n                                            xlink:href=\"\/content\/themes\/sherpas-theme\/dist\/images\/sprite.svg#star\"\/>\n                                    <\/svg>\n                                                                    <svg  class=\"active\" >\n                                        <use\n                                            xlink:href=\"\/content\/themes\/sherpas-theme\/dist\/images\/sprite.svg#star\"\/>\n                                    <\/svg>\n                                                                    <svg  class=\"active\" >\n                                        <use\n                                            xlink:href=\"\/content\/themes\/sherpas-theme\/dist\/images\/sprite.svg#star\"\/>\n                                    <\/svg>\n                                                            <\/div>\n                                                 <p class=\"push__teachers-price\">18\u20ac\/h\/h<\/p>                     <\/div>\n                <\/div>\n                                            <div class=\"swiper-slide\">\n                    <div class=\"push__teachers-card\">\n                        <div\n                            class=\"push__teachers-profil\"\n                            \n                            style=\"background-image: url(https:\/\/sherpas.com\/content\/uploads\/2022\/01\/Sophie2x.png);\"\n                        >\n                    <\/div>\n                         <p class=\"push__teachers-name\">Sophie<\/p>                          <p class=\"push__teachers-school\">Sciences Po Bordeaux<\/p>                                                     <div class=\"push__teachers-note\">\n                                                                    <svg  class=\"active\" >\n                                        <use\n                                            xlink:href=\"\/content\/themes\/sherpas-theme\/dist\/images\/sprite.svg#star\"\/>\n                                    <\/svg>\n                                                                    <svg  class=\"active\" >\n                                        <use\n                                            xlink:href=\"\/content\/themes\/sherpas-theme\/dist\/images\/sprite.svg#star\"\/>\n                                    <\/svg>\n                                                                    <svg  class=\"active\" >\n                                        <use\n                                            xlink:href=\"\/content\/themes\/sherpas-theme\/dist\/images\/sprite.svg#star\"\/>\n                                    <\/svg>\n                                                                    <svg  class=\"active\" >\n                                        <use\n                                            xlink:href=\"\/content\/themes\/sherpas-theme\/dist\/images\/sprite.svg#star\"\/>\n                                    <\/svg>\n                                                                    <svg >\n                                        <use\n                                            xlink:href=\"\/content\/themes\/sherpas-theme\/dist\/images\/sprite.svg#star\"\/>\n                                    <\/svg>\n                                                            <\/div>\n                                                 <p class=\"push__teachers-price\">12\u20ac\/h<\/p>                     <\/div>\n                <\/div>\n                                            <div class=\"swiper-slide\">\n                    <div class=\"push__teachers-card\">\n                        <div\n                            class=\"push__teachers-profil\"\n                            \n                            style=\"background-image: url(https:\/\/sherpas.com\/content\/uploads\/2022\/01\/David2x.jpg);\"\n                        >\n                    <\/div>\n                         <p class=\"push__teachers-name\">David<\/p>                          <p class=\"push__teachers-school\">EDHEC<\/p>                                                     <div class=\"push__teachers-note\">\n                                                                    <svg  class=\"active\" >\n                                        <use\n                                            xlink:href=\"\/content\/themes\/sherpas-theme\/dist\/images\/sprite.svg#star\"\/>\n                                    <\/svg>\n                                                                    <svg  class=\"active\" >\n                                        <use\n                                            xlink:href=\"\/content\/themes\/sherpas-theme\/dist\/images\/sprite.svg#star\"\/>\n                                    <\/svg>\n                                                                    <svg  class=\"active\" >\n                                        <use\n                                            xlink:href=\"\/content\/themes\/sherpas-theme\/dist\/images\/sprite.svg#star\"\/>\n                                    <\/svg>\n                                                                    <svg  class=\"active\" >\n                                        <use\n                                            xlink:href=\"\/content\/themes\/sherpas-theme\/dist\/images\/sprite.svg#star\"\/>\n                                    <\/svg>\n                                                                    <svg  class=\"active\" >\n                                        <use\n                                            xlink:href=\"\/content\/themes\/sherpas-theme\/dist\/images\/sprite.svg#star\"\/>\n                                    <\/svg>\n                                                            <\/div>\n                                                 <p class=\"push__teachers-price\">25\u20ac\/h<\/p>                     <\/div>\n                <\/div>\n                                            <div class=\"swiper-slide\">\n                    <div class=\"push__teachers-card\">\n                        <div\n                            class=\"push__teachers-profil\"\n                            \n                            style=\"background-image: url(https:\/\/sherpas.com\/content\/uploads\/2022\/01\/Martin2x.jpg);\"\n                        >\n                    <\/div>\n                         <p class=\"push__teachers-name\">Martin<\/p>                          <p class=\"push__teachers-school\">HEC Paris<\/p>                                                     <div class=\"push__teachers-note\">\n                                                                    <svg  class=\"active\" >\n                                        <use\n                                            xlink:href=\"\/content\/themes\/sherpas-theme\/dist\/images\/sprite.svg#star\"\/>\n                                    <\/svg>\n                                                                    <svg  class=\"active\" >\n                                        <use\n                                            xlink:href=\"\/content\/themes\/sherpas-theme\/dist\/images\/sprite.svg#star\"\/>\n                                    <\/svg>\n                                                                    <svg  class=\"active\" >\n                                        <use\n                                            xlink:href=\"\/content\/themes\/sherpas-theme\/dist\/images\/sprite.svg#star\"\/>\n                                    <\/svg>\n                                                                    <svg  class=\"active\" >\n                                        <use\n                                            xlink:href=\"\/content\/themes\/sherpas-theme\/dist\/images\/sprite.svg#star\"\/>\n                                    <\/svg>\n                                                                    <svg  class=\"active\" >\n                                        <use\n                                            xlink:href=\"\/content\/themes\/sherpas-theme\/dist\/images\/sprite.svg#star\"\/>\n                                    <\/svg>\n                                                            <\/div>\n                                                 <p class=\"push__teachers-price\">23\u20ac\/h<\/p>                     <\/div>\n                <\/div>\n                                            <div class=\"swiper-slide\">\n                    <div class=\"push__teachers-card\">\n                        <div\n                            class=\"push__teachers-profil\"\n                            \n                            style=\"background-image: url(https:\/\/sherpas.com\/content\/uploads\/2022\/01\/Pierre2x.png);\"\n                        >\n                    <\/div>\n                         <p class=\"push__teachers-name\">Pierre<\/p>                          <p class=\"push__teachers-school\">ESSEC<\/p>                                                     <div class=\"push__teachers-note\">\n                                                                    <svg  class=\"active\" >\n                                        <use\n                                            xlink:href=\"\/content\/themes\/sherpas-theme\/dist\/images\/sprite.svg#star\"\/>\n                                    <\/svg>\n                                                                    <svg  class=\"active\" >\n                                        <use\n                                            xlink:href=\"\/content\/themes\/sherpas-theme\/dist\/images\/sprite.svg#star\"\/>\n                                    <\/svg>\n                                                                    <svg  class=\"active\" >\n                                        <use\n                                            xlink:href=\"\/content\/themes\/sherpas-theme\/dist\/images\/sprite.svg#star\"\/>\n                                    <\/svg>\n                                                                    <svg  class=\"active\" >\n                                        <use\n                                            xlink:href=\"\/content\/themes\/sherpas-theme\/dist\/images\/sprite.svg#star\"\/>\n                                    <\/svg>\n                                                                    <svg  class=\"active\" >\n                                        <use\n                                            xlink:href=\"\/content\/themes\/sherpas-theme\/dist\/images\/sprite.svg#star\"\/>\n                                    <\/svg>\n                                                            <\/div>\n                                                 <p class=\"push__teachers-price\">16\u20ac\/h<\/p>                     <\/div>\n                <\/div>\n                                            <div class=\"swiper-slide\">\n                    <div class=\"push__teachers-card\">\n                        <div\n                            class=\"push__teachers-profil\"\n                            \n                            style=\"background-image: url(https:\/\/sherpas.com\/content\/uploads\/2022\/01\/Jade2x.jpg);\"\n                        >\n                    <\/div>\n                         <p class=\"push__teachers-name\">Jade<\/p>                          <p class=\"push__teachers-school\">Sciences Po Paris<\/p>                                                     <div class=\"push__teachers-note\">\n                                                                    <svg  class=\"active\" >\n                                        <use\n                                            xlink:href=\"\/content\/themes\/sherpas-theme\/dist\/images\/sprite.svg#star\"\/>\n                                    <\/svg>\n                                                                    <svg  class=\"active\" >\n                                        <use\n                                            xlink:href=\"\/content\/themes\/sherpas-theme\/dist\/images\/sprite.svg#star\"\/>\n                                    <\/svg>\n                                                                    <svg  class=\"active\" >\n                                        <use\n                                            xlink:href=\"\/content\/themes\/sherpas-theme\/dist\/images\/sprite.svg#star\"\/>\n                                    <\/svg>\n                                                                    <svg  class=\"active\" >\n                                        <use\n                                            xlink:href=\"\/content\/themes\/sherpas-theme\/dist\/images\/sprite.svg#star\"\/>\n                                    <\/svg>\n                                                                    <svg  class=\"active\" >\n                                        <use\n                                            xlink:href=\"\/content\/themes\/sherpas-theme\/dist\/images\/sprite.svg#star\"\/>\n                                    <\/svg>\n                                                            <\/div>\n                                                 <p class=\"push__teachers-price\">21\u20ac\/h<\/p>                     <\/div>\n                <\/div>\n                                            <div class=\"swiper-slide\">\n                    <div class=\"push__teachers-card\">\n                        <div\n                            class=\"push__teachers-profil\"\n                            \n                            style=\"background-image: url(https:\/\/sherpas.com\/content\/uploads\/2022\/01\/Fabien2x.png);\"\n                        >\n                    <\/div>\n                         <p class=\"push__teachers-name\">Fabien<\/p>                          <p class=\"push__teachers-school\">T\u00e9l\u00e9com Paris<\/p>                                                     <div class=\"push__teachers-note\">\n                                                                    <svg  class=\"active\" >\n                                        <use\n                                            xlink:href=\"\/content\/themes\/sherpas-theme\/dist\/images\/sprite.svg#star\"\/>\n                                    <\/svg>\n                                                                    <svg  class=\"active\" >\n                                        <use\n                                            xlink:href=\"\/content\/themes\/sherpas-theme\/dist\/images\/sprite.svg#star\"\/>\n                                    <\/svg>\n                                                                    <svg  class=\"active\" >\n                                        <use\n                                            xlink:href=\"\/content\/themes\/sherpas-theme\/dist\/images\/sprite.svg#star\"\/>\n                                    <\/svg>\n                                                                    <svg  class=\"active\" >\n                                        <use\n                                            xlink:href=\"\/content\/themes\/sherpas-theme\/dist\/images\/sprite.svg#star\"\/>\n                                    <\/svg>\n                                                                    <svg  class=\"active\" >\n                                        <use\n                                            xlink:href=\"\/content\/themes\/sherpas-theme\/dist\/images\/sprite.svg#star\"\/>\n                                    <\/svg>\n                                                            <\/div>\n                                                 <p class=\"push__teachers-price\">20\u20ac\/h<\/p>                     <\/div>\n                <\/div>\n                    <\/div>\n    <\/div>\n<\/div>\n                                                    <div class=\"push__content\">\n                                                            <div  class=\"d-none d-md-block\" >\n                                    <img decoding=\"async\" class=\"push__logo\" src=\"\/content\/themes\/sherpas-theme\/dist\/images\/logo.svg\"\n                                        alt=\"Logo Sherpas\">\n                                <\/div>\n                                                                                        <div class=\"push__title\"><p>Ton premier cours particulier est offert ! <span role=\"img\" aria-label=\"\ud83c\udf81\">\ud83c\udf81<\/span><!-- notionvc: 91b6b7d7-50f2-46f4-ae1f-ecbabe834aad --><\/p>\n<\/div>\n                                                                                        <div class=\"push__text\"><p>Nos profs sont pass\u00e9s par les meilleures \u00e9coles et universit\u00e9s.<!-- notionvc: 21bb66b6-b36d-4ce8-8950-173722d75a1e --><\/p>\n<p>&nbsp;<\/p>\n<\/div>\n                                                        <div class=\"push__promo-button   \">\n                                                                                                    <div\n                                        class=\"btn btn-primary\"\n                                        style=\"color: #ffffff; border-color: ; background-color: \"\n\n                                    >\n                                        J&rsquo;EN PROFITE MAINTENANT !\n                                    <\/div>\n                                                            <\/div>\n                                                    <\/div>\n                                    <\/div>\n                                    <\/div>\n    <\/section>\n\n\n\n<h2 class=\"wp-block-heading\" id=\"accorder-les-adjectifs-de-couleur-composes\">Accorder les adjectifs de couleur compos\u00e9s&nbsp;<\/h2>\n\n\n\n<p>Un adjectif de couleur compos\u00e9 est constitu\u00e9 de plusieurs mots pour d\u00e9crire les couleurs.&nbsp;<\/p>\n\n\n<section class=\"you-know\">\n                <div class=\"you-know__title\"><p>\ud83d\udc49 Exemple<\/p>\n<\/div>\n                        <div class=\"you-know__text\">\n            <p>C&rsquo;est une coque de t\u00e9l\u00e9phone rouge et jaune.<\/p>\n\n        <\/div>\n              <\/section>\n\n\n\n<p>Pour bien les accorder, \u00e7a se complexifie encore un peu. Penche la t\u00eate en arri\u00e8re, respire un bon coup par le nez\u2026 \u00c7a va bien se passer ! \ud83d\udcaa<\/p>\n\n\n\n<h3 class=\"wp-block-heading\" id=\"accord-general-des-adjectifs-de-couleur-composes\">Accord g\u00e9n\u00e9ral des adjectifs de couleur compos\u00e9s<\/h3>\n\n\n\n<p>Une fois n\u2019est pas co\u00fbtume, les <strong>adjectifs de couleur compos\u00e9s sont invariables<\/strong>.<\/p>\n\n\n<section class=\"you-know\">\n                <div class=\"you-know__title\"><p>\ud83d\udc49 Exemple<\/p>\n<\/div>\n                        <div class=\"you-know__text\">\n            <p>Les uniformes seront rouge clair cette ann\u00e9e.<\/p>\n\n        <\/div>\n              <\/section>\n\n\n\n<p>Deux adjectifs de couleur pour d\u00e9crire les uniformes\u2026 Donc, il n\u2019y a pas de s.<\/p>\n\n\n\n<h3 class=\"wp-block-heading\" id=\"accorder-deux-adjectifs-simple-ensemble\">Accorder deux adjectifs simple ensemble&nbsp;<\/h3>\n\n\n\n<p>Quand deux adjectifs de couleur simples sont mis ensemble, <strong>ils sont s\u00e9par\u00e9s par un trait d\u2019union<\/strong>.<\/p>\n\n\n<section class=\"you-know\">\n                <div class=\"you-know__title\"><p>\ud83d\udc49 Exemple<\/p>\n<\/div>\n                        <div class=\"you-know__text\">\n            <p>Les yeux bleu-gris de sa fille sont \u00e9tincelants.<\/p>\n\n        <\/div>\n              <\/section>\n\n\n\n<p>Ici, pas d\u2019accord car <strong>les adjectifs de couleurs compos\u00e9s sont invariables<\/strong> (comme \u00e9voqu\u00e9 pr\u00e9c\u00e9demment \ud83d\ude09).<\/p>\n\n\n\n<p>Comme ils sont \u00e9crits \u00e0 c\u00f4t\u00e9, un trait d\u2019union les s\u00e9pare.&nbsp;<\/p>\n\n\n<section class=\"relance\">\n        <div >\n                            <a target=\"_blank\" href=\"https:\/\/sherpas.com\/cours\/francais\">\n                    <div class=\"relance__container\"\n                        >\n                        \n                                                        <picture>\n                            <source srcset=\"https:\/\/sherpas.com\/content\/uploads\/2021\/12\/prendre-des-cours-particuliers-scaled.jpg\" media=\"(min-width: 999px)\">\n                            <source srcset=\"https:\/\/sherpas.com\/content\/uploads\/2021\/12\/prendre-des-cours-particuliers-scaled.jpg\" media=\"(max-width: 999px)\">\n                                <img decoding=\"async\"\n                                    src=\"https:\/\/sherpas.com\/content\/uploads\/2021\/12\/prendre-des-cours-particuliers-scaled.jpg\"\n                                    alt=\"prendre des cours particuliers\"\n                                >\n                            <\/picture>\n                                                <div class=\"relance__content\">\n                            \n                                <div class=\"relance__title\"> <p>Envie de progresser plus vite ? R\u00e9serve un cours avec nos sherpas !<\/p>\n<\/div>\n                                                        <button type=\"button\"\n                                    class=\"relance__button btn btn-white\">\n                                Trouve ton prof de fran\u00e7ais\n                            <\/button>\n                        <\/div>\n                    <\/div>\n                <\/a>\n                    <\/div>\n    <\/section>\n\n    \n\n\n<h3 class=\"wp-block-heading\" id=\"cas-particulier-adjectif-de-couleur\">Cas particulier : adjectif de couleur&nbsp;<\/h3>\n\n\n\n<p>Lorsqu\u2019un adjectif de couleur est compos\u00e9 d\u2019un adjectif de couleur simple et<\/p>\n\n\n\n<ul class=\"wp-block-list\">\n<li>soit d\u2019un autre <strong>adjectif<\/strong>,<\/li>\n\n\n\n<li>soit d\u2019un<strong> adjectif de couleur<\/strong> <strong>d\u00e9riv\u00e9 d\u2019un nom<\/strong>,<\/li>\n<\/ul>\n\n\n\n<p><strong>alors aucun trait d\u2019union<\/strong> n\u2019est n\u00e9cessaire !&nbsp;<\/p>\n\n\n<section class=\"you-know\">\n                <div class=\"you-know__title\"><p>\ud83d\udc49 Exemple<\/p>\n<\/div>\n                        <div class=\"you-know__text\">\n            <p>Les drapeaux vert fonc\u00e9 sont proscrits dans cette comp\u00e9tition.<\/p>\n\n        <\/div>\n              <\/section>\n\n\n\n<p>Lorsqu\u2019un adjectif de couleur est compos\u00e9 de <strong>plusieurs noms,<\/strong> ces \u00e9l\u00e9ments sont parfois li\u00e9s par un trait d\u2019union. <strong>Il n\u2019y a pas de r\u00e8gle<\/strong> pr\u00e9cise !<\/p>\n\n\n\n<p>\u2192 Il est donc pr\u00e9f\u00e9rable de consulter un dictionnaire pour v\u00e9rifier l\u2019orthographe de ces mots.<\/p>\n\n\n<section class=\"you-know\">\n                <div class=\"you-know__title\"><p>\ud83d\udc49 Exemples<\/p>\n<\/div>\n                        <div class=\"you-know__text\">\n            <p>Cette murale arc-en-ciel permet de d\u00e9corer le couloir.<\/p>\n<p><strong>Mais on \u00e9crit :<\/strong> Il a les cheveux poivre et sel depuis plusieurs ann\u00e9es.<\/p>\n\n        <\/div>\n              <\/section>\n\n\n<div class=\"wp-block-image\">\n<figure class=\"aligncenter size-full\"><img decoding=\"async\" width=\"500\" height=\"280\" src=\"https:\/\/sherpas.com\/blog\/content\/uploads\/2023\/04\/adjectif-couleurs.gif\" alt=\"Tours des tirets \u00e0 arc-en-ciel !\" class=\"wp-image-256854\"\/><\/figure>\n<\/div>\n\n\n<h3 class=\"wp-block-heading\" id=\"les-adjectifs-de-couleurs-coordonnes\">Les adjectifs de couleurs coordonn\u00e9s<\/h3>\n\n\n\n<p>Les adjectifs de couleurs coordonn\u00e9es d\u00e9signent les cas o\u00f9 deux adjectifs d\u00e9signent la m\u00eame chose.&nbsp;<\/p>\n\n\n\n<p>L\u2019accord <strong>d\u00e9pend de ce qu\u2019ils d\u00e9signent<\/strong>.<\/p>\n\n\n\n<ul class=\"wp-block-list\">\n<li>Si les adjectifs de couleurs d\u00e9signent un <strong>ensemble d\u2019\u00e9l\u00e9ments, ils sont invariables<\/strong>.<\/li>\n<\/ul>\n\n\n<section class=\"you-know\">\n                <div class=\"you-know__title\"><p>\ud83d\udc49 Exemple<\/p>\n<\/div>\n                        <div class=\"you-know__text\">\n            <p>Ces r\u00e9frig\u00e9rateurs marron et turquoise viennent tout juste d\u2019\u00eatre mis en vente sur le march\u00e9.<\/p>\n\n        <\/div>\n              <\/section>\n\n\n\n<p>Dans cette phrase, <strong>\u00ab marron \u00bb et \u00ab turquoise \u00bb sont coordonn\u00e9s<\/strong>. En effet, ils d\u00e9crivent <strong>un m\u00eame ensemble <\/strong>: chaque r\u00e9frig\u00e9rateur comporte ces deux couleurs (\u00e7a peut \u00eatre esth\u00e9tique, qui sait ?).<\/p>\n\n\n\n<p>Donc\u2026 Pas d\u2019accord avec les r\u00e9frig\u00e9rateurs (masculin, pluriel) !&nbsp;<\/p>\n\n\n\n<p>Si les adjectifs de couleurs caract\u00e9risent des<strong> \u00e9l\u00e9ments diff\u00e9rents<\/strong>, ils s\u2019<strong>accordent <\/strong>avec le nom ou le pronom avec lequel <strong>ils sont en relation<\/strong>.<\/p>\n\n\n<section class=\"you-know\">\n                <div class=\"you-know__title\"><p>\ud83d\udc49 Exemple<\/p>\n<\/div>\n                        <div class=\"you-know__text\">\n            <p>Les pommes vertes et rouges se vendent tr\u00e8s bien.<\/p>\n\n        <\/div>\n              <\/section>\n\n\n<div class=\"wp-block-image\">\n<figure class=\"aligncenter size-large is-resized\"><img decoding=\"async\" width=\"500\" height=\"500\" src=\"https:\/\/sherpas.com\/blog\/content\/uploads\/2023\/04\/adjectifs-couleurs-2-1.gif?func=bound&amp;w=500&amp;h=500\" alt=\"Autant de pommes que de r\u00e8gles \u00e0 connaitre !\" class=\"wp-image-256857\" style=\"width:375px;height:375px\" \/><\/figure>\n<\/div>\n\n\n<p>Dans cette phrase, \u00ab vertes \u00bb et \u00ab rouges \u00bb sont coordonn\u00e9s. Elles <strong>d\u00e9signent des \u00e9l\u00e9ments diff\u00e9rents<\/strong> : certaines pommes sont vertes et d\u2019autres pommes sont rouges. Tout s\u2019accorde avec le nom \u00ab pomme \u00bb (f\u00e9minin, pluriel).<\/p>\n\n\n\n<p>\u26a0\ufe0f Il ne faut pas oublier ce qui a \u00e9t\u00e9 \u00e9nonc\u00e9 avant !<\/p>\n\n\n<section class=\"you-know\">\n                <div class=\"you-know__title\"><p>\ud83d\udc49 Exemple<\/p>\n<\/div>\n                        <div class=\"you-know__text\">\n            <p>Les mannequins font la promotion de leur vernis \u00e0 ongles noisette et mauves.<\/p>\n\n        <\/div>\n              <\/section>\n\n\n\n<p>Dans cette phrase, \u00ab noisette \u00bb et \u00ab mauve \u00bb sont coordonn\u00e9s. Ils d\u00e9signent des \u00e9l\u00e9ments diff\u00e9rents : certains vernis sont noisette, d\u2019autres sont mauves. On devrait donc les accorder.<\/p>\n\n\n\n<p>Cependant, rappel ! <strong>Les noms utilis\u00e9s comme adjectifs de couleur sont invariable <\/strong>! Donc \u00ab noisette \u00bb est invariable.<\/p>\n\n\n\n<p>Toutefois\u2026 <strong>\u00ab Mauve \u00bb est une exception<\/strong> ! Donc il se met au pluriel.<\/p>\n\n\n<section class=\"citation\">\n        <q class=\"citation__text\"><p><span style=\"color: #339966\">Feuilles vertes<\/span> de ton travail, <span style=\"color: #339966\">fleurs blanches<\/span> de ta pens\u00e9e, et <span style=\"color: #339966\">fruit rouge<\/span> de ta mort.<\/p>\n<\/q>\n\n                    <div class=\"citation__infos  citation__infos--full \">\n                                    <p class=\"citation__infos-name\">Algernon Charles Swinburne<\/p>\n                                                    <p class=\"citation__infos-job\">po\u00e8te<\/p>\n                            <\/div>\n            <\/section>\n\n\n\n<h2 class=\"wp-block-heading\" id=\"la-symbolique-des-couleurs\">La symbolique des couleurs&nbsp;<\/h2>\n\n\n\n<p>Dans les arts (<a href=\"https:\/\/sherpas.com\/blog\/oeuvres-art-celebres\/\">peinture<\/a>, litt\u00e9rature\u2026), les couleurs des costumes peuvent \u00eatre lourds de sens ! Par exemple, les couleurs des costumes dans les films sont parfois symboliques.&nbsp;On te propose une liste des principales interpr\u00e9tations avec des exemples.<\/p>\n\n\n\n<h3 class=\"wp-block-heading\" id=\"le-blanc\">\u26aa\ufe0f <strong>Le blanc <\/strong><\/h3>\n\n\n\n<p>Il est principalement associ\u00e9 au bien. Puret\u00e9, innocence, froid, sagesse\u2026 Ce sont souvent des personnages ou des figures de bont\u00e9.&nbsp;<\/p>\n\n\n\n<p>\ud83d\udc49 Exemple : La blancheur de la chemise du personnage central est la marque de l&rsquo;innocence. Il est tu\u00e9 injustement.<\/p>\n\n\n\n<h3 class=\"wp-block-heading\" id=\"le-noir\">\u26ab\ufe0f <strong>Le noir<\/strong><\/h3>\n\n\n\n<p>Il symbolise le deuil, mort, mal\u2026 Comme en peinture, c\u2019est souvent l\u2019oppos\u00e9 du blanc.&nbsp;<\/p>\n\n\n\n<p>\ud83d\udc49 Exemple : le professeur Rogue (Snape pour les anglophones) d\u2019Harry Potter est toujours habill\u00e9 en noir \u00e0 la fois pour incarner la m\u00e9chancet\u00e9 et la haine envers notre sorcier pr\u00e9f\u00e9r\u00e9 mais \u00e9galement pour symboliser son deuil (<em>spoiler alert<\/em>) vis-\u00e0-vis de sa ch\u00e8re et tendre Lily.&nbsp;<\/p>\n\n\n<div class=\"wp-block-image\">\n<figure class=\"aligncenter size-large is-resized\"><img decoding=\"async\" src=\"https:\/\/media.giphy.com\/media\/AisOYaOZdrS1i\/giphy.gif\" alt=\"D\u00e9testable six films durant, ador\u00e9 \u00e0 la fin...\" style=\"width:426px;height:276px\" \/><figcaption class=\"wp-element-caption\"><em>D\u00e9testable six films durant, ador\u00e9 \u00e0 la fin&#8230;<\/em><\/figcaption><\/figure>\n<\/div>\n\n\n<h3 class=\"wp-block-heading\" id=\"le-rouge\">\ud83d\udd34 <strong>Le rouge<\/strong><\/h3>\n\n\n\n<p>C\u2019est la couleur de la passion et de tous les dangers ! Couleur du sang, du feu, de l\u2019amour\u2026 Les interpr\u00e9tations sont multiples.&nbsp;<\/p>\n\n\n\n<p>\ud83d\udc49 Exemple : Blanche-Neige a les l\u00e8vres rouges comme le sang \ud83e\ude78<\/p>\n\n\n<div class=\"wp-block-image\">\n<figure class=\"aligncenter size-large\"><img decoding=\"async\" src=\"https:\/\/media.giphy.com\/media\/4N9qwFhUc6Ooo\/giphy.gif\" alt=\"\"\/><\/figure>\n<\/div>\n\n\n<h3 class=\"wp-block-heading\" id=\"le-bleu\">\ud83d\udd35 <strong>Le bleu<\/strong><\/h3>\n\n\n\n<p>C&rsquo;est une couleur optimiste. Elle est souvent symbole de <strong>paix et d&rsquo;\u00e9vasion.<\/strong><\/p>\n\n\n\n<p>\ud83d\udc49 Exemple : Plusieurs organisations internationales, comme le Conseil de l\u2019Europe et l\u2019Organisation des nations unies ont des drapeaux avec un fond\u2026 bleu !&nbsp;<\/p>\n\n\n<div class=\"wp-block-image\">\n<figure class=\"aligncenter size-full is-resized\"><img decoding=\"async\" width=\"910\" height=\"795\" src=\"https:\/\/sherpas.com\/blog\/content\/uploads\/2023\/04\/UN-flag.jpeg\" alt=\"\" class=\"wp-image-256781\" style=\"width:394px;height:343px\" srcset=\"https:\/\/xapbm7c37i.cloudimg.io\/https:\/\/sherpas.com\/blog\/content\/uploads\/2023\/04\/UN-flag.jpeg?q=85&amp;force_format=webp&amp;org_if_sml=1&amp;w=910 910w, https:\/\/xapbm7c37i.cloudimg.io\/https:\/\/sherpas.com\/blog\/content\/uploads\/2023\/04\/UN-flag.jpeg?q=85&amp;force_format=webp&amp;org_if_sml=1&amp;w=300 300w, https:\/\/xapbm7c37i.cloudimg.io\/https:\/\/sherpas.com\/blog\/content\/uploads\/2023\/04\/UN-flag.jpeg?q=85&amp;force_format=webp&amp;org_if_sml=1&amp;w=768 768w, https:\/\/xapbm7c37i.cloudimg.io\/https:\/\/sherpas.com\/blog\/content\/uploads\/2023\/04\/UN-flag.jpeg?q=85&amp;force_format=webp&amp;org_if_sml=1&amp;w=143 143w, https:\/\/xapbm7c37i.cloudimg.io\/https:\/\/sherpas.com\/blog\/content\/uploads\/2023\/04\/UN-flag.jpeg?q=85&amp;force_format=webp&amp;org_if_sml=1&amp;w=311 311w, https:\/\/xapbm7c37i.cloudimg.io\/https:\/\/sherpas.com\/blog\/content\/uploads\/2023\/04\/UN-flag.jpeg?q=85&amp;force_format=webp&amp;org_if_sml=1&amp;w=288 288w, https:\/\/xapbm7c37i.cloudimg.io\/https:\/\/sherpas.com\/blog\/content\/uploads\/2023\/04\/UN-flag.jpeg?q=85&amp;force_format=webp&amp;org_if_sml=1&amp;w=425 425w, https:\/\/xapbm7c37i.cloudimg.io\/https:\/\/sherpas.com\/blog\/content\/uploads\/2023\/04\/UN-flag.jpeg?q=85&amp;force_format=webp&amp;org_if_sml=1&amp;w=265 265w, https:\/\/xapbm7c37i.cloudimg.io\/https:\/\/sherpas.com\/blog\/content\/uploads\/2023\/04\/UN-flag.jpeg?q=85&amp;force_format=webp&amp;org_if_sml=1&amp;w=60 60w\" sizes=\"(max-width: 910px) 100vw, 910px\" \/><\/figure>\n<\/div>\n\n\n<h3 class=\"wp-block-heading\" id=\"le-jaune\">\ud83d\udfe1 <strong>Le jaune<\/strong><\/h3>\n\n\n\n<p>C&rsquo;est la couleur du Soleil et des \u00e9toiles, c\u2019est la <strong>lumi\u00e8re, la chaleur, et m\u00eame la richesse<\/strong>.&nbsp;<\/p>\n\n\n\n<p>Dans certains cas, cela \u00e9voque aussi la <strong>maladie<\/strong> et la <strong>trahison<\/strong>.<\/p>\n\n\n\n<p>\ud83d\udc49 Exemple : le premier qui nous est venu en t\u00eate\u2026 <em>Little miss sunshine <\/em>et son fameux bus !&nbsp;<\/p>\n\n\n<div class=\"wp-block-image\">\n<figure class=\"aligncenter size-large is-resized\"><img decoding=\"async\" src=\"https:\/\/media.giphy.com\/media\/3o6ZsYqR0GSpUDunkc\/giphy.gif\" alt=\"\" style=\"width:499px;height:263px\" \/><figcaption class=\"wp-element-caption\"><em>Le bus du bonheur<\/em><\/figcaption><\/figure>\n<\/div>\n\n\n<h3 class=\"wp-block-heading\" id=\"le-vert\">\ud83d\udfe2 Le vert <\/h3>\n\n\n\n<p>Avant de devenir une <strong>figure incontournable de l\u2019<a href=\"https:\/\/sherpas.com\/blog\/etre-ecolo-quotidien\/\" data-type=\"post\" data-id=\"189197\">\u00e9cologie<\/a><\/strong>, cette figure \u00e9tait associ\u00e9e \u00e0 la <strong>chance, au hasard, et \u00e0 l\u2019esp\u00e9rance.<\/strong><\/p>\n\n\n\n<p>\ud83d\udc49 Exemple : la plupart des affiches parlant de l\u2019environnement ont beaucoup de vert.&nbsp;<\/p>\n\n\n\n<h3 class=\"wp-block-heading\" id=\"le-rose\">&nbsp;\ud83d\udc98 Le rose<\/h3>\n\n\n\n<p>Il est r\u00e9guli\u00e8rement per\u00e7u comme la <strong>douceur<\/strong> et la <strong>sensualit\u00e9<\/strong>.&nbsp;<\/p>\n\n\n\n<p>\ud83d\udc49 Exemple : \u00e0 la Saint-Valentin, c\u2019est souvent une rose que l\u2019on offre. \ud83e\udd40<\/p>\n\n\n<div class=\"wp-block-image\">\n<figure class=\"aligncenter size-large is-resized\"><img decoding=\"async\" src=\"https:\/\/media.giphy.com\/media\/c76IJLufpNwSULPk77\/giphy.gif\" alt=\"\" style=\"width:306px;height:306px\" \/><\/figure>\n<\/div>\n\n\n<p>\u26a0\ufe0f Certains symboles sont sp\u00e9cifiques \u00e0 certains pays. <strong>Le blanc du drapeau fran\u00e7ais est symbole de la <a href=\"https:\/\/sherpas.com\/blog\/les-differents-types-de-regimes-politiques\/\">monarchie<\/a>.&nbsp;<\/strong><\/p>\n\n\n\n<p>Gr\u00e2ce \u00e0 cette fiche, tu sais d\u00e9sormais non seulement comment accorder les couleurs mais aussi ce qu\u2019elles signifient ! \ud83c\udf08 Ces accords sont un peu complexes au premier abord. On te propose un quizz pour r\u00e9viser tout cela ! Bon courage !<\/p>\n\n\n\n<p><\/p>\n\n\n\n<div><div class='op-interactive' id='66ab5cc43e21ea1c1d85c145' data-title='Adjectifs de couleur' data-url='https:\/\/lessherpas.outgrow.us\/66ab5cc43e21ea1c1d85c145?vHeight=1' data-width='100%'><\/div><script>var og_temp=document.createElement('script');og_temp.async=true;og_temp.defer=true;og_temp.src='\/\/dyv6f9ner1ir9.cloudfront.net\/assets\/js\/nloader.js',og_temp.onload=function(){initIframe('66ab5cc43e21ea1c1d85c145')},document.querySelector('head').appendChild(og_temp)<\/script><\/div>\n\n\n\n<p><\/p>\n\n\n<section class=\"faq\">\n    <div class=\"container\" itemscope itemtype=\"http:\/\/schema.org\/FAQPage\">\n        <div class=\"faq__title\">\n                        <h2 id=\"faq\">FAQ \u2705<\/h2>\n                    <\/div>\n         <div class=\"faq__questions\">\n                                                                             <div class=\"faq__questions--item \" itemscope itemprop=\"mainEntity\" itemtype=\"https:\/\/schema.org\/Question\">\n                <div class=\"faq__questions--title  collapsed\">\n                    <p class=\"h4\" itemprop=\"name\">Pourquoi doit-on accorder les adjectifs de couleurs en fran\u00e7ais ?<\/p>\n                    <svg>\n                        <use\n                        xlink:href=\"\/content\/themes\/sherpas-theme\/dist\/images\/sprite.svg#chevron-right\"\/>\n                    <\/svg>\n                <\/div>\n                <div class=\"faq__questions--content\" style=\"max-height: 0px\" itemscope itemprop=\"acceptedAnswer\" itemtype=\"https:\/\/schema.org\/Answer\">\n                    <div itemprop=\"text\"><p>En fran\u00e7ais, l&rsquo;accord des adjectifs de couleurs avec le nom qu&rsquo;ils qualifient est essentiel pour respecter la concordance en genre et en nombre. Cela assure l&rsquo;harmonie et la clart\u00e9 de l&rsquo;expression. Les adjectifs s&rsquo;accordent g\u00e9n\u00e9ralement en ajoutant un &lsquo;e&rsquo; pour le f\u00e9minin et un &lsquo;s&rsquo; pour le pluriel.<\/p>\n<\/div>\n                <\/div>\n             <\/div>\n                                                                 <div class=\"faq__questions--item \" itemscope itemprop=\"mainEntity\" itemtype=\"https:\/\/schema.org\/Question\">\n                <div class=\"faq__questions--title  collapsed\">\n                    <p class=\"h4\" itemprop=\"name\">Quelles sont les exceptions \u00e0 la r\u00e8gle d&rsquo;accord des adjectifs de couleurs ?<\/p>\n                    <svg>\n                        <use\n                        xlink:href=\"\/content\/themes\/sherpas-theme\/dist\/images\/sprite.svg#chevron-right\"\/>\n                    <\/svg>\n                <\/div>\n                <div class=\"faq__questions--content\" style=\"max-height: 0px\" itemscope itemprop=\"acceptedAnswer\" itemtype=\"https:\/\/schema.org\/Answer\">\n                    <div itemprop=\"text\"><p>Les exceptions concernent les adjectifs de couleurs qui sont aussi des noms (comme marron, orange), qui restent invariables. De plus, les couleurs compos\u00e9es (bleu marine, rouge fonc\u00e9) ne s&rsquo;accordent pas.<\/p>\n<\/div>\n                <\/div>\n             <\/div>\n                                                                 <div class=\"faq__questions--item \" itemscope itemprop=\"mainEntity\" itemtype=\"https:\/\/schema.org\/Question\">\n                <div class=\"faq__questions--title  collapsed\">\n                    <p class=\"h4\" itemprop=\"name\">Comment accorde-t-on les adjectifs de couleurs compos\u00e9s ?<\/p>\n                    <svg>\n                        <use\n                        xlink:href=\"\/content\/themes\/sherpas-theme\/dist\/images\/sprite.svg#chevron-right\"\/>\n                    <\/svg>\n                <\/div>\n                <div class=\"faq__questions--content\" style=\"max-height: 0px\" itemscope itemprop=\"acceptedAnswer\" itemtype=\"https:\/\/schema.org\/Answer\">\n                    <div itemprop=\"text\"><p>Les adjectifs de couleurs compos\u00e9s restent invariables. Ainsi, on ne rajoute pas de &lsquo;e&rsquo; pour le f\u00e9minin ni de &lsquo;s&rsquo; pour le pluriel. Par exemple : des rideaux bleu marine, des robes rouge vif.<\/p>\n<\/div>\n                <\/div>\n             <\/div>\n                                                                 <div class=\"faq__questions--item \" itemscope itemprop=\"mainEntity\" itemtype=\"https:\/\/schema.org\/Question\">\n                <div class=\"faq__questions--title  collapsed\">\n                    <p class=\"h4\" itemprop=\"name\">Est-ce que les noms de fruits utilis\u00e9s comme couleurs s&rsquo;accordent ?<\/p>\n                    <svg>\n                        <use\n                        xlink:href=\"\/content\/themes\/sherpas-theme\/dist\/images\/sprite.svg#chevron-right\"\/>\n                    <\/svg>\n                <\/div>\n                <div class=\"faq__questions--content\" style=\"max-height: 0px\" itemscope itemprop=\"acceptedAnswer\" itemtype=\"https:\/\/schema.org\/Answer\">\n                    <div itemprop=\"text\"><p>Non, les noms de fruits employ\u00e9s comme couleurs, tels que &lsquo;orange&rsquo; ou &lsquo;citron&rsquo;, restent invariables en tant qu&rsquo;adjectifs. On \u00e9crit donc : des chemises orange, des voitures citron.<\/p>\n<\/div>\n                <\/div>\n             <\/div>\n                                <\/div>\n    <\/div>\n<\/section>\n\n\n<div class=\"kk-star-ratings kksr-auto kksr-align-center kksr-valign-bottom\"\n    data-payload='{&quot;align&quot;:&quot;center&quot;,&quot;id&quot;:&quot;256771&quot;,&quot;slug&quot;:&quot;default&quot;,&quot;valign&quot;:&quot;bottom&quot;,&quot;ignore&quot;:&quot;&quot;,&quot;reference&quot;:&quot;auto&quot;,&quot;class&quot;:&quot;&quot;,&quot;count&quot;:&quot;3&quot;,&quot;legendonly&quot;:&quot;&quot;,&quot;readonly&quot;:&quot;&quot;,&quot;score&quot;:&quot;5&quot;,&quot;starsonly&quot;:&quot;&quot;,&quot;best&quot;:&quot;5&quot;,&quot;gap&quot;:&quot;5&quot;,&quot;greet&quot;:&quot;Tu as aim\u00e9 cet article ?&quot;,&quot;legend&quot;:&quot;5\\\/5 - (3 votes)&quot;,&quot;size&quot;:&quot;24&quot;,&quot;title&quot;:&quot;Adjectifs de couleur : comment les accorder ?&quot;,&quot;width&quot;:&quot;142.5&quot;,&quot;_legend&quot;:&quot;{score}\\\/{best} - ({count} {votes})&quot;,&quot;font_factor&quot;:&quot;1.25&quot;}'>\n            \n<div class=\"kksr-stars\">\n    \n<div class=\"kksr-stars-inactive\">\n            <div class=\"kksr-star\" data-star=\"1\" style=\"padding-right: 5px\">\n            \n\n<div class=\"kksr-icon\" style=\"width: 24px; height: 24px;\"><\/div>\n        <\/div>\n            <div class=\"kksr-star\" data-star=\"2\" style=\"padding-right: 5px\">\n            \n\n<div class=\"kksr-icon\" style=\"width: 24px; height: 24px;\"><\/div>\n        <\/div>\n            <div class=\"kksr-star\" data-star=\"3\" style=\"padding-right: 5px\">\n            \n\n<div class=\"kksr-icon\" style=\"width: 24px; height: 24px;\"><\/div>\n        <\/div>\n            <div class=\"kksr-star\" data-star=\"4\" style=\"padding-right: 5px\">\n            \n\n<div class=\"kksr-icon\" style=\"width: 24px; height: 24px;\"><\/div>\n        <\/div>\n            <div class=\"kksr-star\" data-star=\"5\" style=\"padding-right: 5px\">\n            \n\n<div class=\"kksr-icon\" style=\"width: 24px; height: 24px;\"><\/div>\n        <\/div>\n    <\/div>\n    \n<div class=\"kksr-stars-active\" style=\"width: 142.5px;\">\n            <div class=\"kksr-star\" style=\"padding-right: 5px\">\n            \n\n<div class=\"kksr-icon\" style=\"width: 24px; height: 24px;\"><\/div>\n        <\/div>\n            <div class=\"kksr-star\" style=\"padding-right: 5px\">\n            \n\n<div class=\"kksr-icon\" style=\"width: 24px; height: 24px;\"><\/div>\n        <\/div>\n            <div class=\"kksr-star\" style=\"padding-right: 5px\">\n            \n\n<div class=\"kksr-icon\" style=\"width: 24px; height: 24px;\"><\/div>\n        <\/div>\n            <div class=\"kksr-star\" style=\"padding-right: 5px\">\n            \n\n<div class=\"kksr-icon\" style=\"width: 24px; height: 24px;\"><\/div>\n        <\/div>\n            <div class=\"kksr-star\" style=\"padding-right: 5px\">\n            \n\n<div class=\"kksr-icon\" style=\"width: 24px; height: 24px;\"><\/div>\n        <\/div>\n    <\/div>\n<\/div>\n                \n\n<div class=\"kksr-legend\" style=\"font-size: 19.2px;\">\n            5\/5 - (3 votes)    <\/div>\n    <\/div>\n","protected":false},"excerpt":{"rendered":"<p>En pleine dict\u00e9e ou dissertation, tu te retrouves face au dilemme ultime : faut-il accorder \u00ab Barbe \u00bb (&#8230;)<\/p>\n","protected":false},"author":326,"featured_media":256776,"comment_status":"open","ping_status":"closed","sticky":false,"template":"","format":"standard","meta":{"_acf_changed":false,"footnotes":""},"category":[803,805],"tag":[289],"class_list":["post-256771","post","type-post","status-publish","format-standard","has-post-thumbnail","hentry","category-apprendre-matiere","category-francais","tag-orthographe"],"acf":[],"_links":{"self":[{"href":"https:\/\/sherpas.com\/blog\/wp-json\/wp\/v2\/posts\/256771","targetHints":{"allow":["GET"]}}],"collection":[{"href":"https:\/\/sherpas.com\/blog\/wp-json\/wp\/v2\/posts"}],"about":[{"href":"https:\/\/sherpas.com\/blog\/wp-json\/wp\/v2\/types\/post"}],"author":[{"embeddable":true,"href":"https:\/\/sherpas.com\/blog\/wp-json\/wp\/v2\/users\/326"}],"replies":[{"embeddable":true,"href":"https:\/\/sherpas.com\/blog\/wp-json\/wp\/v2\/comments?post=256771"}],"version-history":[{"count":0,"href":"https:\/\/sherpas.com\/blog\/wp-json\/wp\/v2\/posts\/256771\/revisions"}],"wp:featuredmedia":[{"embeddable":true,"href":"https:\/\/sherpas.com\/blog\/wp-json\/wp\/v2\/media\/256776"}],"wp:attachment":[{"href":"https:\/\/sherpas.com\/blog\/wp-json\/wp\/v2\/media?parent=256771"}],"wp:term":[{"taxonomy":"category","embeddable":true,"href":"https:\/\/sherpas.com\/blog\/wp-json\/wp\/v2\/category?post=256771"},{"taxonomy":"tag","embeddable":true,"href":"https:\/\/sherpas.com\/blog\/wp-json\/wp\/v2\/tag?post=256771"}],"curies":[{"name":"wp","href":"https:\/\/api.w.org\/{rel}","templated":true}]}}