{"id":247442,"date":"2022-08-25T14:13:07","date_gmt":"2022-08-25T12:13:07","guid":{"rendered":"https:\/\/sherpas.com\/blog\/?p=247442"},"modified":"2024-08-28T22:41:35","modified_gmt":"2024-08-28T20:41:35","slug":"transition-democratique-espagnole","status":"publish","type":"post","link":"https:\/\/sherpas.com\/blog\/transition-democratique-espagnole\/","title":{"rendered":"Fiche de cours : la transition d\u00e9mocratique espagnole (FR\/EN) \ud83c\uddea\ud83c\uddf8"},"content":{"rendered":"\n<p>\u00a1Hola! \ud83d\udc4b Besoin d\u2019un petit r\u00e9cap sur la <strong>transition d\u00e9mocratique espagnole\u202f?<\/strong> On t\u2019a fait ici un r\u00e9sum\u00e9 avec tout ce qu\u2019il te faut savoir. C&rsquo;est parti pour le <strong>r\u00e9sum\u00e9 de la transition d\u00e9mocratique espagnole en fran\u00e7ais et (en bonus) en espagnol<\/strong>, afin d\u2019avoir des phrases types que tu peux ajouter \u00e0 ton cours. \u00c0 toi le 20\/20 ! <\/p>\n\n\n<section class=\"read-also\">\n    <p class=\"read-also__title\">\u00c0 lire aussi<\/p>\n            <div class=\"read-also__list\">\n            <p>Ce cours est au <a href=\"https:\/\/sherpas.com\/blog\/nouveaux-programmes-langues-vivantes-premiere\/\" target=\"_blank\" rel=\"noopener\">programme d&rsquo;espagnol de premi\u00e8re<\/a>. Tu veux en savoir plus sur le reste ?<\/p>\n\n        <\/div>\n    <\/section>\n\n\n\n<h2 class=\"wp-block-heading\" id=\"introduction-du-cours-sur-la-transition-democratique-espagnole\">Introduction du cours sur la transition d\u00e9mocratique espagnole \ud83c\udfdb<\/h2>\n\n\n<section class=\"you-know\">\n                <div class=\"you-know__title\"><p>Qu\u00e9saco ? \ud83e\udd14<\/p>\n<\/div>\n                        <div class=\"you-know__text\">\n            <p>La <strong>transition d\u00e9mocratique <\/strong>est un moment essentiel de l\u2019Histoire de l\u2019<strong>Espagne<\/strong>, qui a provoqu\u00e9 un <strong>grand bouleversement<\/strong>, notamment sur le plan <strong>politique<\/strong> du pays. De mani\u00e8re g\u00e9n\u00e9rale, une transition d\u00e9mocratique est un processus permettant de passer d\u2019un <strong>r\u00e9gime non d\u00e9mocratique<\/strong> <strong>\u00e0 une<\/strong> <strong>d\u00e9mocratie<\/strong>. Jusque-l\u00e0, tu suis ? Ok parfait, on continue !<\/p>\n\n        <\/div>\n              <\/section>\n\n\n\n<h3 class=\"wp-block-heading\" id=\"lespagne-avant-la-transition-democratique\">L\u2019Espagne avant la transition d\u00e9mocratique<\/h3>\n\n\n\n<p>Et oui\u2026 minute papillon ! Comment veux-tu plonger dans le r\u00e9sum\u00e9 de la transition d\u00e9mocratique espagnole avant de connaitre le <em>background<\/em> de l&rsquo;Espagne ? Patience, \u00e7a va te permettre de mieux comprendre fameuse p\u00e9riode. Allez \u00a1Vamos! \ud83d\ude0a<\/p>\n\n\n\n<p><strong>Franco <\/strong>(surnomm\u00e9 <em>el Caudillo)<\/em> sort vainqueur de la <strong>guerre civile<\/strong> (1936-1939) et instaure une <strong>dictature<\/strong>. C\u2019est un <strong>dictateur fasciste<\/strong>. C&rsquo;est-\u00e0-dire qu\u2019il se revendique d&rsquo;un syst\u00e8me politique autoritaire bas\u00e9 sur un<strong> fort<\/strong> <strong>populisme, nationalisme et totalitarisme au nom d&rsquo;un id\u00e9al collectif supr\u00eame.<\/strong><\/p>\n\n\n\n<p>On peut aussi parler d\u2019\u00ab \u00e8re franquiste \u00bb. C\u2019\u00e9tait consid\u00e9r\u00e9 comme le symbole de l&rsquo;<strong>autoritarisme moderne<\/strong> en Europe.&nbsp;<\/p>\n\n\n<section class=\"you-know\">\n                <div class=\"you-know__title\"><p>\ud83d\udca1Le savais-tu ?<\/p>\n<\/div>\n                        <div class=\"you-know__text\">\n            <p>Sa dictature de 36 ans est l&rsquo;une des plus longues en Europe.<\/p>\n\n        <\/div>\n              <\/section>\n\n\n<section class=\"read-also\">\n    <p class=\"read-also__title\">\u00c0 lire aussi<\/p>\n            <div class=\"read-also__list\">\n            <p>Notre cours sur les <a href=\"https:\/\/sherpas.com\/blog\/les-differents-types-de-regimes-politiques\/\">diff\u00e9rents r\u00e9gimes politiques<\/a> \ud83d\udd0d<\/p>\n\n        <\/div>\n    <\/section>\n\n\n\n<p>Au commencement de la guerre civile, <strong>la situation du pays \u00e9tait pour le moins instable, que ce soit sur le plan politique, \u00e9conomique, voire social.<\/strong> Tu t&rsquo;en doutes, les tensions \u00e9taient nombreuses. Diff\u00e9rentes formes de gouvernements se sont succ\u00e9d\u00e9 (r\u00e9gime dictatorial, R\u00e9publique&#8230;) mais \u00e7a n&rsquo;a pas r\u00e9solu ces probl\u00e8mes. Et qui dit instabilit\u00e9 dit <strong>tentative de prise de pouvoir<\/strong> (par la force) pour certains. \ud83d\udc40<\/p>\n\n\n\n<p>\ud83d\udc49 Le 17 juillet 1936, <em>el Caudillo<\/em> tente de prendre le pouvoir par une insurrection militaire. Le gouvernement r\u00e9publicain alors en place r\u00e9siste\u2026 mais trop tard, <strong>la guerre \u00e9clate : c\u2019est la fameuse guerre civile espagnole qui durera jusqu\u2019en 1939.<\/strong> \ud83d\udca3<\/p>\n\n\n<div class=\"wp-block-image\">\n<figure class=\"aligncenter size-large\"><img decoding=\"async\" src=\"https:\/\/media.giphy.com\/media\/nrOxkPtjln6ZG\/giphy.gif\" alt=\"\" \/><figcaption class=\"wp-element-caption\">Bagarre. <\/figcaption><\/figure>\n<\/div>\n\n<section class=\"push \">\n        <div >\n            \n                                                <div class=\"push__container  qcd\" data-target=\"_self\" data-qcd=\"aHR0cHM6Ly9zaGVycGFzLmNvbS9mdW5uZWwtc3R1ZGVudC1xdWFsaWZpY2F0aW9u\" data-banner=\"2\" data-name=\"CPM1 Espagnol\" style=\"background-color: #F3FBF7\" >\n                                                                        <div class=\"push__teachers\">\n    <div class=\"d-flex justify-content-center d-md-none\">\n        <img decoding=\"async\" class=\"push__logo\" src=\"\/content\/themes\/sherpas-theme\/dist\/images\/logo.svg\" alt=\"Logo Sherpas\">\n    <\/div>\n    <div class=\"swiper\">\n        <div class=\"swiper-wrapper\">\n                                            <div class=\"swiper-slide\">\n                    <div class=\"push__teachers-card\">\n                        <div\n                            class=\"push__teachers-profil\"\n                            \n                            style=\"background-image: url(https:\/\/sherpas.com\/content\/uploads\/2022\/01\/Jade2x.jpg);\"\n                        >\n                    <\/div>\n                         <p class=\"push__teachers-name\">Jade<\/p>                          <p class=\"push__teachers-school\">Sciences Po Paris<\/p>                                                     <div class=\"push__teachers-note\">\n                                                                    <svg  class=\"active\" >\n                                        <use\n                                            xlink:href=\"\/content\/themes\/sherpas-theme\/dist\/images\/sprite.svg#star\"\/>\n                                    <\/svg>\n                                                                    <svg  class=\"active\" >\n                                        <use\n                                            xlink:href=\"\/content\/themes\/sherpas-theme\/dist\/images\/sprite.svg#star\"\/>\n                                    <\/svg>\n                                                                    <svg  class=\"active\" >\n                                        <use\n                                            xlink:href=\"\/content\/themes\/sherpas-theme\/dist\/images\/sprite.svg#star\"\/>\n                                    <\/svg>\n                                                                    <svg  class=\"active\" >\n                                        <use\n                                            xlink:href=\"\/content\/themes\/sherpas-theme\/dist\/images\/sprite.svg#star\"\/>\n                                    <\/svg>\n                                                                    <svg  class=\"active\" >\n                                        <use\n                                            xlink:href=\"\/content\/themes\/sherpas-theme\/dist\/images\/sprite.svg#star\"\/>\n                                    <\/svg>\n                                                            <\/div>\n                                                 <p class=\"push__teachers-price\">21\u20ac\/h<\/p>                     <\/div>\n                <\/div>\n                                            <div class=\"swiper-slide\">\n                    <div class=\"push__teachers-card\">\n                        <div\n                            class=\"push__teachers-profil\"\n                            \n                            style=\"background-image: url(https:\/\/sherpas.com\/content\/uploads\/2022\/01\/Cle\u0301mence2x.png);\"\n                        >\n                    <\/div>\n                         <p class=\"push__teachers-name\">Cl\u00e9mence<\/p>                          <p class=\"push__teachers-school\">HEC Paris<\/p>                                                     <div class=\"push__teachers-note\">\n                                                                    <svg  class=\"active\" >\n                                        <use\n                                            xlink:href=\"\/content\/themes\/sherpas-theme\/dist\/images\/sprite.svg#star\"\/>\n                                    <\/svg>\n                                                                    <svg  class=\"active\" >\n                                        <use\n                                            xlink:href=\"\/content\/themes\/sherpas-theme\/dist\/images\/sprite.svg#star\"\/>\n                                    <\/svg>\n                                                                    <svg  class=\"active\" >\n                                        <use\n                                            xlink:href=\"\/content\/themes\/sherpas-theme\/dist\/images\/sprite.svg#star\"\/>\n                                    <\/svg>\n                                                                    <svg  class=\"active\" >\n                                        <use\n                                            xlink:href=\"\/content\/themes\/sherpas-theme\/dist\/images\/sprite.svg#star\"\/>\n                                    <\/svg>\n                                                                    <svg  class=\"active\" >\n                                        <use\n                                            xlink:href=\"\/content\/themes\/sherpas-theme\/dist\/images\/sprite.svg#star\"\/>\n                                    <\/svg>\n                                                            <\/div>\n                                                 <p class=\"push__teachers-price\">21\u20ac\/h\/h<\/p>                     <\/div>\n                <\/div>\n                                            <div class=\"swiper-slide\">\n                    <div class=\"push__teachers-card\">\n                        <div\n                            class=\"push__teachers-profil\"\n                            \n                            style=\"background-image: url(https:\/\/sherpas.com\/content\/uploads\/2022\/01\/Olivier2x.png);\"\n                        >\n                    <\/div>\n                         <p class=\"push__teachers-name\">Olivier<\/p>                          <p class=\"push__teachers-school\">La Sorbonne<\/p>                                                     <div class=\"push__teachers-note\">\n                                                                    <svg  class=\"active\" >\n                                        <use\n                                            xlink:href=\"\/content\/themes\/sherpas-theme\/dist\/images\/sprite.svg#star\"\/>\n                                    <\/svg>\n                                                                    <svg  class=\"active\" >\n                                        <use\n                                            xlink:href=\"\/content\/themes\/sherpas-theme\/dist\/images\/sprite.svg#star\"\/>\n                                    <\/svg>\n                                                                    <svg  class=\"active\" >\n                                        <use\n                                            xlink:href=\"\/content\/themes\/sherpas-theme\/dist\/images\/sprite.svg#star\"\/>\n                                    <\/svg>\n                                                                    <svg  class=\"active\" >\n                                        <use\n                                            xlink:href=\"\/content\/themes\/sherpas-theme\/dist\/images\/sprite.svg#star\"\/>\n                                    <\/svg>\n                                                                    <svg >\n                                        <use\n                                            xlink:href=\"\/content\/themes\/sherpas-theme\/dist\/images\/sprite.svg#star\"\/>\n                                    <\/svg>\n                                                            <\/div>\n                                                 <p class=\"push__teachers-price\">13\u20ac\/h<\/p>                     <\/div>\n                <\/div>\n                                            <div class=\"swiper-slide\">\n                    <div class=\"push__teachers-card\">\n                        <div\n                            class=\"push__teachers-profil\"\n                            \n                            style=\"background-image: url(https:\/\/sherpas.com\/content\/uploads\/2022\/01\/Pierre2x.png);\"\n                        >\n                    <\/div>\n                         <p class=\"push__teachers-name\">Pierre<\/p>                          <p class=\"push__teachers-school\">ESSEC<\/p>                                                     <div class=\"push__teachers-note\">\n                                                                    <svg  class=\"active\" >\n                                        <use\n                                            xlink:href=\"\/content\/themes\/sherpas-theme\/dist\/images\/sprite.svg#star\"\/>\n                                    <\/svg>\n                                                                    <svg  class=\"active\" >\n                                        <use\n                                            xlink:href=\"\/content\/themes\/sherpas-theme\/dist\/images\/sprite.svg#star\"\/>\n                                    <\/svg>\n                                                                    <svg  class=\"active\" >\n                                        <use\n                                            xlink:href=\"\/content\/themes\/sherpas-theme\/dist\/images\/sprite.svg#star\"\/>\n                                    <\/svg>\n                                                                    <svg  class=\"active\" >\n                                        <use\n                                            xlink:href=\"\/content\/themes\/sherpas-theme\/dist\/images\/sprite.svg#star\"\/>\n                                    <\/svg>\n                                                                    <svg  class=\"active\" >\n                                        <use\n                                            xlink:href=\"\/content\/themes\/sherpas-theme\/dist\/images\/sprite.svg#star\"\/>\n                                    <\/svg>\n                                                            <\/div>\n                                                 <p class=\"push__teachers-price\">16\u20ac\/h<\/p>                     <\/div>\n                <\/div>\n                                            <div class=\"swiper-slide\">\n                    <div class=\"push__teachers-card\">\n                        <div\n                            class=\"push__teachers-profil\"\n                            \n                            style=\"background-image: url(https:\/\/sherpas.com\/content\/uploads\/2022\/01\/Emilie2x.jpg);\"\n                        >\n                    <\/div>\n                         <p class=\"push__teachers-name\">Emilie<\/p>                          <p class=\"push__teachers-school\">Sciences Po Lyon<\/p>                                                     <div class=\"push__teachers-note\">\n                                                                    <svg  class=\"active\" >\n                                        <use\n                                            xlink:href=\"\/content\/themes\/sherpas-theme\/dist\/images\/sprite.svg#star\"\/>\n                                    <\/svg>\n                                                                    <svg  class=\"active\" >\n                                        <use\n                                            xlink:href=\"\/content\/themes\/sherpas-theme\/dist\/images\/sprite.svg#star\"\/>\n                                    <\/svg>\n                                                                    <svg  class=\"active\" >\n                                        <use\n                                            xlink:href=\"\/content\/themes\/sherpas-theme\/dist\/images\/sprite.svg#star\"\/>\n                                    <\/svg>\n                                                                    <svg  class=\"active\" >\n                                        <use\n                                            xlink:href=\"\/content\/themes\/sherpas-theme\/dist\/images\/sprite.svg#star\"\/>\n                                    <\/svg>\n                                                                    <svg  class=\"active\" >\n                                        <use\n                                            xlink:href=\"\/content\/themes\/sherpas-theme\/dist\/images\/sprite.svg#star\"\/>\n                                    <\/svg>\n                                                            <\/div>\n                                                 <p class=\"push__teachers-price\">19\u20ac\/h<\/p>                     <\/div>\n                <\/div>\n                                            <div class=\"swiper-slide\">\n                    <div class=\"push__teachers-card\">\n                        <div\n                            class=\"push__teachers-profil\"\n                            \n                            style=\"background-image: url(https:\/\/sherpas.com\/content\/uploads\/2022\/01\/Antoine2x.png);\"\n                        >\n                    <\/div>\n                         <p class=\"push__teachers-name\">Antoine<\/p>                          <p class=\"push__teachers-school\">Sciences Po Paris<\/p>                                                     <div class=\"push__teachers-note\">\n                                                                    <svg  class=\"active\" >\n                                        <use\n                                            xlink:href=\"\/content\/themes\/sherpas-theme\/dist\/images\/sprite.svg#star\"\/>\n                                    <\/svg>\n                                                                    <svg  class=\"active\" >\n                                        <use\n                                            xlink:href=\"\/content\/themes\/sherpas-theme\/dist\/images\/sprite.svg#star\"\/>\n                                    <\/svg>\n                                                                    <svg  class=\"active\" >\n                                        <use\n                                            xlink:href=\"\/content\/themes\/sherpas-theme\/dist\/images\/sprite.svg#star\"\/>\n                                    <\/svg>\n                                                                    <svg  class=\"active\" >\n                                        <use\n                                            xlink:href=\"\/content\/themes\/sherpas-theme\/dist\/images\/sprite.svg#star\"\/>\n                                    <\/svg>\n                                                                    <svg  class=\"active\" >\n                                        <use\n                                            xlink:href=\"\/content\/themes\/sherpas-theme\/dist\/images\/sprite.svg#star\"\/>\n                                    <\/svg>\n                                                            <\/div>\n                                                 <p class=\"push__teachers-price\">18\u20ac\/h\/h<\/p>                     <\/div>\n                <\/div>\n                                            <div class=\"swiper-slide\">\n                    <div class=\"push__teachers-card\">\n                        <div\n                            class=\"push__teachers-profil\"\n                            \n                            style=\"background-image: url(https:\/\/sherpas.com\/content\/uploads\/2022\/01\/Margot2x.png);\"\n                        >\n                    <\/div>\n                         <p class=\"push__teachers-name\">Margot<\/p>                          <p class=\"push__teachers-school\">Arts et M\u00e9tiers ParisTech<\/p>                                                     <div class=\"push__teachers-note\">\n                                                                    <svg  class=\"active\" >\n                                        <use\n                                            xlink:href=\"\/content\/themes\/sherpas-theme\/dist\/images\/sprite.svg#star\"\/>\n                                    <\/svg>\n                                                                    <svg  class=\"active\" >\n                                        <use\n                                            xlink:href=\"\/content\/themes\/sherpas-theme\/dist\/images\/sprite.svg#star\"\/>\n                                    <\/svg>\n                                                                    <svg  class=\"active\" >\n                                        <use\n                                            xlink:href=\"\/content\/themes\/sherpas-theme\/dist\/images\/sprite.svg#star\"\/>\n                                    <\/svg>\n                                                                    <svg  class=\"active\" >\n                                        <use\n                                            xlink:href=\"\/content\/themes\/sherpas-theme\/dist\/images\/sprite.svg#star\"\/>\n                                    <\/svg>\n                                                                    <svg  class=\"active\" >\n                                        <use\n                                            xlink:href=\"\/content\/themes\/sherpas-theme\/dist\/images\/sprite.svg#star\"\/>\n                                    <\/svg>\n                                                            <\/div>\n                                                 <p class=\"push__teachers-price\">22\u20ac\/h\/h<\/p>                     <\/div>\n                <\/div>\n                                            <div class=\"swiper-slide\">\n                    <div class=\"push__teachers-card\">\n                        <div\n                            class=\"push__teachers-profil\"\n                            \n                            style=\"background-image: url(https:\/\/sherpas.com\/content\/uploads\/2022\/01\/Thibault2x.png);\"\n                        >\n                    <\/div>\n                         <p class=\"push__teachers-name\">Thibault<\/p>                          <p class=\"push__teachers-school\">ENS Paris Ulm<\/p>                                                     <div class=\"push__teachers-note\">\n                                                                    <svg  class=\"active\" >\n                                        <use\n                                            xlink:href=\"\/content\/themes\/sherpas-theme\/dist\/images\/sprite.svg#star\"\/>\n                                    <\/svg>\n                                                                    <svg  class=\"active\" >\n                                        <use\n                                            xlink:href=\"\/content\/themes\/sherpas-theme\/dist\/images\/sprite.svg#star\"\/>\n                                    <\/svg>\n                                                                    <svg  class=\"active\" >\n                                        <use\n                                            xlink:href=\"\/content\/themes\/sherpas-theme\/dist\/images\/sprite.svg#star\"\/>\n                                    <\/svg>\n                                                                    <svg  class=\"active\" >\n                                        <use\n                                            xlink:href=\"\/content\/themes\/sherpas-theme\/dist\/images\/sprite.svg#star\"\/>\n                                    <\/svg>\n                                                                    <svg  class=\"active\" >\n                                        <use\n                                            xlink:href=\"\/content\/themes\/sherpas-theme\/dist\/images\/sprite.svg#star\"\/>\n                                    <\/svg>\n                                                            <\/div>\n                                                 <p class=\"push__teachers-price\">20\u20ac\/h<\/p>                     <\/div>\n                <\/div>\n                    <\/div>\n    <\/div>\n<\/div>\n                                                    <div class=\"push__content\">\n                                                            <div  class=\"d-none d-md-block\" >\n                                    <img decoding=\"async\" class=\"push__logo\" src=\"\/content\/themes\/sherpas-theme\/dist\/images\/logo.svg\"\n                                        alt=\"Logo Sherpas\">\n                                <\/div>\n                                                                                        <div class=\"push__title\"><p>Besoin d&rsquo;un <span style=\"color: #4cc583;\">prof particulier<\/span> d&rsquo;espagnol ? <span role=\"image\" aria-label=\"\u2728\">\u2728<\/span><\/p>\n<\/div>\n                                                                                        <div class=\"push__text\"><p>Nos Sherpas sont l\u00e0 pour t&rsquo;aider \u00e0 progresser et prendre confiance en toi !<\/p>\n<\/div>\n                                                        <div class=\"push__promo-button   \">\n                                                                                                    <div\n                                        class=\"btn btn-primary\"\n                                        style=\"color: ; border-color: ; background-color: \"\n\n                                    >\n                                        JE PRENDS UN COURS OFFERT !\n                                    <\/div>\n                                                            <\/div>\n                                                    <\/div>\n                                    <\/div>\n                                    <\/div>\n    <\/section>\n\n\n\n<h2 class=\"wp-block-heading\" id=\"chronologie-de-la-transition-democratique-espagnole-les-dates-clefs\">Chronologie de la Transition d\u00e9mocratique espagnole : les dates clefs \ud83d\udd11<\/h2>\n\n\n\n<p>A\u00efe comment faire un cours sur la transition d\u00e9mocratique espagnole sans passer par une chronologie ? Impossible ! Tu ne peux y \u00e9chapper. Mais pas de panique, il n&rsquo;y en a pas autant que pour la R\u00e9volution fran\u00e7aise.&nbsp;<\/p>\n\n\n<section class=\"read-also\">\n    <p class=\"read-also__title\">\u00c0 lire aussi<\/p>\n            <div class=\"read-also__list\">\n            <p>Mais pas de panique, il n&rsquo;y en a pas autant que pour la <a href=\"https:\/\/sherpas.com\/blog\/dates-revolution-francaise\/\">R\u00e9volution fran\u00e7aise<\/a>. \ud83e\udd2a<\/p>\n\n        <\/div>\n    <\/section>\n\n\n\n<h3 class=\"wp-block-heading\" id=\"20-novembre-1975-mort-de-francisco-franco\">20 novembre 1975 : mort de Francisco Franco<\/h3>\n\n\n\n<p>C\u2019est le point de d\u00e9part de la transition d\u00e9mocratique.<strong> Sa mort met un terme \u00e0 la p\u00e9riode franquiste. <\/strong>Pour le caract\u00e9riser en quelques mots, tu peux dire que c\u2019\u00e9tait un <strong>r\u00e9gime marqu\u00e9 par sa duret\u00e9 et sa violence envers la population<\/strong> et plus pr\u00e9cis\u00e9ment : perte de libert\u00e9s, ex\u00e9cutions des opposants, censure, tortures&#8230; Bref c\u2019\u00e9tait loin d\u2019\u00eatre un long fleuve tranquille.<\/p>\n\n\n<section class=\"you-know\">\n                <div class=\"you-know__title\"><p>\ud83d\udca1L\u2019anecdote<\/p>\n<\/div>\n                        <div class=\"you-know__text\">\n            <p>L\u2019autre surnom du \u00ab\u00a0Caudillo\u00a0\u00bb est \u00ab\u00a0Franquito\u00a0\u00bb (pour les intimes).<\/p>\n\n        <\/div>\n              <\/section>\n\n\n\n<h3 class=\"wp-block-heading\" id=\"juan-carlos-ier-roi-despagne-de-1975-a-2014\">Juan Carlos Ier (roi d\u2019Espagne de 1975 \u00e0 2014)<\/h3>\n\n\n\n<p>Le roi Juan Carlos de Borb\u00f3n (fils de Juan de Borb\u00f3n et petit-fils du dernier roi d&rsquo;Espagne) est nomm\u00e9 par <em>el Caudillo <\/em>(avant sa mort), <strong>comme son successeur<\/strong>.&nbsp;<\/p>\n\n\n\n<p>Il \u00e9tait au pouvoir d\u00e8s le <strong><span style=\"text-decoration: underline\" class=\"underline\">22 novembre de la m\u00eame ann\u00e9e jusqu\u2019en 2014<\/span><\/strong> quand il a abdiqu\u00e9 en faveur de son fils Felipe (le roi actuel Felipe VI). L\u2019Espagne est donc redevenue une <strong>monarchie<\/strong>. Mais pourtant, il se veut proche du peuple et souhaite acqu\u00e9rir une l\u00e9gitimit\u00e9 internationale. <strong>Il s&rsquo;engage alors \u00e0 faire de l&rsquo;Espagne une d\u00e9mocratie<\/strong>.<\/p>\n\n\n\n<h3 class=\"wp-block-heading\" id=\"1976\">1976<strong>&nbsp;<\/strong><\/h3>\n\n\n\n<div class=\"wp-block-columns is-layout-flex wp-container-core-columns-is-layout-9d6595d7 wp-block-columns-is-layout-flex\">\n<div class=\"wp-block-column is-vertically-aligned-center is-layout-flow wp-block-column-is-layout-flow\">\n<p>Certainement pas comme l\u2019aurait voulu Franco, <strong>le roi met en place le processus allant vers une d\u00e9mocratie <\/strong>\u00e0 partir de 1976. Il nomme <strong>Adolfo Su\u00e1rez<\/strong>, chef du gouvernement, le 3 juillet 1976 et ensemble, ils l\u2019instaurent.&nbsp;<\/p>\n<\/div>\n\n\n\n<div class=\"wp-block-column is-layout-flow wp-block-column-is-layout-flow\">\n<figure class=\"wp-block-image size-large\"><img decoding=\"async\" src=\"https:\/\/media.giphy.com\/media\/nGoL1fizDLmHdwycqq\/giphy.gif\" alt=\"\" \/><\/figure>\n<\/div>\n<\/div>\n\n\n\n<h3 class=\"wp-block-heading\" id=\"1977\">1977<\/h3>\n\n\n\n<h4 class=\"wp-block-heading\" id=\"loi-damnistie\">\ud83d\udc49 Loi d\u2019amnistie&nbsp;<\/h4>\n\n\n\n<p>Le <strong>14 octobre 1977<\/strong> la <strong>Loi d\u2019amnistie<\/strong> est promulgu\u00e9e. Elle est plus connue sous le nom de <strong>\u201cpacte de l\u2019oubli\u201d<\/strong>. (On t\u2019en dis plus juste apr\u00e8s \ud83d\ude09)<\/p>\n\n\n\n<h4 class=\"wp-block-heading\" id=\"les-premieres-elections\"><strong>\ud83d\udc49 les premi\u00e8res \u00e9lections \ud83d\uddf3<\/strong><\/h4>\n\n\n\n<p>Avec la l\u00e9galisation des parties politiques, les premi\u00e8res \u00e9lections sont organis\u00e9es le <strong>15 juin 1977.<\/strong> Les principaux partis sont :&nbsp;<\/p>\n\n\n\n<ul class=\"wp-block-list\">\n<li>la <strong>UCD<\/strong> (Uni\u00f3n Centro Democr\u00e1tica)&nbsp;<\/li>\n\n\n\n<li>le <strong>PSEO<\/strong> (partido socialista obrero espa\u00f1ol)&nbsp;<\/li>\n\n\n\n<li>le <strong>PC<\/strong> (partido comunista)<\/li>\n<\/ul>\n\n\n\n<p>C&rsquo;est finalement Adolfo Suarez (UCD) remporte les \u00e9lections. Le Movimiento Nacional, parti unique sous le franquisme, s&rsquo;auto-dissout le <strong>1er avril 1977<\/strong>.&nbsp;<\/p>\n\n\n<div class=\"wp-block-image\">\n<figure class=\"aligncenter size-large\"><img decoding=\"async\" src=\"https:\/\/media.giphy.com\/media\/3o6MbonSEXqAWTvqGQ\/giphy.gif\" alt=\"\" \/><\/figure>\n<\/div>\n\n\n<h3 class=\"wp-block-heading\" id=\"6-decembre-1978-la-nouvelle-constitution\">6 d\u00e9cembre 1978 : La (nouvelle) Constitution \ud83d\udcc3<\/h3>\n\n\n\n<p>Pas de changement politique sans nouvelle constitution !&nbsp;Deux institutions, \u00e0 savoir, le <strong>Congr\u00e8s des d\u00e9put\u00e9s<\/strong> et le <strong>S\u00e9nat<\/strong>, sont charg\u00e9s d\u2019\u00e9laborer la nouvelle constitution.<\/p>\n\n\n\n<p>\ud83d\udc49 Elle va \u00eatre approuv\u00e9e par presque <strong>90%<\/strong> des Espagnols (r\u00e9f\u00e9rendum) avec comme question : \u00ab <em>\u00bfAprueba el Proyecto de Constituci\u00f3n?<\/em> \u00bb (\u00ab Approuvez-vous le projet de Constitution ? \u00bb)<\/p>\n\n\n\n<p>On peut \u00e9galement parler de \u00ab loi fondamentale \u00bb dont les grands principes sont : le pluralisme, la tol\u00e9rance, une <strong>d\u00e9mocratie lib\u00e9rale et parlementaire (d\u00e9mocratie repr\u00e9sentative bas\u00e9e sur la protection les libert\u00e9s des individus)<\/strong>.<\/p>\n\n\n<section class=\"you-know\">\n                <div class=\"you-know__title\"><\/div>\n                        <div class=\"you-know__text\">\n            <p>\ud83d\udca1 C\u2019est d\u2019ailleurs pour cette raison que le <strong>6 d\u00e9cembre<\/strong> est un jour f\u00e9ri\u00e9 en Espagne, en m\u00e9moire de cette date importante.<\/p>\n\n        <\/div>\n              <\/section>\n\n\n\n<h3 class=\"wp-block-heading\" id=\"1979-elections-generales\">1979 : \u00e9lections g\u00e9n\u00e9rales \ud83d\udcf0<\/h3>\n\n\n\n<p>Nouvelle victoire du UCD avec Adolfo Su\u00e1rez \ud83e\udd47<\/p>\n\n\n\n<h3 class=\"wp-block-heading\" id=\"coup-detat-de-tejero\">Coup d\u2019\u00c9tat de Tejero \ud83e\udd4a<\/h3>\n\n\n\n<p><strong>Le 23 f\u00e9vrier 1981, Antonio Tejero Molina<\/strong>, nostalgique du r\u00e9gime franquiste, <strong>organise un coup d\u2019\u00c9tat<\/strong>. Avec d\u2019autres gardes civils, il organise l\u2019assaut du Congr\u00e8s des d\u00e9put\u00e9s (cet \u00e9v\u00e8nement fut enregistr\u00e9 par la t\u00e9l\u00e9vision espagnole). Le peuple a peur d\u2019un retour dans le pass\u00e9 horrible, mais heureusement, c\u2019est un \u00e9chec cuisant\u2026 Le roi Juan Carlos Ier met <strong>fin \u00e0 ce coup d\u2019\u00c9tat apr\u00e8s 24 h<\/strong> et garantit alors la d\u00e9mocratie.<\/p>\n\n\n\n<h3 class=\"wp-block-heading\" id=\"1982\">1982<strong>&nbsp;<\/strong><\/h3>\n\n\n\n<p><strong>La transition d\u00e9mocratique s\u2019ach\u00e8ve <\/strong>et Adolfo Su\u00e1rez termine son mandat. Par la suite, de nouvelles \u00e9lections font de <strong>Felipe Gonz\u00e1lez<\/strong> (PSOE), le nouveau chef du gouvernement. \ud83e\udd47&nbsp;<\/p>\n\n\n\n<p>\ud83d\udc49 Cette<strong> alternance politique <\/strong>marque d\u00e9finitivement la fin de cette p\u00e9riode.<\/p>\n\n\n\n<p>Bref, tu l\u2019auras compris avec cette chronologie de la transition d\u00e9mocratique espagnole, il y avait quelque chose qui se passait quasiment chaque ann\u00e9e.<\/p>\n\n\n\n<h2 class=\"wp-block-heading\" id=\"zoom-le-pacte-de-loubli-el-pacto-del-olvido\">Zoom : Le pacte de l\u2019oubli &#8211; El pacto del olvido \ud83e\udd1d<\/h2>\n\n\n\n<p>Dans la chronologie sur la transition d\u00e9mocratique, on a vu qu\u2019il y avait la <strong>loi d\u2019amnistie du 14 octobre 1977. <\/strong>Mais qu\u00e9saco ? \ud83e\udd14<\/p>\n\n\n\n<div class=\"wp-block-columns is-layout-flex wp-container-core-columns-is-layout-9d6595d7 wp-block-columns-is-layout-flex\">\n<div class=\"wp-block-column is-vertically-aligned-center is-layout-flow wp-block-column-is-layout-flow\">\n<p>Il est impossible de faire un cours sur la transition d\u00e9mocratique espagnole sans l\u2019\u00e9voquer en d\u00e9tail.<\/p>\n<\/div>\n\n\n\n<div class=\"wp-block-column is-layout-flow wp-block-column-is-layout-flow\"><div class=\"wp-block-image\">\n<figure class=\"aligncenter size-large is-resized\"><img decoding=\"async\" src=\"https:\/\/media.giphy.com\/media\/ikWPda7XrJDjQDsgV5\/giphy.gif\" alt=\"\" width=\"120\" height=\"120\" \/><\/figure>\n<\/div><\/div>\n<\/div>\n\n\n\n<p>La l<strong>oi d\u2019amnistie du 14 octobre 1977<\/strong> est vot\u00e9e par le Congr\u00e8s des d\u00e9put\u00e9s. Selon eux, il s\u2019agit d\u2019un instrument de <strong>\u201cr\u00e9conciliation nationale\u201d<\/strong>. <strong>\ud83c\udfdb <\/strong>En effet, on \u00e9voquait un \u201coubli de tous pour tous\u201d. Autrement dit, tourner la page de cette p\u00e9riode, quitte \u00e0 faire en sorte de l\u2019effacer totalement.&nbsp;<\/p>\n\n\n\n<p>Bas\u00e9e sur l\u2019oubli et sur l\u2019abandon de poursuites pour des \u00e9v\u00e8nements ant\u00e9rieurs \u00e0 1975, cette loi <strong>interdit de juger les responsables de violences commises sous le franquisme. <\/strong>Seulement, il y a un hic ! Les cons\u00e9quences directes de la loi d\u2019amnistie sont les suivantes \ud83d\udd4a<\/p>\n\n\n\n<ul class=\"wp-block-list\">\n<li>Cette loi laisse le peuple espagnol<strong> sans r\u00e9elle justice<\/strong>. \u2696\ufe0f<\/li>\n\n\n\n<li>L\u2019<strong>impunit\u00e9 pour les actes de violence, de torture<\/strong>\u2026 commis sous la dictature franquiste, ne doit pas \u00eatre remis en question. C\u2019est une loi !<\/li>\n\n\n\n<li>Les <strong>prisonniers politiques<\/strong> (opposants \u00e0 la dictature franquiste) sont lib\u00e9r\u00e9s.&nbsp;<\/li>\n\n\n\n<li>Les jeunes espagnols n\u2019apprennent que tr\u00e8s peu, m\u00eame aujourd\u2019hui, cette p\u00e9riode, car <strong>elle n\u2019est pas r\u00e9ellement dans les programmes<\/strong>.<\/li>\n<\/ul>\n\n\n\n<h3 class=\"wp-block-heading\" id=\"la-memoire-et-le-silence-dans-la-transition-democratique\">La m\u00e9moire et le silence dans la Transition d\u00e9mocratique \ud83d\udde3&nbsp;<\/h3>\n\n\n\n<p>Pour beaucoup, le <strong>\u201cpacte de l\u2019oubli\u201d<\/strong> est qualifi\u00e9 de <strong>\u201cpacte du silence\u201d<\/strong>.<\/p>\n\n\n\n<p>En effet l\u2019interdiction de juger les crimes franquistes laisse<strong> les victimes sans r\u00e9ponse<\/strong> puisque les responsables ne sont m\u00eame pas interrog\u00e9s.&nbsp;<\/p>\n\n\n\n<p>On en parle tr\u00e8s peu mais certains enfants (des nouveau-n\u00e9s de m\u00e8res c\u00e9libataires) ont \u00e9t\u00e9 enlev\u00e9s de leur famille pendant la dictature, par le r\u00e9gime. On disait aux parents que leurs enfants \u00e9taient morts. En r\u00e9alit\u00e9, ils ne les tuaient pas, mais <strong>les \u00e9levaient conform\u00e9ment au r\u00e9gime<\/strong>. Les familles ayant v\u00e9cu ce drame voulaient donc retrouver leurs enfants, mais sur le plan juridique, cela allait \u00e0 l\u2019encontre du \u201cpacte de l\u2019oubli\u201d.&nbsp;<\/p>\n\n\n\n<p><strong>\ud83d\udc49 <\/strong>Le pays est divis\u00e9 sur <strong>la question de la m\u00e9moire<\/strong>. Des victimes saisissent la justice \u00e0 l\u2019\u00e9tranger (par exemple en Argentine) pour rompre le \u201cpacte de l\u2019oubli\u201d et faire condamner les coupables.&nbsp;<\/p>\n\n\n<section class=\"you-know\">\n                <div class=\"you-know__title\"><p>\ud83c\udfac Reco !<\/p>\n<\/div>\n                        <div class=\"you-know__text\">\n            <p>Le documentaire <em>El Silencio de otros\u00a0<\/em>(<em>Le silence des autres<\/em>) rend compte de ce moment, en laissant la parole aux victimes. On te le conseille !<\/p>\n\n        <\/div>\n              <\/section>\n\n\n<section class=\"relance\">\n        <div >\n                        <div class=\"cursor-pointer\" data-toggle=\"modal\" data-target=\"#relance-modal-mDvh9RwkB3o\">\n                <div class=\"relance__container\"\n                    >\n                                                                             <picture>\n                            <source srcset=\"https:\/\/sherpas.com\/content\/uploads\/2021\/10\/YT-28.01-11-e1611855769316.png\" media=\"(min-width: 999px)\">\n                            <source srcset=\"https:\/\/sherpas.com\/content\/uploads\/2021\/10\/YT-28.01-11-e1611855769316.png\" media=\"(max-width: 999px)\">\n                                <img decoding=\"async\"\n                                    src=\"https:\/\/sherpas.com\/content\/uploads\/2021\/10\/YT-28.01-11-e1611855769316.png\"\n                                    alt=\"Avoir un accent authentique en 7 \u00e9tapes\"\n                                >\n                            <\/picture>\n                                        <div class=\"relance__content\">\n                                                <div class=\"relance__title\"> <p>Envie d&rsquo;avoir un accent de fo-lie ? On t&rsquo;explique comment \ud83d\udc47<\/p>\n<\/div>\n                                                <button type=\"button\"\n                                class=\"relance__button btn btn-white\">\n                            <svg>\n                                <use\n                                    xlink:href=\"\/content\/themes\/sherpas-theme\/dist\/images\/sprite.svg#play\"\/>\n                            <\/svg>\n                            <span>\u00c0 VOIR ICI <\/span>\n                        <\/button>\n                    <\/div>\n                <\/div>\n            <\/div>\n                    <\/div>\n    <\/section>\n\n            <div class=\"modal-video modal fade\" id=\"relance-modal-mDvh9RwkB3o\" tabindex=\"-1\" aria-hidden=\"true\">\n            <div class=\"modal-dialog\">\n                <div class=\"modal-content\">\n                    <iframe\n                        src=\"https:\/\/www.youtube.com\/embed\/mDvh9RwkB3o\"\n                        title=\"YouTube video player\" frameborder=\"0\"\n                        allow=\"accelerometer; autoplay; clipboard-write; encrypted-media; gyroscope; picture-in-picture\"\n                        allowfullscreen\n                    ><\/iframe>\n                <\/div>\n            <\/div>\n        <\/div>\n    \n\n<section class=\"push \">\n        <div >\n            \n                                                <div class=\"push__container  qcd\" data-target=\"_self\" data-qcd=\"aHR0cHM6Ly9zaGVycGFzLmNvbS9mdW5uZWwtc3R1ZGVudC1xdWFsaWZpY2F0aW9u\" data-banner=\"2\" data-name=\"Cours part&amp;rsquo; global #2 = CPG2\" style=\"background-color: #F3FBF7\" >\n                                                                        <div class=\"push__teachers\">\n    <div class=\"d-flex justify-content-center d-md-none\">\n        <img decoding=\"async\" class=\"push__logo\" src=\"\/content\/themes\/sherpas-theme\/dist\/images\/logo.svg\" alt=\"Logo Sherpas\">\n    <\/div>\n    <div class=\"swiper\">\n        <div class=\"swiper-wrapper\">\n                                            <div class=\"swiper-slide\">\n                    <div class=\"push__teachers-card\">\n                        <div\n                            class=\"push__teachers-profil\"\n                            \n                            style=\"background-image: url(https:\/\/sherpas.com\/content\/uploads\/2022\/01\/Cle\u0301mence2x.png);\"\n                        >\n                    <\/div>\n                         <p class=\"push__teachers-name\">Cl\u00e9mence<\/p>                          <p class=\"push__teachers-school\">HEC Paris<\/p>                                                     <div class=\"push__teachers-note\">\n                                                                    <svg  class=\"active\" >\n                                        <use\n                                            xlink:href=\"\/content\/themes\/sherpas-theme\/dist\/images\/sprite.svg#star\"\/>\n                                    <\/svg>\n                                                                    <svg  class=\"active\" >\n                                        <use\n                                            xlink:href=\"\/content\/themes\/sherpas-theme\/dist\/images\/sprite.svg#star\"\/>\n                                    <\/svg>\n                                                                    <svg  class=\"active\" >\n                                        <use\n                                            xlink:href=\"\/content\/themes\/sherpas-theme\/dist\/images\/sprite.svg#star\"\/>\n                                    <\/svg>\n                                                                    <svg  class=\"active\" >\n                                        <use\n                                            xlink:href=\"\/content\/themes\/sherpas-theme\/dist\/images\/sprite.svg#star\"\/>\n                                    <\/svg>\n                                                                    <svg  class=\"active\" >\n                                        <use\n                                            xlink:href=\"\/content\/themes\/sherpas-theme\/dist\/images\/sprite.svg#star\"\/>\n                                    <\/svg>\n                                                            <\/div>\n                                                 <p class=\"push__teachers-price\">21\u20ac\/h\/h<\/p>                     <\/div>\n                <\/div>\n                                            <div class=\"swiper-slide\">\n                    <div class=\"push__teachers-card\">\n                        <div\n                            class=\"push__teachers-profil\"\n                            \n                            style=\"background-image: url(https:\/\/sherpas.com\/content\/uploads\/2022\/01\/Thibault2x.png);\"\n                        >\n                    <\/div>\n                         <p class=\"push__teachers-name\">Thibault<\/p>                          <p class=\"push__teachers-school\">ENS Paris Ulm<\/p>                                                     <div class=\"push__teachers-note\">\n                                                                    <svg  class=\"active\" >\n                                        <use\n                                            xlink:href=\"\/content\/themes\/sherpas-theme\/dist\/images\/sprite.svg#star\"\/>\n                                    <\/svg>\n                                                                    <svg  class=\"active\" >\n                                        <use\n                                            xlink:href=\"\/content\/themes\/sherpas-theme\/dist\/images\/sprite.svg#star\"\/>\n                                    <\/svg>\n                                                                    <svg  class=\"active\" >\n                                        <use\n                                            xlink:href=\"\/content\/themes\/sherpas-theme\/dist\/images\/sprite.svg#star\"\/>\n                                    <\/svg>\n                                                                    <svg  class=\"active\" >\n                                        <use\n                                            xlink:href=\"\/content\/themes\/sherpas-theme\/dist\/images\/sprite.svg#star\"\/>\n                                    <\/svg>\n                                                                    <svg  class=\"active\" >\n                                        <use\n                                            xlink:href=\"\/content\/themes\/sherpas-theme\/dist\/images\/sprite.svg#star\"\/>\n                                    <\/svg>\n                                                            <\/div>\n                                                 <p class=\"push__teachers-price\">20\u20ac\/h<\/p>                     <\/div>\n                <\/div>\n                                            <div class=\"swiper-slide\">\n                    <div class=\"push__teachers-card\">\n                        <div\n                            class=\"push__teachers-profil\"\n                            \n                            style=\"background-image: url(https:\/\/sherpas.com\/content\/uploads\/2022\/01\/Sophie2x.png);\"\n                        >\n                    <\/div>\n                         <p class=\"push__teachers-name\">Sophie<\/p>                          <p class=\"push__teachers-school\">Sciences Po Bordeaux<\/p>                                                     <div class=\"push__teachers-note\">\n                                                                    <svg  class=\"active\" >\n                                        <use\n                                            xlink:href=\"\/content\/themes\/sherpas-theme\/dist\/images\/sprite.svg#star\"\/>\n                                    <\/svg>\n                                                                    <svg  class=\"active\" >\n                                        <use\n                                            xlink:href=\"\/content\/themes\/sherpas-theme\/dist\/images\/sprite.svg#star\"\/>\n                                    <\/svg>\n                                                                    <svg  class=\"active\" >\n                                        <use\n                                            xlink:href=\"\/content\/themes\/sherpas-theme\/dist\/images\/sprite.svg#star\"\/>\n                                    <\/svg>\n                                                                    <svg  class=\"active\" >\n                                        <use\n                                            xlink:href=\"\/content\/themes\/sherpas-theme\/dist\/images\/sprite.svg#star\"\/>\n                                    <\/svg>\n                                                                    <svg >\n                                        <use\n                                            xlink:href=\"\/content\/themes\/sherpas-theme\/dist\/images\/sprite.svg#star\"\/>\n                                    <\/svg>\n                                                            <\/div>\n                                                 <p class=\"push__teachers-price\">12\u20ac\/h<\/p>                     <\/div>\n                <\/div>\n                                            <div class=\"swiper-slide\">\n                    <div class=\"push__teachers-card\">\n                        <div\n                            class=\"push__teachers-profil\"\n                            \n                            style=\"background-image: url(https:\/\/sherpas.com\/content\/uploads\/2022\/01\/Noemie2x.jpg);\"\n                        >\n                    <\/div>\n                         <p class=\"push__teachers-name\">No\u00e9mie<\/p>                          <p class=\"push__teachers-school\">M2 en droit \u00e0 Assas<\/p>                                                     <div class=\"push__teachers-note\">\n                                                                    <svg  class=\"active\" >\n                                        <use\n                                            xlink:href=\"\/content\/themes\/sherpas-theme\/dist\/images\/sprite.svg#star\"\/>\n                                    <\/svg>\n                                                                    <svg  class=\"active\" >\n                                        <use\n                                            xlink:href=\"\/content\/themes\/sherpas-theme\/dist\/images\/sprite.svg#star\"\/>\n                                    <\/svg>\n                                                                    <svg  class=\"active\" >\n                                        <use\n                                            xlink:href=\"\/content\/themes\/sherpas-theme\/dist\/images\/sprite.svg#star\"\/>\n                                    <\/svg>\n                                                                    <svg  class=\"active\" >\n                                        <use\n                                            xlink:href=\"\/content\/themes\/sherpas-theme\/dist\/images\/sprite.svg#star\"\/>\n                                    <\/svg>\n                                                                    <svg  class=\"active\" >\n                                        <use\n                                            xlink:href=\"\/content\/themes\/sherpas-theme\/dist\/images\/sprite.svg#star\"\/>\n                                    <\/svg>\n                                                            <\/div>\n                                                 <p class=\"push__teachers-price\">19\u20ac\/h<\/p>                     <\/div>\n                <\/div>\n                                            <div class=\"swiper-slide\">\n                    <div class=\"push__teachers-card\">\n                        <div\n                            class=\"push__teachers-profil\"\n                            \n                            style=\"background-image: url(https:\/\/sherpas.com\/content\/uploads\/2022\/01\/Fanny2x.jpg);\"\n                        >\n                    <\/div>\n                         <p class=\"push__teachers-name\">Fanny<\/p>                          <p class=\"push__teachers-school\">Ponts ParisTech<\/p>                                                     <div class=\"push__teachers-note\">\n                                                                    <svg  class=\"active\" >\n                                        <use\n                                            xlink:href=\"\/content\/themes\/sherpas-theme\/dist\/images\/sprite.svg#star\"\/>\n                                    <\/svg>\n                                                                    <svg  class=\"active\" >\n                                        <use\n                                            xlink:href=\"\/content\/themes\/sherpas-theme\/dist\/images\/sprite.svg#star\"\/>\n                                    <\/svg>\n                                                                    <svg  class=\"active\" >\n                                        <use\n                                            xlink:href=\"\/content\/themes\/sherpas-theme\/dist\/images\/sprite.svg#star\"\/>\n                                    <\/svg>\n                                                                    <svg  class=\"active\" >\n                                        <use\n                                            xlink:href=\"\/content\/themes\/sherpas-theme\/dist\/images\/sprite.svg#star\"\/>\n                                    <\/svg>\n                                                                    <svg  class=\"active\" >\n                                        <use\n                                            xlink:href=\"\/content\/themes\/sherpas-theme\/dist\/images\/sprite.svg#star\"\/>\n                                    <\/svg>\n                                                            <\/div>\n                                                 <p class=\"push__teachers-price\">19\u20ac\/h<\/p>                     <\/div>\n                <\/div>\n                                            <div class=\"swiper-slide\">\n                    <div class=\"push__teachers-card\">\n                        <div\n                            class=\"push__teachers-profil\"\n                            \n                            style=\"background-image: url(https:\/\/sherpas.com\/content\/uploads\/2022\/01\/Simon2x.jpg);\"\n                        >\n                    <\/div>\n                         <p class=\"push__teachers-name\">Simon<\/p>                          <p class=\"push__teachers-school\">4e ann\u00e9e de m\u00e9decine<\/p>                                                     <div class=\"push__teachers-note\">\n                                                                    <svg  class=\"active\" >\n                                        <use\n                                            xlink:href=\"\/content\/themes\/sherpas-theme\/dist\/images\/sprite.svg#star\"\/>\n                                    <\/svg>\n                                                                    <svg  class=\"active\" >\n                                        <use\n                                            xlink:href=\"\/content\/themes\/sherpas-theme\/dist\/images\/sprite.svg#star\"\/>\n                                    <\/svg>\n                                                                    <svg  class=\"active\" >\n                                        <use\n                                            xlink:href=\"\/content\/themes\/sherpas-theme\/dist\/images\/sprite.svg#star\"\/>\n                                    <\/svg>\n                                                                    <svg  class=\"active\" >\n                                        <use\n                                            xlink:href=\"\/content\/themes\/sherpas-theme\/dist\/images\/sprite.svg#star\"\/>\n                                    <\/svg>\n                                                                    <svg  class=\"active\" >\n                                        <use\n                                            xlink:href=\"\/content\/themes\/sherpas-theme\/dist\/images\/sprite.svg#star\"\/>\n                                    <\/svg>\n                                                            <\/div>\n                                                 <p class=\"push__teachers-price\">26\u20ac\/h<\/p>                     <\/div>\n                <\/div>\n                                            <div class=\"swiper-slide\">\n                    <div class=\"push__teachers-card\">\n                        <div\n                            class=\"push__teachers-profil\"\n                            \n                            style=\"background-image: url(https:\/\/sherpas.com\/content\/uploads\/2022\/01\/Nicolas2x.png);\"\n                        >\n                    <\/div>\n                         <p class=\"push__teachers-name\">Nicolas<\/p>                          <p class=\"push__teachers-school\">CentraleSup\u00e9lec<\/p>                                                     <div class=\"push__teachers-note\">\n                                                                    <svg  class=\"active\" >\n                                        <use\n                                            xlink:href=\"\/content\/themes\/sherpas-theme\/dist\/images\/sprite.svg#star\"\/>\n                                    <\/svg>\n                                                                    <svg  class=\"active\" >\n                                        <use\n                                            xlink:href=\"\/content\/themes\/sherpas-theme\/dist\/images\/sprite.svg#star\"\/>\n                                    <\/svg>\n                                                                    <svg  class=\"active\" >\n                                        <use\n                                            xlink:href=\"\/content\/themes\/sherpas-theme\/dist\/images\/sprite.svg#star\"\/>\n                                    <\/svg>\n                                                                    <svg  class=\"active\" >\n                                        <use\n                                            xlink:href=\"\/content\/themes\/sherpas-theme\/dist\/images\/sprite.svg#star\"\/>\n                                    <\/svg>\n                                                                    <svg  class=\"active\" >\n                                        <use\n                                            xlink:href=\"\/content\/themes\/sherpas-theme\/dist\/images\/sprite.svg#star\"\/>\n                                    <\/svg>\n                                                            <\/div>\n                                                 <p class=\"push__teachers-price\">17\u20ac\/h<\/p>                     <\/div>\n                <\/div>\n                                            <div class=\"swiper-slide\">\n                    <div class=\"push__teachers-card\">\n                        <div\n                            class=\"push__teachers-profil\"\n                            \n                            style=\"background-image: url(https:\/\/sherpas.com\/content\/uploads\/2022\/01\/Victor2x.jpg);\"\n                        >\n                    <\/div>\n                         <p class=\"push__teachers-name\">Victor<\/p>                          <p class=\"push__teachers-school\">ESCP<\/p>                                                     <div class=\"push__teachers-note\">\n                                                                    <svg  class=\"active\" >\n                                        <use\n                                            xlink:href=\"\/content\/themes\/sherpas-theme\/dist\/images\/sprite.svg#star\"\/>\n                                    <\/svg>\n                                                                    <svg  class=\"active\" >\n                                        <use\n                                            xlink:href=\"\/content\/themes\/sherpas-theme\/dist\/images\/sprite.svg#star\"\/>\n                                    <\/svg>\n                                                                    <svg  class=\"active\" >\n                                        <use\n                                            xlink:href=\"\/content\/themes\/sherpas-theme\/dist\/images\/sprite.svg#star\"\/>\n                                    <\/svg>\n                                                                    <svg  class=\"active\" >\n                                        <use\n                                            xlink:href=\"\/content\/themes\/sherpas-theme\/dist\/images\/sprite.svg#star\"\/>\n                                    <\/svg>\n                                                                    <svg  class=\"active\" >\n                                        <use\n                                            xlink:href=\"\/content\/themes\/sherpas-theme\/dist\/images\/sprite.svg#star\"\/>\n                                    <\/svg>\n                                                            <\/div>\n                                                 <p class=\"push__teachers-price\">25\u20ac\/h<\/p>                     <\/div>\n                <\/div>\n                    <\/div>\n    <\/div>\n<\/div>\n                                                    <div class=\"push__content\">\n                                                            <div  class=\"d-none d-md-block\" >\n                                    <img decoding=\"async\" class=\"push__logo\" src=\"\/content\/themes\/sherpas-theme\/dist\/images\/logo.svg\"\n                                        alt=\"Logo Sherpas\">\n                                <\/div>\n                                                                                        <div class=\"push__title\"><p>Besoin d&rsquo;un prof particulier ? <span role=\"img\" aria-label=\"\u2728\">\u2728<\/span><!-- notionvc: 9b5ed38b-ea2e-4d3c-a3bb-f0091c2eedd2 --><\/p>\n<\/div>\n                                                                                        <div class=\"push__text\"><p>Nos profs sont l\u00e0 pour t&rsquo;aider \u00e0 progresser !<\/p>\n<p>&nbsp;<\/p>\n<p><!-- notionvc: 20490bdd-6579-484b-9d99-0ff0bc1aa8e7 --><\/p>\n<\/div>\n                                                        <div class=\"push__promo-button   \">\n                                                                                                    <div\n                                        class=\"btn btn-primary\"\n                                        style=\"color: ; border-color: ; background-color: \"\n\n                                    >\n                                        JE PRENDS UN COURS OFFERT !\n                                    <\/div>\n                                                            <\/div>\n                                                    <\/div>\n                                    <\/div>\n                                    <\/div>\n    <\/section>\n\n\n\n<p class=\"has-text-align-center\"><em><strong>[Version Espagnole \ud83c\uddea\ud83c\uddf8]<\/strong><\/em><strong> <\/strong>La Transici\u00f3n democr\u00e1tica espa\u00f1ola 1975-1982 \ud83c\uddea\ud83c\uddf8<\/p>\n\n\n\n<h2 class=\"wp-block-heading\" id=\"introduccion-al-curso-de-la-transicion-democratica-espanola\">Introducci\u00f3n al curso de la Transici\u00f3n Democr\u00e1tica Espa\u00f1ola \ud83c\udfdb<\/h2>\n\n\n<section class=\"you-know\">\n                <div class=\"you-know__title\"><p>\u00bfQu\u00e9 es? \ud83e\udd14<\/p>\n<\/div>\n                        <div class=\"you-know__text\">\n            <p>La <strong>transici\u00f3n democr\u00e1tica<\/strong> es un momento esencial en la <strong>Historia de Espa\u00f1a<\/strong>, que ha supuesto una <strong>gran agitaci\u00f3n<\/strong>, especialmente en el aspecto <strong>pol\u00edtico<\/strong> del pa\u00eds. En t\u00e9rminos generales, una transici\u00f3n democr\u00e1tica es un proceso de paso de un r\u00e9gimen <strong>no democr\u00e1tico a una democracia<\/strong>. \u00bfHasta ahora me sigues? De acuerdo, vale, \u00a1continuemos!<\/p>\n\n        <\/div>\n              <\/section>\n\n\n\n<p>La <strong>transici\u00f3n democr\u00e1tica<\/strong> es un momento esencial en la <strong>Historia de Espa\u00f1a<\/strong>, que ha supuesto una <strong>gran agitaci\u00f3n<\/strong>, especialmente en el aspecto <strong>pol\u00edtico<\/strong> del pa\u00eds. En t\u00e9rminos generales, una transici\u00f3n democr\u00e1tica es un proceso de paso de un r\u00e9gimen <strong>no democr\u00e1tico a una democracia<\/strong>. \u00bfHasta ahora me sigues? De acuerdo, vale, \u00a1continuemos!<\/p>\n\n\n\n<h3 class=\"wp-block-heading\" id=\"espana-antes-de-la-transicion-democratica\">Espa\u00f1a antes de la transici\u00f3n democr\u00e1tica<\/h3>\n\n\n\n<p>\u00a1Y s\u00ed! \u00bfC\u00f3mo puedes sumergirse en el resumen de la transici\u00f3n democr\u00e1tica espa\u00f1ola antes de conocer los antecedentes de Espa\u00f1a? Paciencia, te ayudar\u00e1 a entender mejor este famoso periodo. \ud83d\ude0a<\/p>\n\n\n\n<p><strong>Franco<\/strong> (apodado el Caudillo) gan\u00f3 la <strong>guerra civil<\/strong> (1936-1939) y estableci\u00f3 una <strong>dictadura<\/strong>. Fue un <strong>dictador fascista<\/strong>. Es decir, pretend\u00eda ser un sistema pol\u00edtico autoritario basado en un <strong>fuerte populismo, nacionalismo y totalitarismo en nombre de un ideal colectivo supremo<\/strong>.Tambi\u00e9n podemos hablar de la \u00ab\u00a0\u00e9poca del franquismo\u00a0\u00bb. Fue considerado el s\u00edmbolo del <strong>autoritarismo moderno<\/strong> en Europa.&nbsp;<\/p>\n\n\n<section class=\"you-know\">\n                <div class=\"you-know__title\"><p>\ud83d\udca1\u00bfSabes?<\/p>\n<\/div>\n                        <div class=\"you-know__text\">\n            <p>Su dictadura de 36 a\u00f1os es una de las m\u00e1s largas de Europa.<\/p>\n\n        <\/div>\n              <\/section>\n\n\n\n<p><strong>Al principio de la guerra civil, la situaci\u00f3n del pa\u00eds era inestable, tanto en lo pol\u00edtico como en lo econ\u00f3mico e incluso en lo social.<\/strong> Como puedes imaginar, hubo muchas tensiones. Se sucedieron diferentes formas de gobierno (dictadura, rep\u00fablica,&#8230;) pero esto no resolvi\u00f3 los problemas. Y la inestabilidad significa intentos de tomar el poder (por la fuerza) para algunos. \ud83d\udc40<\/p>\n\n\n\n<p>\ud83d\udc49 El 17 de julio de 1936, <em>el Caudillo <\/em>intent\u00f3 tomar el poder con una insurrecci\u00f3n militar. El gobierno republicano resisti\u00f3&#8230; pero demasiado tarde, pero demasiado tarde, <strong>la guerra estall\u00f3 : fue la famosa Guerra Civil Espa\u00f1ola que dur\u00f3 hasta 1939. \ud83d\udca3&nbsp;<\/strong><\/p>\n\n\n<section class=\"relance\">\n        <div >\n                            <a target=\"_blank\" href=\"https:\/\/sherpas.com\/cours\/espagnol\">\n                    <div class=\"relance__container\"\n                        >\n                        \n                                                        <picture>\n                            <source srcset=\"https:\/\/sherpas.com\/content\/uploads\/2022\/01\/Fiche-Avenir-sur-Parcoursup-e1639725543336-1.jpg\" media=\"(min-width: 999px)\">\n                            <source srcset=\"https:\/\/sherpas.com\/content\/uploads\/2022\/01\/Fiche-Avenir-sur-Parcoursup-e1639725543336-1.jpg\" media=\"(max-width: 999px)\">\n                                <img decoding=\"async\"\n                                    src=\"https:\/\/sherpas.com\/content\/uploads\/2022\/01\/Fiche-Avenir-sur-Parcoursup-e1639725543336-1.jpg\"\n                                    alt=\"\"\n                                >\n                            <\/picture>\n                                                <div class=\"relance__content\">\n                            \n                                <div class=\"relance__title\"> <p>Besoin d&rsquo;aide pour progresser en espagnol ? Fais un tour du c\u00f4t\u00e9 de nos profs natifs ou bilingues ! \ud83d\ude0c<\/p>\n<\/div>\n                                                        <button type=\"button\"\n                                    class=\"relance__button btn btn-white\">\n                                \n                            <\/button>\n                        <\/div>\n                    <\/div>\n                <\/a>\n                    <\/div>\n    <\/section>\n\n    \n\n\n<h2 class=\"wp-block-heading\" id=\"cronologia-de-la-transicion-democratica-espanola\">Cronolog\u00eda de la Transici\u00f3n Democr\u00e1tica Espa\u00f1ola \ud83d\udd11<\/h2>\n\n\n\n<p>Ouch \u00bfc\u00f3mo hacer un curso sobre la transici\u00f3n democr\u00e1tica espa\u00f1ola sin pasar por una cronolog\u00eda? Es imposible. No puedes escapar de ello. Pero que no cunda el p\u00e1nico, <strong>no hay tantos como para la Revoluci\u00f3n Francesa.&nbsp;\ud83d\ude09<\/strong><\/p>\n\n\n\n<h3 class=\"wp-block-heading\" id=\"20-de-noviembre-de-1975-muerte-de-francisco-franco\">20 de noviembre de 1975: muerte de Francisco Franco<\/h3>\n\n\n\n<p>Este es el punto de partida de la transici\u00f3n democr\u00e1tica.<strong> Su muerte pone fin al per\u00edodo franquista.<\/strong> Si hay que resumirlo en pocas palabras, se puede decir que fue un <strong>r\u00e9gimen marcado por su dureza y violencia hacia la poblaci\u00f3n<\/strong>, y m\u00e1s concretamente: p\u00e9rdida de libertades, ejecuciones de opositores, censura, torturas,&#8230; En resumen, estaba lejos de ser un r\u00edo largo y tranquilo.<\/p>\n\n\n<section class=\"you-know\">\n                <div class=\"you-know__title\"><p>\ud83d\udca1La an\u00e9cdota<\/p>\n<\/div>\n                        <div class=\"you-know__text\">\n            <p>El otro apodo del \u00ab\u00a0Caudillo\u00a0\u00bb es \u00ab\u00a0Franquito\u00a0\u00bb (por los \u00edntimos).<\/p>\n\n        <\/div>\n              <\/section>\n\n\n\n<h3 class=\"wp-block-heading\" id=\"juan-carlos-i\">Juan Carlos I<\/h3>\n\n\n\n<div class=\"wp-block-columns is-layout-flex wp-container-core-columns-is-layout-9d6595d7 wp-block-columns-is-layout-flex\">\n<div class=\"wp-block-column is-vertically-aligned-center is-layout-flow wp-block-column-is-layout-flow\">\n<p>El rey Juan Carlos de Borb\u00f3n (hijo de Juan de Borb\u00f3n y nieto del \u00faltimo rey de Espa\u00f1a) fue elegido por <em>el Caudillo<\/em> (antes de su muerte), como su sucesor.&nbsp; Estuvo en el poder desde el 22 de noviembre del mismo a\u00f1o hasta 2014 cuando abdic\u00f3 en su hijo Felipe (el rey actual, Felipe VI). As\u00ed, este convirtiendo a Espa\u00f1a de nuevo en una <strong>monarqu\u00eda<\/strong>. <\/p>\n<\/div>\n\n\n\n<div class=\"wp-block-column is-layout-flow wp-block-column-is-layout-flow\"><div class=\"wp-block-image\">\n<figure class=\"aligncenter size-large is-resized\"><img decoding=\"async\" src=\"https:\/\/media.giphy.com\/media\/okLCopqw6ElCDnIhuS\/giphy.gif\" alt=\"\" width=\"240\" height=\"200\" \/><\/figure>\n<\/div><\/div>\n<\/div>\n\n\n\n<p>Sin embargo, quer\u00eda estar cerca del pueblo y adquirir legitimidad internacional. <strong>Se compromete a hacer de Espa\u00f1a una democracia<\/strong>.<\/p>\n\n\n\n<h3 class=\"wp-block-heading\" id=\"1976\">1976<\/h3>\n\n\n\n<p>Probablemente, no como le hubiera gustado a Franco,<strong> el rey puso en marcha un proceso de transici\u00f3n democr\u00e1tica<\/strong> a partir de 1976. Nombr\u00f3 a Adolfo Su\u00e1rez, jefe de gobierno, el 3 de julio de 1976. Juntos la establecieron.&nbsp;<\/p>\n\n\n\n<h3 class=\"wp-block-heading\" id=\"1977\">1977<\/h3>\n\n\n\n<h4 class=\"wp-block-heading\" id=\"ley-de-amnistia\"><strong>\ud83d\udc49 Ley de Amnist\u00eda&nbsp;<\/strong><\/h4>\n\n\n\n<p>El <strong>14 de octubre de 1977<\/strong> se promulga la <strong>Ley de Amnist\u00eda<\/strong> . Se estableci\u00f3 el llamado <strong>\u201cpacto del olvido\u201d<\/strong>. (M\u00e1s adelante hablaremos de esto \ud83d\ude09)<\/p>\n\n\n\n<h4 class=\"wp-block-heading\" id=\"1977-las-primeras-elecciones\"><strong>\ud83d\udc49 1977 : las primeras elecciones \ud83d\uddf3<\/strong><\/h4>\n\n\n\n<p>Con la legalizaci\u00f3n de los partidos pol\u00edticos, las primeras elecciones se celebraron el <strong>15 de junio de 1977<\/strong>. Los principales partidos son:&nbsp;<\/p>\n\n\n\n<ul class=\"wp-block-list\">\n<li>la <strong>UCD<\/strong> (Uni\u00f3n Centro Democr\u00e1tico)&nbsp;<\/li>\n\n\n\n<li>el <strong>PSEO<\/strong> (Partido Socialista Obrero Espa\u00f1ol)&nbsp;<\/li>\n\n\n\n<li>el <strong>PC<\/strong> (partido comunista)<\/li>\n<\/ul>\n\n\n\n<p>Adolfo Su\u00e1rez (UCD) gana las elecciones. El Movimiento Nacional, partido \u00fanico en el franquismo, se disuelve el <strong>1 de abril de 1977.&nbsp;<\/strong><\/p>\n\n\n\n<h3 class=\"wp-block-heading\" id=\"6-de-diciembre-de-1978-la-nueva-constitucion\">6 de diciembre de 1978: La (nueva) Constituci\u00f3n \ud83d\udcc3<\/h3>\n\n\n\n<p>\u00a1No hay cambio pol\u00edtico sin una nueva constituci\u00f3n! Tras estas elecciones, el Congreso de los Diputados y el Senado son los encargados de redactar la nueva Constituci\u00f3n (democr\u00e1tica).<\/p>\n\n\n\n<p>Fue aprobada por casi el <strong>90%<\/strong> de los espa\u00f1oles (refer\u00e9ndum) con la pregunta: \u00ab\u00a0\u00bfAprueba el Proyecto de Constituci\u00f3n?\u00a0\u00bb Tambi\u00e9n puede llamarse \u00ab\u00a0ley fundamental\u00a0\u00bb.&nbsp;<\/p>\n\n\n\n<p>Sus principios fundamentales son: el pluralismo, la tolerancia y la <strong>democracia liberal y parlamentaria (democracia representativa basada en la protecci\u00f3n de las libertades individuales).<\/strong><\/p>\n\n\n<section class=\"you-know\">\n                <div class=\"you-know__title\"><\/div>\n                        <div class=\"you-know__text\">\n            <p>\ud83d\udca1 Por este motivo, el 6 de diciembre es festivo en Espa\u00f1a, en recuerdo de esta importante fecha.<\/p>\n\n        <\/div>\n              <\/section>\n\n\n\n<h3 class=\"wp-block-heading\" id=\"1979-elecciones-generales\">1979: elecciones generales \ud83d\udcf0<\/h3>\n\n\n\n<p>Nueva victoria del UCD con Adolfo Su\u00e1rez \ud83e\udd47<\/p>\n\n\n\n<h3 class=\"wp-block-heading\" id=\"el-golpe-de-estado-de-tejero\">El golpe de Estado de Tejero \ud83e\udd4a<\/h3>\n\n\n\n<p><strong>El 23 de febrero de 1981, Antonio Tejero Molina<\/strong>, nost\u00e1lgico del r\u00e9gimen franquista, <strong>organiz\u00f3 un golpe de Estado<\/strong>. Junto con otros guardias civiles, organiz\u00f3 el asalto al Congreso de los Diputados (este evento fue grabado por la televisi\u00f3n espa\u00f1ola). El pueblo tem\u00eda una vuelta al horrible pasado, pero por suerte fue un amargo fracaso&#8230; El rey Juan Carlos I puso fin a este golpe al cabo de <strong>24 h<\/strong> y garantiz\u00f3 la democracia.<\/p>\n\n\n\n<h3 class=\"wp-block-heading\" id=\"1982\">1982&nbsp;<\/h3>\n\n\n\n<p><strong>La transici\u00f3n democr\u00e1tica llega a su fin<\/strong> y Adolfo Su\u00e1rez termina su mandato. Las nuevas elecciones convierten a <strong>Felipe Gonz\u00e1lez <\/strong>(PSOE) en el nuevo jefe de Gobierno. \ud83e\udd47&nbsp;<\/p>\n\n\n\n<p>Esta<strong> alternancia pol\u00edtica <\/strong>marca definitivamente el final de este periodo.<\/p>\n\n\n\n<p>En definitiva, como habr\u00e1s entendido por esta cronolog\u00eda de la transici\u00f3n democr\u00e1tica espa\u00f1ola, casi todos los a\u00f1os pasaba algo.<\/p>\n\n\n<section class=\"read-also\">\n    <p class=\"read-also__title\">\u00c0 lire aussi<\/p>\n            <div class=\"read-also__list\">\n            <p>Envie d&rsquo;en savoir plus sur <a href=\"https:\/\/sherpas.com\/blog\/comment-conjuguer-le-subjonctif-espagnol\/\">le subjonctif espagnol<\/a> ?<\/p>\n\n        <\/div>\n    <\/section>\n\n\n<section class=\"push \">\n        <div >\n            \n                                                <div class=\"push__container  qcd\" data-target=\"_self\" data-qcd=\"aHR0cHM6Ly9zaGVycGFzLmNvbS9mdW5uZWwtc3R1ZGVudC1xdWFsaWZpY2F0aW9u\" data-banner=\"2\" data-name=\"CPM2 Espagnol\" style=\"background-color: #F3FBF7\" >\n                                                                        <div class=\"push__teachers\">\n    <div class=\"d-flex justify-content-center d-md-none\">\n        <img decoding=\"async\" class=\"push__logo\" src=\"\/content\/themes\/sherpas-theme\/dist\/images\/logo.svg\" alt=\"Logo Sherpas\">\n    <\/div>\n    <div class=\"swiper\">\n        <div class=\"swiper-wrapper\">\n                                            <div class=\"swiper-slide\">\n                    <div class=\"push__teachers-card\">\n                        <div\n                            class=\"push__teachers-profil\"\n                            \n                            style=\"background-image: url(https:\/\/sherpas.com\/content\/uploads\/2022\/01\/Sophie2x.png);\"\n                        >\n                    <\/div>\n                         <p class=\"push__teachers-name\">Sophie<\/p>                          <p class=\"push__teachers-school\">Sciences Po Bordeaux<\/p>                                                     <div class=\"push__teachers-note\">\n                                                                    <svg  class=\"active\" >\n                                        <use\n                                            xlink:href=\"\/content\/themes\/sherpas-theme\/dist\/images\/sprite.svg#star\"\/>\n                                    <\/svg>\n                                                                    <svg  class=\"active\" >\n                                        <use\n                                            xlink:href=\"\/content\/themes\/sherpas-theme\/dist\/images\/sprite.svg#star\"\/>\n                                    <\/svg>\n                                                                    <svg  class=\"active\" >\n                                        <use\n                                            xlink:href=\"\/content\/themes\/sherpas-theme\/dist\/images\/sprite.svg#star\"\/>\n                                    <\/svg>\n                                                                    <svg  class=\"active\" >\n                                        <use\n                                            xlink:href=\"\/content\/themes\/sherpas-theme\/dist\/images\/sprite.svg#star\"\/>\n                                    <\/svg>\n                                                                    <svg >\n                                        <use\n                                            xlink:href=\"\/content\/themes\/sherpas-theme\/dist\/images\/sprite.svg#star\"\/>\n                                    <\/svg>\n                                                            <\/div>\n                                                 <p class=\"push__teachers-price\">12\u20ac\/h<\/p>                     <\/div>\n                <\/div>\n                                            <div class=\"swiper-slide\">\n                    <div class=\"push__teachers-card\">\n                        <div\n                            class=\"push__teachers-profil\"\n                            \n                            style=\"background-image: url(https:\/\/sherpas.com\/content\/uploads\/2022\/01\/Martin2x.jpg);\"\n                        >\n                    <\/div>\n                         <p class=\"push__teachers-name\">Martin<\/p>                          <p class=\"push__teachers-school\">HEC Paris<\/p>                                                     <div class=\"push__teachers-note\">\n                                                                    <svg  class=\"active\" >\n                                        <use\n                                            xlink:href=\"\/content\/themes\/sherpas-theme\/dist\/images\/sprite.svg#star\"\/>\n                                    <\/svg>\n                                                                    <svg  class=\"active\" >\n                                        <use\n                                            xlink:href=\"\/content\/themes\/sherpas-theme\/dist\/images\/sprite.svg#star\"\/>\n                                    <\/svg>\n                                                                    <svg  class=\"active\" >\n                                        <use\n                                            xlink:href=\"\/content\/themes\/sherpas-theme\/dist\/images\/sprite.svg#star\"\/>\n                                    <\/svg>\n                                                                    <svg  class=\"active\" >\n                                        <use\n                                            xlink:href=\"\/content\/themes\/sherpas-theme\/dist\/images\/sprite.svg#star\"\/>\n                                    <\/svg>\n                                                                    <svg  class=\"active\" >\n                                        <use\n                                            xlink:href=\"\/content\/themes\/sherpas-theme\/dist\/images\/sprite.svg#star\"\/>\n                                    <\/svg>\n                                                            <\/div>\n                                                 <p class=\"push__teachers-price\">23\u20ac\/h<\/p>                     <\/div>\n                <\/div>\n                                            <div class=\"swiper-slide\">\n                    <div class=\"push__teachers-card\">\n                        <div\n                            class=\"push__teachers-profil\"\n                            \n                            style=\"background-image: url(https:\/\/sherpas.com\/content\/uploads\/2022\/01\/Agathe2x.png);\"\n                        >\n                    <\/div>\n                         <p class=\"push__teachers-name\">Agathe<\/p>                          <p class=\"push__teachers-school\">ENS Lyon<\/p>                                                     <div class=\"push__teachers-note\">\n                                                                    <svg  class=\"active\" >\n                                        <use\n                                            xlink:href=\"\/content\/themes\/sherpas-theme\/dist\/images\/sprite.svg#star\"\/>\n                                    <\/svg>\n                                                                    <svg  class=\"active\" >\n                                        <use\n                                            xlink:href=\"\/content\/themes\/sherpas-theme\/dist\/images\/sprite.svg#star\"\/>\n                                    <\/svg>\n                                                                    <svg  class=\"active\" >\n                                        <use\n                                            xlink:href=\"\/content\/themes\/sherpas-theme\/dist\/images\/sprite.svg#star\"\/>\n                                    <\/svg>\n                                                                    <svg  class=\"active\" >\n                                        <use\n                                            xlink:href=\"\/content\/themes\/sherpas-theme\/dist\/images\/sprite.svg#star\"\/>\n                                    <\/svg>\n                                                                    <svg  class=\"active\" >\n                                        <use\n                                            xlink:href=\"\/content\/themes\/sherpas-theme\/dist\/images\/sprite.svg#star\"\/>\n                                    <\/svg>\n                                                            <\/div>\n                                                 <p class=\"push__teachers-price\">19\u20ac\/h<\/p>                     <\/div>\n                <\/div>\n                                            <div class=\"swiper-slide\">\n                    <div class=\"push__teachers-card\">\n                        <div\n                            class=\"push__teachers-profil\"\n                            \n                            style=\"background-image: url(https:\/\/sherpas.com\/content\/uploads\/2022\/01\/Victor2x.jpg);\"\n                        >\n                    <\/div>\n                         <p class=\"push__teachers-name\">Victor<\/p>                          <p class=\"push__teachers-school\">ESCP<\/p>                                                     <div class=\"push__teachers-note\">\n                                                                    <svg  class=\"active\" >\n                                        <use\n                                            xlink:href=\"\/content\/themes\/sherpas-theme\/dist\/images\/sprite.svg#star\"\/>\n                                    <\/svg>\n                                                                    <svg  class=\"active\" >\n                                        <use\n                                            xlink:href=\"\/content\/themes\/sherpas-theme\/dist\/images\/sprite.svg#star\"\/>\n                                    <\/svg>\n                                                                    <svg  class=\"active\" >\n                                        <use\n                                            xlink:href=\"\/content\/themes\/sherpas-theme\/dist\/images\/sprite.svg#star\"\/>\n                                    <\/svg>\n                                                                    <svg  class=\"active\" >\n                                        <use\n                                            xlink:href=\"\/content\/themes\/sherpas-theme\/dist\/images\/sprite.svg#star\"\/>\n                                    <\/svg>\n                                                                    <svg  class=\"active\" >\n                                        <use\n                                            xlink:href=\"\/content\/themes\/sherpas-theme\/dist\/images\/sprite.svg#star\"\/>\n                                    <\/svg>\n                                                            <\/div>\n                                                 <p class=\"push__teachers-price\">25\u20ac\/h<\/p>                     <\/div>\n                <\/div>\n                                            <div class=\"swiper-slide\">\n                    <div class=\"push__teachers-card\">\n                        <div\n                            class=\"push__teachers-profil\"\n                            \n                            style=\"background-image: url(https:\/\/sherpas.com\/content\/uploads\/2022\/01\/Alma2x.jpg);\"\n                        >\n                    <\/div>\n                         <p class=\"push__teachers-name\">Alma<\/p>                          <p class=\"push__teachers-school\">ENS Paris-Saclay<\/p>                                                     <div class=\"push__teachers-note\">\n                                                                    <svg  class=\"active\" >\n                                        <use\n                                            xlink:href=\"\/content\/themes\/sherpas-theme\/dist\/images\/sprite.svg#star\"\/>\n                                    <\/svg>\n                                                                    <svg  class=\"active\" >\n                                        <use\n                                            xlink:href=\"\/content\/themes\/sherpas-theme\/dist\/images\/sprite.svg#star\"\/>\n                                    <\/svg>\n                                                                    <svg  class=\"active\" >\n                                        <use\n                                            xlink:href=\"\/content\/themes\/sherpas-theme\/dist\/images\/sprite.svg#star\"\/>\n                                    <\/svg>\n                                                                    <svg  class=\"active\" >\n                                        <use\n                                            xlink:href=\"\/content\/themes\/sherpas-theme\/dist\/images\/sprite.svg#star\"\/>\n                                    <\/svg>\n                                                                    <svg  class=\"active\" >\n                                        <use\n                                            xlink:href=\"\/content\/themes\/sherpas-theme\/dist\/images\/sprite.svg#star\"\/>\n                                    <\/svg>\n                                                            <\/div>\n                                                 <p class=\"push__teachers-price\">24\u20ac\/h<\/p>                     <\/div>\n                <\/div>\n                                            <div class=\"swiper-slide\">\n                    <div class=\"push__teachers-card\">\n                        <div\n                            class=\"push__teachers-profil\"\n                            \n                            style=\"background-image: url(https:\/\/sherpas.com\/content\/uploads\/2022\/01\/Jeanne2x.jpg);\"\n                        >\n                    <\/div>\n                         <p class=\"push__teachers-name\">Jeanne<\/p>                          <p class=\"push__teachers-school\">Aix-Marseille Universit\u00e9<\/p>                                                     <div class=\"push__teachers-note\">\n                                                                    <svg  class=\"active\" >\n                                        <use\n                                            xlink:href=\"\/content\/themes\/sherpas-theme\/dist\/images\/sprite.svg#star\"\/>\n                                    <\/svg>\n                                                                    <svg  class=\"active\" >\n                                        <use\n                                            xlink:href=\"\/content\/themes\/sherpas-theme\/dist\/images\/sprite.svg#star\"\/>\n                                    <\/svg>\n                                                                    <svg  class=\"active\" >\n                                        <use\n                                            xlink:href=\"\/content\/themes\/sherpas-theme\/dist\/images\/sprite.svg#star\"\/>\n                                    <\/svg>\n                                                                    <svg  class=\"active\" >\n                                        <use\n                                            xlink:href=\"\/content\/themes\/sherpas-theme\/dist\/images\/sprite.svg#star\"\/>\n                                    <\/svg>\n                                                                    <svg  class=\"active\" >\n                                        <use\n                                            xlink:href=\"\/content\/themes\/sherpas-theme\/dist\/images\/sprite.svg#star\"\/>\n                                    <\/svg>\n                                                            <\/div>\n                                                 <p class=\"push__teachers-price\">17\u20ac\/h<\/p>                     <\/div>\n                <\/div>\n                                            <div class=\"swiper-slide\">\n                    <div class=\"push__teachers-card\">\n                        <div\n                            class=\"push__teachers-profil\"\n                            \n                            style=\"background-image: url(https:\/\/sherpas.com\/content\/uploads\/2022\/01\/David2x.jpg);\"\n                        >\n                    <\/div>\n                         <p class=\"push__teachers-name\">David<\/p>                          <p class=\"push__teachers-school\">EDHEC<\/p>                                                     <div class=\"push__teachers-note\">\n                                                                    <svg  class=\"active\" >\n                                        <use\n                                            xlink:href=\"\/content\/themes\/sherpas-theme\/dist\/images\/sprite.svg#star\"\/>\n                                    <\/svg>\n                                                                    <svg  class=\"active\" >\n                                        <use\n                                            xlink:href=\"\/content\/themes\/sherpas-theme\/dist\/images\/sprite.svg#star\"\/>\n                                    <\/svg>\n                                                                    <svg  class=\"active\" >\n                                        <use\n                                            xlink:href=\"\/content\/themes\/sherpas-theme\/dist\/images\/sprite.svg#star\"\/>\n                                    <\/svg>\n                                                                    <svg  class=\"active\" >\n                                        <use\n                                            xlink:href=\"\/content\/themes\/sherpas-theme\/dist\/images\/sprite.svg#star\"\/>\n                                    <\/svg>\n                                                                    <svg  class=\"active\" >\n                                        <use\n                                            xlink:href=\"\/content\/themes\/sherpas-theme\/dist\/images\/sprite.svg#star\"\/>\n                                    <\/svg>\n                                                            <\/div>\n                                                 <p class=\"push__teachers-price\">25\u20ac\/h<\/p>                     <\/div>\n                <\/div>\n                                            <div class=\"swiper-slide\">\n                    <div class=\"push__teachers-card\">\n                        <div\n                            class=\"push__teachers-profil\"\n                            \n                            style=\"background-image: url(https:\/\/sherpas.com\/content\/uploads\/2022\/01\/Emma2x.png);\"\n                        >\n                    <\/div>\n                         <p class=\"push__teachers-name\">Emma<\/p>                          <p class=\"push__teachers-school\">Dauphine<\/p>                                                     <div class=\"push__teachers-note\">\n                                                                    <svg  class=\"active\" >\n                                        <use\n                                            xlink:href=\"\/content\/themes\/sherpas-theme\/dist\/images\/sprite.svg#star\"\/>\n                                    <\/svg>\n                                                                    <svg  class=\"active\" >\n                                        <use\n                                            xlink:href=\"\/content\/themes\/sherpas-theme\/dist\/images\/sprite.svg#star\"\/>\n                                    <\/svg>\n                                                                    <svg  class=\"active\" >\n                                        <use\n                                            xlink:href=\"\/content\/themes\/sherpas-theme\/dist\/images\/sprite.svg#star\"\/>\n                                    <\/svg>\n                                                                    <svg  class=\"active\" >\n                                        <use\n                                            xlink:href=\"\/content\/themes\/sherpas-theme\/dist\/images\/sprite.svg#star\"\/>\n                                    <\/svg>\n                                                                    <svg  class=\"active\" >\n                                        <use\n                                            xlink:href=\"\/content\/themes\/sherpas-theme\/dist\/images\/sprite.svg#star\"\/>\n                                    <\/svg>\n                                                            <\/div>\n                                                 <p class=\"push__teachers-price\">15\u20ac\/h<\/p>                     <\/div>\n                <\/div>\n                    <\/div>\n    <\/div>\n<\/div>\n                                                    <div class=\"push__content\">\n                                                            <div  class=\"d-none d-md-block\" >\n                                    <img decoding=\"async\" class=\"push__logo\" src=\"\/content\/themes\/sherpas-theme\/dist\/images\/logo.svg\"\n                                        alt=\"Logo Sherpas\">\n                                <\/div>\n                                                                                        <div class=\"push__title\"><p>Ton premier <span style=\"color: #4cc483;\">cours particulier<\/span> d&rsquo;espagnol est <span style=\"color: #4cc483;\">offert<\/span> ! <span role=\"image\" aria-label=\"\ud83c\udf81\">\ud83c\udf81<\/span><\/p>\n<\/div>\n                                                                                        <div class=\"push__text\"><p>Tous nos profs sont pass\u00e9s par les meilleures \u00e9coles de France !<\/p>\n<\/div>\n                                                        <div class=\"push__promo-button   \">\n                                                                                                    <div\n                                        class=\"btn btn-primary\"\n                                        style=\"color: ; border-color: ; background-color: \"\n\n                                    >\n                                        J\u2019EN PROFITE !\n                                    <\/div>\n                                                            <\/div>\n                                                    <\/div>\n                                    <\/div>\n                                    <\/div>\n    <\/section>\n\n\n\n<h2 class=\"wp-block-heading\" id=\"zoom-el-pacto-del-olvido\">Zoom : El pacto del olvido \ud83e\udd1d<\/h2>\n\n\n\n<p>En la cronolog\u00eda sobre la transici\u00f3n democr\u00e1tica, vimos que exist\u00eda la <strong>ley de amnist\u00eda del 14 de octubre de 1977<\/strong>. Pero, \u00bfqu\u00e9 es? \ud83e\udd14<\/p>\n\n\n\n<p>Es imposible hacer un curso sobre la transici\u00f3n democr\u00e1tica espa\u00f1ola sin mencionarla en detalle.<\/p>\n\n\n\n<p>La <strong>ley de amnist\u00eda del 14 de octubre de 1977<\/strong> fue aprobada por el Congreso de los Diputados. Seg\u00fan ellos, es un instrumento de <strong>\u00ab\u00a0reconciliaci\u00f3n nacional\u00a0\u00bb<\/strong>. \ud83c\udfdb De hecho, se habl\u00f3 de un \u00ab\u00a0olvido de todos para todos\u00a0\u00bb. En otras palabras, pasar la p\u00e1gina de este periodo es asegurarse de que se borre por completo.&nbsp;<\/p>\n\n\n\n<p>Basada en el olvido y la retirada de cargos por hechos anteriores a 1975, esta ley <strong>prohib\u00eda juzgar a los responsables de la violencia cometida durante el franquismo. <\/strong>Pero hay una pega. <strong>Las consecuencias directas <\/strong>de la ley de amnist\u00eda : \ud83d\udd4a<\/p>\n\n\n\n<ul class=\"wp-block-list\">\n<li>Esta ley deja al pueblo espa\u00f1ol <strong>sin justicia real<\/strong>. \u2696\ufe0f<\/li>\n\n\n\n<li>La <strong>impunidad de los actos de violencia, tortura&#8230; <\/strong>cometidos bajo la dictadura franquista, no debe ser cuestionada. !Es una ley!<\/li>\n\n\n\n<li>Los <strong>presos pol\u00edticos<\/strong> (opositores a la dictadura franquista) son liberados.&nbsp;<\/li>\n\n\n\n<li>Los j\u00f3venes espa\u00f1oles aprenden muy poco, a\u00fan hoy, sobre este periodo, <strong>ya que sigue sin estar realmente en los planes de estudio.<\/strong><\/li>\n<\/ul>\n\n\n<div class=\"wp-block-image\">\n<figure class=\"aligncenter size-large\"><img decoding=\"async\" src=\"https:\/\/media.giphy.com\/media\/obtwAiJFvab4VGsI9j\/giphy.gif\" alt=\"\" \/><\/figure>\n<\/div>\n\n\n<h3 class=\"wp-block-heading\" id=\"la-memoria-y-silencio-en-la-transicion-democratica\">La memoria y silencio en la transici\u00f3n democr\u00e1tica \ud83d\udde3<\/h3>\n\n\n\n<p>Muchos tambi\u00e9n se refieren al <strong>\u00ab\u00a0pacto del olvido\u00a0\u00bb<\/strong> como el <strong>\u00ab\u00a0pacto del silencio\u00a0\u00bb<\/strong>.<\/p>\n\n\n\n<p>En efecto, la prohibici\u00f3n de juzgar los cr\u00edmenes del franquismo, deja a las v\u00edctimas sin respuestas, puesto que los responsables no son cuestionados.&nbsp;<\/p>\n\n\n\n<p>No se discute mucho, pero algunos ni\u00f1os (hijos reci\u00e9n nacidos de madres solteras) fueron apartados de sus familias durante la dictadura por el r\u00e9gimen. A las madres se les dijo que sus hijos estaban muertos. En realidad, no los mataron, sino que los <strong>criaron seg\u00fan el r\u00e9gimen<\/strong>. Por ello, las familias que vivieron esta tragedia quieren encontrar a sus hijos, pero desde el punto de vista legal, esto va en contra del \u00ab\u00a0pacto de olvido\u00a0\u00bb.&nbsp;<\/p>\n\n\n\n<p>\ud83d\udc49 El pa\u00eds est\u00e1, por tanto, <strong>dividido sobre el tema de la memoria<\/strong>. Las v\u00edctimas emprenden acciones legales en el extranjero (por ejemplo, en Argentina) para romper el \u00ab\u00a0pacto de olvido\u00a0\u00bb y lograr la condena de los autores.&nbsp;<\/p>\n\n\n<section class=\"you-know\">\n                <div class=\"you-know__title\"><\/div>\n                        <div class=\"you-know__text\">\n            <p>\ud83c\udfac El documental <em>El Silencio de otros<\/em> da cuenta de esta \u00e9poca, dejando hablar a las v\u00edctimas. Lo recomendamos.<\/p>\n\n        <\/div>\n              <\/section>\n\n\n\n<h2 class=\"wp-block-heading\" id=\"palabras-finales-sobre-la-transicion-democratica\">Palabras finales sobre la transici\u00f3n democr\u00e1tica \u2705<\/h2>\n\n\n\n<p>Bref, tu as compris que cette p\u00e9riode a <strong>fortement marqu\u00e9 l\u2019Espagne<\/strong>. Aujourd&rsquo;hui, cela a un impact sur les jeunes espagnols, qui finalement ne connaissent que tr\u00e8s peu cette \u00e9poque.<\/p>\n\n\n\n<p><em>En definitiva, he entendido que este per\u00edodo ha marcado fuertemente a Espa\u00f1a. Hoy en d\u00eda, tiene un impacto en los j\u00f3venes espa\u00f1oles, que conocen muy poco de este \u00e9poca.&nbsp;<\/em><\/p>\n\n\n\n<p>Il y a eu de <strong>grands changements sur le plan politique, dans l\u2019Histoire de l\u2019Espagne<\/strong> durant ces ann\u00e9es, ou m\u00eame durant ce si\u00e8cle, entre les diff\u00e9rents modes de gouvernement, guerres (la guerre civile 1936-1939), violences et les nombreuses victimes&#8230;<\/p>\n\n\n\n<p>Maintenant que tu es incollable sur ce th\u00e8me (de la chronologie aux cons\u00e9quences d\u2019aujourd\u2019hui\u2026) on te souhaite <strong>bon courage pour tes r\u00e9visions<\/strong> !&nbsp;<\/p>\n\n\n\n<p><em>Ahora que lo sabes todo sobre este tema, te deseamos mucha suerte con tu revisi\u00f3n.<\/em><\/p>\n\n\n\n<p><strong>Hasta pronto ! \ud83d\udc4b&nbsp;<\/strong><\/p>\n\n\n\n<p class=\"has-text-align-right\"><em>\u00c9crit par Marie Vacher <\/em><\/p>\n\n\n<div class=\"kk-star-ratings kksr-auto kksr-align-center kksr-valign-bottom\"\n    data-payload='{&quot;align&quot;:&quot;center&quot;,&quot;id&quot;:&quot;247442&quot;,&quot;slug&quot;:&quot;default&quot;,&quot;valign&quot;:&quot;bottom&quot;,&quot;ignore&quot;:&quot;&quot;,&quot;reference&quot;:&quot;auto&quot;,&quot;class&quot;:&quot;&quot;,&quot;count&quot;:&quot;38&quot;,&quot;legendonly&quot;:&quot;&quot;,&quot;readonly&quot;:&quot;&quot;,&quot;score&quot;:&quot;4.6&quot;,&quot;starsonly&quot;:&quot;&quot;,&quot;best&quot;:&quot;5&quot;,&quot;gap&quot;:&quot;5&quot;,&quot;greet&quot;:&quot;Tu as aim\u00e9 cet article ?&quot;,&quot;legend&quot;:&quot;4.6\\\/5 - (38 votes)&quot;,&quot;size&quot;:&quot;24&quot;,&quot;title&quot;:&quot;Fiche de cours : la transition d\u00e9mocratique espagnole (FR\\\/EN) \ud83c\uddea\ud83c\uddf8&quot;,&quot;width&quot;:&quot;130.9&quot;,&quot;_legend&quot;:&quot;{score}\\\/{best} - ({count} {votes})&quot;,&quot;font_factor&quot;:&quot;1.25&quot;}'>\n            \n<div class=\"kksr-stars\">\n    \n<div class=\"kksr-stars-inactive\">\n            <div class=\"kksr-star\" data-star=\"1\" style=\"padding-right: 5px\">\n            \n\n<div class=\"kksr-icon\" style=\"width: 24px; height: 24px;\"><\/div>\n        <\/div>\n            <div class=\"kksr-star\" data-star=\"2\" style=\"padding-right: 5px\">\n            \n\n<div class=\"kksr-icon\" style=\"width: 24px; height: 24px;\"><\/div>\n        <\/div>\n            <div class=\"kksr-star\" data-star=\"3\" style=\"padding-right: 5px\">\n            \n\n<div class=\"kksr-icon\" style=\"width: 24px; height: 24px;\"><\/div>\n        <\/div>\n            <div class=\"kksr-star\" data-star=\"4\" style=\"padding-right: 5px\">\n            \n\n<div class=\"kksr-icon\" style=\"width: 24px; height: 24px;\"><\/div>\n        <\/div>\n            <div class=\"kksr-star\" data-star=\"5\" style=\"padding-right: 5px\">\n            \n\n<div class=\"kksr-icon\" style=\"width: 24px; height: 24px;\"><\/div>\n        <\/div>\n    <\/div>\n    \n<div class=\"kksr-stars-active\" style=\"width: 130.9px;\">\n            <div class=\"kksr-star\" style=\"padding-right: 5px\">\n            \n\n<div class=\"kksr-icon\" style=\"width: 24px; height: 24px;\"><\/div>\n        <\/div>\n            <div class=\"kksr-star\" style=\"padding-right: 5px\">\n            \n\n<div class=\"kksr-icon\" style=\"width: 24px; height: 24px;\"><\/div>\n        <\/div>\n            <div class=\"kksr-star\" style=\"padding-right: 5px\">\n            \n\n<div class=\"kksr-icon\" style=\"width: 24px; height: 24px;\"><\/div>\n        <\/div>\n            <div class=\"kksr-star\" style=\"padding-right: 5px\">\n            \n\n<div class=\"kksr-icon\" style=\"width: 24px; height: 24px;\"><\/div>\n        <\/div>\n            <div class=\"kksr-star\" style=\"padding-right: 5px\">\n            \n\n<div class=\"kksr-icon\" style=\"width: 24px; height: 24px;\"><\/div>\n        <\/div>\n    <\/div>\n<\/div>\n                \n\n<div class=\"kksr-legend\" style=\"font-size: 19.2px;\">\n            4.6\/5 - (38 votes)    <\/div>\n    <\/div>\n","protected":false},"excerpt":{"rendered":"<p>\u00a1Hola! \ud83d\udc4b Besoin d\u2019un petit r\u00e9cap sur la transition d\u00e9mocratique espagnole\u202f? On t\u2019a fait ici un r\u00e9sum\u00e9 avec (&#8230;)<\/p>\n","protected":false},"author":158,"featured_media":247456,"comment_status":"open","ping_status":"closed","sticky":false,"template":"","format":"standard","meta":{"_acf_changed":false,"footnotes":""},"category":[803,821],"tag":[769,770,375],"class_list":["post-247442","post","type-post","status-publish","format-standard","has-post-thumbnail","hentry","category-apprendre-matiere","category-histoire","tag-espagne","tag-fiche-revision","tag-politique"],"acf":[],"_links":{"self":[{"href":"https:\/\/sherpas.com\/blog\/wp-json\/wp\/v2\/posts\/247442","targetHints":{"allow":["GET"]}}],"collection":[{"href":"https:\/\/sherpas.com\/blog\/wp-json\/wp\/v2\/posts"}],"about":[{"href":"https:\/\/sherpas.com\/blog\/wp-json\/wp\/v2\/types\/post"}],"author":[{"embeddable":true,"href":"https:\/\/sherpas.com\/blog\/wp-json\/wp\/v2\/users\/158"}],"replies":[{"embeddable":true,"href":"https:\/\/sherpas.com\/blog\/wp-json\/wp\/v2\/comments?post=247442"}],"version-history":[{"count":0,"href":"https:\/\/sherpas.com\/blog\/wp-json\/wp\/v2\/posts\/247442\/revisions"}],"wp:featuredmedia":[{"embeddable":true,"href":"https:\/\/sherpas.com\/blog\/wp-json\/wp\/v2\/media\/247456"}],"wp:attachment":[{"href":"https:\/\/sherpas.com\/blog\/wp-json\/wp\/v2\/media?parent=247442"}],"wp:term":[{"taxonomy":"category","embeddable":true,"href":"https:\/\/sherpas.com\/blog\/wp-json\/wp\/v2\/category?post=247442"},{"taxonomy":"tag","embeddable":true,"href":"https:\/\/sherpas.com\/blog\/wp-json\/wp\/v2\/tag?post=247442"}],"curies":[{"name":"wp","href":"https:\/\/api.w.org\/{rel}","templated":true}]}}