{"id":242882,"date":"2022-07-22T17:36:55","date_gmt":"2022-07-22T15:36:55","guid":{"rendered":"https:\/\/sherpas.com\/blog\/?p=242882"},"modified":"2025-01-07T15:27:12","modified_gmt":"2025-01-07T14:27:12","slug":"allemagne-nazie","status":"publish","type":"post","link":"https:\/\/sherpas.com\/blog\/allemagne-nazie\/","title":{"rendered":"Fiche de r\u00e9vision : l\u2019Allemagne nazie (1929-1939) \ud83d\udcdd"},"content":{"rendered":"\n<p>Les exams approchent, mais tu as toujours du mal \u00e0 comprendre en quoi l\u2019Allemagne nazie est un r\u00e9gime totalitaire ? Tu veux en apprendre plus sur la fa\u00e7on dont le r\u00e9gime s\u2019est install\u00e9 en Allemagne et a rayonn\u00e9 en Europe ? On est l\u00e0 pour \u00e7a \ud83d\ude09<\/p>\n\n\n\n<h2 class=\"wp-block-heading\" id=\"aux-fondements-de-lallemagne-nazie-une-democratie-en-crise\">Aux fondements de l\u2019Allemagne nazie : une d\u00e9mocratie en crise ?<\/h2>\n\n\n\n<div class=\"wp-block-columns is-layout-flex wp-container-core-columns-is-layout-9d6595d7 wp-block-columns-is-layout-flex\">\n<div class=\"wp-block-column is-vertically-aligned-center is-layout-flow wp-block-column-is-layout-flow\">\n<p>Le r\u00e9gime nazi, \u00e7a t\u2019\u00e9voque quoi ? Un moustachu qui gesticule devant les foules ? Les uniformes bruns des SS ? Le plus gros g\u00e9nocide du XXe si\u00e8cle ?&nbsp;<\/p>\n\n\n\n<p><strong>Si on te dit que le nazisme a suscit\u00e9 l\u2019adh\u00e9sion d\u2019une partie de la soci\u00e9t\u00e9 allemande de l\u2019\u00e9poque, et m\u00eame l\u2019admiration de la France, tu le crois ?&nbsp;<\/strong><\/p>\n<\/div>\n\n\n\n<div class=\"wp-block-column is-layout-flow wp-block-column-is-layout-flow\"><div class=\"wp-block-image\">\n<figure class=\"aligncenter size-large is-resized\"><img decoding=\"async\" src=\"https:\/\/sherpas.com\/blog\/content\/uploads\/2022\/07\/Allemagne-nazie-1024x819.png\" alt=\"\" class=\"wp-image-242883\" style=\"width:255px;height:203px\" width=\"255\" height=\"203\" \/><\/figure>\n<\/div><\/div>\n<\/div>\n\n\n\n<p>Tout \u00e7a, c\u2019est en fait une question d\u2019image : l\u2019Allemagne nazie s\u2019est construite sur un mythe, celui de <strong>la responsabilit\u00e9 de la R\u00e9publique de Weimar dans la crise travers\u00e9e par le pays<\/strong>.&nbsp;<\/p>\n\n\n<section class=\"you-know\">\n                <div class=\"you-know__title\"><p>\ud83d\udca1 La R\u00e9publique de Weimar<\/p>\n<\/div>\n                        <div class=\"you-know__text\">\n            <p>C\u2019est le nom donn\u00e9 \u00e0 la R\u00e9publique parlementaire proclam\u00e9e le 09 novembre 1918, deux jours seulement avant l\u2019armistice de la Grande Guerre. Elle suit la r\u00e9volution de novembre 1918, qui a fait abdiquer le Kaiser Guillaume II.<br \/>\nLa R\u00e9publique est confirm\u00e9e par le premier vote au suffrage universel de l\u2019Histoire de l\u2019Allemagne, en janvier 1919. Les femmes y ont vot\u00e9, 25 ans avant la France !<\/p>\n\n        <\/div>\n              <\/section>\n\n\n\n<p>En 1919, la d\u00e9mocratie triomphe en Allemagne. Que se passe-t-il en 10 ans pour qu\u2019elle soit autant fragilis\u00e9e ? \ud83e\udd14<\/p>\n\n\n\n<h3 class=\"wp-block-heading\" id=\"le-traumatisme-du-traite-de-versailles\">Le traumatisme du Trait\u00e9 de Versailles \ud83d\udcc3<\/h3>\n\n\n\n<figure class=\"wp-block-image size-large\"><img decoding=\"async\" src=\"https:\/\/sherpas.com\/blog\/content\/uploads\/2022\/07\/orpen-traite-versailles-signature-1024x626.jpg\" alt=\"\" class=\"wp-image-242884\" \/><figcaption class=\"wp-element-caption\"><em>Signature du trait\u00e9 de paix le 28 juin 1919 dans la galerie des Glaces <\/em>|&nbsp;William Orpen, 1919<\/figcaption><\/figure>\n\n\n\n<p>Si t\u2019as bien suivi, l\u2019armistice \u00e9tait en passe d\u2019\u00eatre sign\u00e9 par Guillaume II lorsque la r\u00e9publique de Weimar est n\u00e9e. Mais les socialistes triomphants sont accus\u00e9s d\u2019avoir n\u00e9goci\u00e9 la paix dans le dos de l\u2019arm\u00e9e !<\/p>\n\n\n<section class=\"you-know\">\n                <div class=\"you-know__title\"><p>\ud83d\udca1 Le savais-tu ?<\/p>\n<\/div>\n                        <div class=\"you-know__text\">\n            <p>Cette l\u00e9gende exploit\u00e9e par le parti nazi pour acc\u00e9der au pouvoir est appel\u00e9e la <strong>l\u00e9gende du coup de poignard dans le dos<\/strong>.<\/p>\n\n        <\/div>\n              <\/section>\n\n\n\n<p><strong>Le pr\u00e9sident du Conseil George Clemenceau organise la conf\u00e9rence de paix \u00e0 Paris en janvier 1919\u2026 sans inviter les Allemands.<\/strong>&nbsp;<\/p>\n\n\n\n<div class=\"wp-block-columns is-layout-flex wp-container-core-columns-is-layout-9d6595d7 wp-block-columns-is-layout-flex\">\n<div class=\"wp-block-column is-vertically-aligned-center is-layout-flow wp-block-column-is-layout-flow\"><div class=\"wp-block-image\">\n<figure class=\"aligncenter size-large is-resized\"><img decoding=\"async\" src=\"https:\/\/media.giphy.com\/media\/xT4uQvlimIaKezWhna\/giphy.gif\" alt=\"\" style=\"width:342px;height:187px\" width=\"342\" height=\"187\" \/><figcaption class=\"wp-element-caption\">(Visiblement si du coup\u2026 \ud83d\ude05)<\/figcaption><\/figure>\n<\/div><\/div>\n\n\n\n<div class=\"wp-block-column is-vertically-aligned-center is-layout-flow wp-block-column-is-layout-flow\">\n<ul class=\"wp-block-list\">\n<li>Les Alli\u00e9s insistent sur <strong>la responsabilit\u00e9 de l\u2019Allemagne<\/strong> dans la guerre.&nbsp;<\/li>\n\n\n\n<li>Elle doit <strong>dire au revoir \u00e0 13% de son territoire<\/strong> (dont l\u2019Alsace et la Lorraine qui reviennent \u00e0 la France)<\/li>\n\n\n\n<li>Elle doit payer des r\u00e9parations, qui deviennent de plus en plus en plus importantes : <strong>132 milliards de marks-or sont d\u00e9cid\u00e9s \u00e0 Londres en 1921.<\/strong><\/li>\n\n\n\n<li>Elle n\u2019a plus le droit d\u2019avoir d\u2019arm\u00e9e nationale.<\/li>\n<\/ul>\n<\/div>\n<\/div>\n\n\n\n<p><strong>Le gouvernement ne peut m\u00eame pas le contester puisqu\u2019il a seulement 7 jours pour le signer, le 28 juin 1919. <\/strong>Coups durs pour la soci\u00e9t\u00e9 allemande qui lui en veut \u00e0 mort de ne pas avoir \u00e9vit\u00e9 \u00e7a.<\/p>\n\n\n<section class=\"read-also\">\n    <p class=\"read-also__title\">\u00c0 lire aussi<\/p>\n            <div class=\"read-also__list\">\n            <p>\u2705 Tout savoir sur <a href=\"https:\/\/sherpas.com\/blog\/la-premiere-guerre-mondiale\/\" target=\"_blank\" rel=\"noopener\">la Premi\u00e8re Guerre Mondiale<\/a> et la responsabilit\u00e9 allemande<\/p>\n\n        <\/div>\n    <\/section>\n\n\n\n<h3 class=\"wp-block-heading\" id=\"la-peur-du-communisme\">La peur du communisme\u2026&nbsp;<\/h3>\n\n\n\n<p>\u2026 et, avec elle, la mont\u00e9e de l\u2019antis\u00e9mitisme.<\/p>\n\n\n\n<p>La r\u00e9volution communiste de 1917 en Russie, c\u2019est vraiment le cauchemar des Allemands. Beaucoup d\u2019anciens combattants de 14-18 sont d\u2019ailleurs envoy\u00e9s en Europe de l\u2019Est pour lutter contre l\u2019expansion du communisme en rejoignant <a href=\"https:\/\/fr.wikipedia.org\/wiki\/Arm%C3%A9es_blanches\" target=\"_blank\" rel=\"noreferrer noopener nofollow\">les arm\u00e9es blanches<\/a>. <strong>Ils en reviennent traumatis\u00e9s et avec une l\u00e9gende tenace : ce serait un complot juif qui aurait amen\u00e9 le communisme aux portes de leur pays !&nbsp;<\/strong><\/p>\n\n\n<section class=\"you-know\">\n                <div class=\"you-know__title\"><p>Origines du mythe du \u00ab\u00a0complot juif\u00a0\u00bb<\/p>\n<\/div>\n                        <div class=\"you-know__text\">\n            <p><strong data-rich-text-format-boundary=\"true\">\ud83d\udc49 Le mythe du complot juif date des origines du Christianisme : il \u00e9tait un moyen de l\u00e9gitimer cette nouvelle religion. <\/strong>Par la suite, il a souvent \u00e9t\u00e9 instrumentalis\u00e9 par les r\u00e9gimes politiques qui voulaient marginaliser ce peuple. <a href=\"https:\/\/sherpas.com\/blog\/affaire-dreyfus\/\" target=\"_blank\" rel=\"noreferrer noopener\">L\u2019Affaire Dreyfus<\/a> (1894-1906) en est un bon exemple.<\/p>\n<p>&nbsp;<\/p>\n<p>\ud83d\udc49 Les th\u00e9ories complotistes de droite insistent sur une pr\u00e9tendue nature r\u00e9volutionnaire du peuple juif : il se serait appuy\u00e9 sur les diff\u00e9rentes r\u00e9volutions au cours de l\u2019Histoire pour tenter de dominer le monde.<\/p>\n<p>&nbsp;<\/p>\n<p>\ud83d\udc49 <strong>Le fait que beaucoup de prol\u00e9taires de religion juive fassent partie des r\u00e9volutionnaires bolcheviques a ranim\u00e9 ces croyances.<\/strong> Les soldats allemands envoy\u00e9s en Europe de l\u2019Est menaient des exactions contre les civils soup\u00e7onn\u00e9s de communisme, et beaucoup se sont transform\u00e9es en v\u00e9ritables <strong>pogroms <\/strong>(attaques, pillages et meurtres contre la communaut\u00e9 juive). Dans une escalade de violence, des juifs voulant soutenir leur communaut\u00e9 se sont engag\u00e9s dans l\u2019arm\u00e9e rouge pour faire face \u00e0 l\u2019arm\u00e9e blanche.<\/p>\n<p>&nbsp;<\/p>\n<p><span style=\"font-weight: 400\">\u25b6\ufe0f Pour en savoir plus, regarde cette vid\u00e9o qui t\u2019explique <\/span><a href=\"https:\/\/www.radiofrance.fr\/franceculture\/d-ou-vient-le-mythe-du-complot-juif-3881188\" target=\"_blank\" rel=\"nofollow noopener\"><span style=\"font-weight: 400\">d\u2019o\u00f9 vient le mythe du complot juif<\/span><\/a><span style=\"font-weight: 400\">.<\/span><\/p>\n\n        <\/div>\n              <\/section>\n\n\n\n<p>Cette peur s&rsquo;accro\u00eet avec les tentatives de r\u00e9volutions communistes en Allemagne. <strong>En avril 1919 une \u201cr\u00e9publique des soviets\u201d est fond\u00e9e \u00e0 Munich en opposition \u00e0 la R\u00e9publique de Weimar, et des milices d\u2019extr\u00eame-droite soutiennent le gouvernement pour les r\u00e9primer<\/strong>.&nbsp;<\/p>\n\n\n<section class=\"you-know\">\n                <div class=\"you-know__title\"><p>\ud83d\udca1 Hitler et la naissance du NSDAP<\/p>\n<\/div>\n                        <div class=\"you-know__text\">\n            <p>\u00c0 la suite de cet \u00e9v\u00e9nement, la Bavi\u00e8re devient le bastion du parti nazi.<\/p>\n<p>Le NSDAP (parti national-socialiste des travailleurs allemands) est fond\u00e9 en 1920 \u00e0 Munich.\u00a0 Adolf Hitler y entre comme orateur et chef de la propagande.<\/p>\n<p><b>C\u2019est \u00e0 Munich qu\u2019il tente un coup d\u2019\u00c9tat en Bavi\u00e8re les 8 et 9 novembre 1923 : le putsch de la brasserie. Il \u00e9choue, va en prison et r\u00e9dige <i>Mein Kampf<\/i> (Mon Combat)<\/b> pour d\u00e9tailler son programme politique, imp\u00e9rialiste et antis\u00e9mite.<\/p>\n\n        <\/div>\n              <\/section>\n\n\n\n<p>Avant cet \u00e9v\u00e9nement, le NSDAP est \u00e0 l\u2019origine de plusieurs actes antis\u00e9mites, comme <strong>l\u2019assassinat le 24 juin 1922 de Walter Rathenau, ministre allemand (et juif) des Affaires \u00c9trang\u00e8res<\/strong>.<\/p>\n\n\n\n<figure class=\"wp-block-image size-large\"><img decoding=\"async\" src=\"https:\/\/sherpas.com\/blog\/content\/uploads\/2022\/07\/Hitler-1-1024x768.png\" alt=\"\" class=\"wp-image-242901\" \/><figcaption class=\"wp-element-caption\">En 1926, son charisme est d\u00e9j\u00e0 tr\u00e8s remarqu\u00e9 et repr\u00e9sent\u00e9 sur cette photo analys\u00e9e par l\u2019<a href=\"https:\/\/histoire-image.org\/etudes\/charisme-hitler\" target=\"_blank\" rel=\"noreferrer noopener nofollow\">Histoire par l\u2019image.<\/a><\/figcaption><\/figure>\n\n\n<section class=\"you-know\">\n                <div class=\"you-know__title\"><\/div>\n                        <div class=\"you-know__text\">\n            <p>\ud83c\udfa7 Tu veux comprendre la place de <a href=\"https:\/\/www.radiofrance.fr\/franceculture\/podcasts\/les-oeuvres-qui-ont-change-le-monde\/episode-7-1926-hitler-mein-kampf-2524980\" target=\"_blank\" rel=\"nofollow noopener\">Mein Kampf d\u2019Hitler<\/a> dans l\u2019antis\u00e9mitisme allemand ?<\/p>\n\n        <\/div>\n              <\/section>\n\n\n\n<h3 class=\"wp-block-heading\" id=\"la-crise-de-1929\">La crise de 1929<\/h3>\n\n\n\n<p>C\u2019est le coup de gr\u00e2ce port\u00e9 \u00e0 la R\u00e9publique de Weimar. Jusque-l\u00e0, les gouvernements qui se sont succ\u00e9d\u00e9s \u00e9taient parvenus&nbsp; \u00e0 maintenir la t\u00eate du pays hors de l\u2019eau. L\u2019Allemagne \u00e9tait m\u00eame rentr\u00e9e \u00e0 la Soci\u00e9t\u00e9 des Nations !&nbsp;<\/p>\n\n\n\n<p>\ud83d\udc49 Mais avec cette int\u00e9gration au nouvel ordre mondial, elle devient d\u00e9pendante des capitaux fournis par les \u00c9tats-Unis pour le paiement des r\u00e9parations de la Grande Guerre. <strong>Lorsque l\u2019\u00e9conomie am\u00e9ricaine s\u2019\u00e9croule avec le krach boursier de 1929, c\u2019est la noyade\u202f! L\u2019Allemagne compte 6 millions de ch\u00f4meurs en 1932.<\/strong><\/p>\n\n\n<section class=\"read-also\">\n    <p class=\"read-also__title\">\u00c0 lire aussi<\/p>\n            <div class=\"read-also__list\">\n            <p>Notre article sur <a href=\"https:\/\/sherpas.com\/blog\/crise-de-1929\/\" target=\"_blank\" rel=\"noopener\">la crise de 1929 et les d\u00e9s\u00e9quilibres \u00e9conomiques et sociaux<\/a> engendr\u00e9s \ud83d\udc48<\/p>\n\n        <\/div>\n    <\/section>\n\n\n\n<div class=\"wp-block-columns is-layout-flex wp-container-core-columns-is-layout-9d6595d7 wp-block-columns-is-layout-flex\">\n<div class=\"wp-block-column is-layout-flow wp-block-column-is-layout-flow\" style=\"flex-basis:100%\">\n<div class=\"wp-block-columns is-layout-flex wp-container-core-columns-is-layout-9d6595d7 wp-block-columns-is-layout-flex\">\n<div class=\"wp-block-column is-vertically-aligned-center is-layout-flow wp-block-column-is-layout-flow\" style=\"flex-basis:33.33%\">\n<p>Et que fait le gouvernement pour \u00e9viter \u00e7a ? Pas grand chose\u2026&nbsp;<\/p>\n<\/div>\n\n\n\n<div class=\"wp-block-column is-layout-flow wp-block-column-is-layout-flow\" style=\"flex-basis:66.66%\"><div class=\"wp-block-image\">\n<figure class=\"aligncenter size-full is-resized\"><img decoding=\"async\" src=\"https:\/\/sherpas.com\/blog\/content\/uploads\/2022\/07\/Paul_v._Hindenburg.jpg\" alt=\"\" class=\"wp-image-242902\" style=\"width:263px;height:350px\" width=\"263\" height=\"350\" srcset=\"https:\/\/xapbm7c37i.cloudimg.io\/https:\/\/sherpas.com\/blog\/content\/uploads\/2022\/07\/Paul_v._Hindenburg.jpg?q=85&amp;force_format=webp&amp;org_if_sml=1&amp;w=593 593w, https:\/\/xapbm7c37i.cloudimg.io\/https:\/\/sherpas.com\/blog\/content\/uploads\/2022\/07\/Paul_v._Hindenburg.jpg?q=85&amp;force_format=webp&amp;org_if_sml=1&amp;w=204 204w\" sizes=\"(max-width: 263px) 100vw, 263px\" \/><figcaption class=\"wp-element-caption\"><a href=\"https:\/\/fr.wikipedia.org\/wiki\/Paul_von_Hindenburg#Le_retour_du_%C2%AB_vainqueur_de_Tannenberg_%C2%BB\" target=\"_blank\" rel=\"noreferrer noopener nofollow\">Paul Von Hindenburg <\/a><\/figcaption><\/figure>\n<\/div><\/div>\n<\/div>\n<\/div>\n<\/div>\n\n\n<section class=\"you-know\">\n                <div class=\"you-know__title\"><p><strong>\ud83d\udca1 <\/strong>Paul Von Hindenburg<\/p>\n<\/div>\n                        <div class=\"you-know__text\">\n            <p>Chef du Grand Etat-Major de l\u2019arm\u00e9e allemande \u00e0 partir de 1916, il est \u00e9lu pr\u00e9sident du Reich une premi\u00e8re fois entre 1925 et 1932. On le dit responsable de la mont\u00e9e du nazisme.<\/p>\n<p>Au parlement allemand, <strong>le Reichstag<\/strong>, les socio-d\u00e9mocrates (SPD) et la droite allemande ne sont pas d\u2019accord sur la mani\u00e8re de r\u00e9soudre la crise de 1929, cr\u00e9ant un \u00e9norme blocage d\u00e9mocratique.<\/p>\n<p><strong>Hindenburg nomme Heinrich Br\u00fcning chancelier en 1930. Il gouverne par d\u00e9crets sans l\u2019accord du parlement<\/strong>, ce qui accro\u00eet\u00a0 la col\u00e8re de la population et encourage la mont\u00e9e des extr\u00eames.<\/p>\n\n        <\/div>\n              <\/section>\n\n\n\n<p><strong>L\u00e0-dessus, le NSDAP se fait passer pour la seule alternative face \u00e0 ces nuls de R\u00e9publicains et au parti communiste (KPD) de plus en plus populaire. Et c\u2019est comme \u00e7a qu\u2019on \u00e9crit une tr\u00e8s mauvaise histoire\u2026&nbsp;<\/strong><\/p>\n\n\n<section class=\"push \">\n        <div >\n            \n                                                <div class=\"push__container  qcd\" data-target=\"_self\" data-qcd=\"aHR0cHM6Ly9zaGVycGFzLmNvbS9mdW5uZWwtc3R1ZGVudC1xdWFsaWZpY2F0aW9u\" data-banner=\"2\" data-name=\"CPN1 Lyc\u00e9e\" style=\"background-color: #F3FBF7\" >\n                                                                        <div class=\"push__teachers\">\n    <div class=\"d-flex justify-content-center d-md-none\">\n        <img decoding=\"async\" class=\"push__logo\" src=\"\/content\/themes\/sherpas-theme\/dist\/images\/logo.svg\" alt=\"Logo Sherpas\">\n    <\/div>\n    <div class=\"swiper\">\n        <div class=\"swiper-wrapper\">\n                                            <div class=\"swiper-slide\">\n                    <div class=\"push__teachers-card\">\n                        <div\n                            class=\"push__teachers-profil\"\n                            \n                            style=\"background-image: url(https:\/\/sherpas.com\/content\/uploads\/2022\/01\/Louise2x.png);\"\n                        >\n                    <\/div>\n                         <p class=\"push__teachers-name\">Louise<\/p>                          <p class=\"push__teachers-school\">Mines ParisTech<\/p>                                                     <div class=\"push__teachers-note\">\n                                                                    <svg  class=\"active\" >\n                                        <use\n                                            xlink:href=\"\/content\/themes\/sherpas-theme\/dist\/images\/sprite.svg#star\"\/>\n                                    <\/svg>\n                                                                    <svg  class=\"active\" >\n                                        <use\n                                            xlink:href=\"\/content\/themes\/sherpas-theme\/dist\/images\/sprite.svg#star\"\/>\n                                    <\/svg>\n                                                                    <svg  class=\"active\" >\n                                        <use\n                                            xlink:href=\"\/content\/themes\/sherpas-theme\/dist\/images\/sprite.svg#star\"\/>\n                                    <\/svg>\n                                                                    <svg  class=\"active\" >\n                                        <use\n                                            xlink:href=\"\/content\/themes\/sherpas-theme\/dist\/images\/sprite.svg#star\"\/>\n                                    <\/svg>\n                                                                    <svg  class=\"active\" >\n                                        <use\n                                            xlink:href=\"\/content\/themes\/sherpas-theme\/dist\/images\/sprite.svg#star\"\/>\n                                    <\/svg>\n                                                            <\/div>\n                                                 <p class=\"push__teachers-price\">24\u20ac\/h<\/p>                     <\/div>\n                <\/div>\n                                            <div class=\"swiper-slide\">\n                    <div class=\"push__teachers-card\">\n                        <div\n                            class=\"push__teachers-profil\"\n                            \n                            style=\"background-image: url(https:\/\/sherpas.com\/content\/uploads\/2022\/01\/Hugo2x.jpg);\"\n                        >\n                    <\/div>\n                         <p class=\"push__teachers-name\">Hugo<\/p>                          <p class=\"push__teachers-school\">Insa Lyon<\/p>                                                     <div class=\"push__teachers-note\">\n                                                                    <svg  class=\"active\" >\n                                        <use\n                                            xlink:href=\"\/content\/themes\/sherpas-theme\/dist\/images\/sprite.svg#star\"\/>\n                                    <\/svg>\n                                                                    <svg  class=\"active\" >\n                                        <use\n                                            xlink:href=\"\/content\/themes\/sherpas-theme\/dist\/images\/sprite.svg#star\"\/>\n                                    <\/svg>\n                                                                    <svg  class=\"active\" >\n                                        <use\n                                            xlink:href=\"\/content\/themes\/sherpas-theme\/dist\/images\/sprite.svg#star\"\/>\n                                    <\/svg>\n                                                                    <svg  class=\"active\" >\n                                        <use\n                                            xlink:href=\"\/content\/themes\/sherpas-theme\/dist\/images\/sprite.svg#star\"\/>\n                                    <\/svg>\n                                                                    <svg >\n                                        <use\n                                            xlink:href=\"\/content\/themes\/sherpas-theme\/dist\/images\/sprite.svg#star\"\/>\n                                    <\/svg>\n                                                            <\/div>\n                                                 <p class=\"push__teachers-price\">16\u20ac\/h<\/p>                     <\/div>\n                <\/div>\n                                            <div class=\"swiper-slide\">\n                    <div class=\"push__teachers-card\">\n                        <div\n                            class=\"push__teachers-profil\"\n                            \n                            style=\"background-image: url(https:\/\/sherpas.com\/content\/uploads\/2022\/01\/Pierre2x.png);\"\n                        >\n                    <\/div>\n                         <p class=\"push__teachers-name\">Pierre<\/p>                          <p class=\"push__teachers-school\">ESSEC<\/p>                                                     <div class=\"push__teachers-note\">\n                                                                    <svg  class=\"active\" >\n                                        <use\n                                            xlink:href=\"\/content\/themes\/sherpas-theme\/dist\/images\/sprite.svg#star\"\/>\n                                    <\/svg>\n                                                                    <svg  class=\"active\" >\n                                        <use\n                                            xlink:href=\"\/content\/themes\/sherpas-theme\/dist\/images\/sprite.svg#star\"\/>\n                                    <\/svg>\n                                                                    <svg  class=\"active\" >\n                                        <use\n                                            xlink:href=\"\/content\/themes\/sherpas-theme\/dist\/images\/sprite.svg#star\"\/>\n                                    <\/svg>\n                                                                    <svg  class=\"active\" >\n                                        <use\n                                            xlink:href=\"\/content\/themes\/sherpas-theme\/dist\/images\/sprite.svg#star\"\/>\n                                    <\/svg>\n                                                                    <svg  class=\"active\" >\n                                        <use\n                                            xlink:href=\"\/content\/themes\/sherpas-theme\/dist\/images\/sprite.svg#star\"\/>\n                                    <\/svg>\n                                                            <\/div>\n                                                 <p class=\"push__teachers-price\">16\u20ac\/h<\/p>                     <\/div>\n                <\/div>\n                                            <div class=\"swiper-slide\">\n                    <div class=\"push__teachers-card\">\n                        <div\n                            class=\"push__teachers-profil\"\n                            \n                            style=\"background-image: url(https:\/\/sherpas.com\/content\/uploads\/2022\/01\/Fanny2x.jpg);\"\n                        >\n                    <\/div>\n                         <p class=\"push__teachers-name\">Fanny<\/p>                          <p class=\"push__teachers-school\">Ponts ParisTech<\/p>                                                     <div class=\"push__teachers-note\">\n                                                                    <svg  class=\"active\" >\n                                        <use\n                                            xlink:href=\"\/content\/themes\/sherpas-theme\/dist\/images\/sprite.svg#star\"\/>\n                                    <\/svg>\n                                                                    <svg  class=\"active\" >\n                                        <use\n                                            xlink:href=\"\/content\/themes\/sherpas-theme\/dist\/images\/sprite.svg#star\"\/>\n                                    <\/svg>\n                                                                    <svg  class=\"active\" >\n                                        <use\n                                            xlink:href=\"\/content\/themes\/sherpas-theme\/dist\/images\/sprite.svg#star\"\/>\n                                    <\/svg>\n                                                                    <svg  class=\"active\" >\n                                        <use\n                                            xlink:href=\"\/content\/themes\/sherpas-theme\/dist\/images\/sprite.svg#star\"\/>\n                                    <\/svg>\n                                                                    <svg  class=\"active\" >\n                                        <use\n                                            xlink:href=\"\/content\/themes\/sherpas-theme\/dist\/images\/sprite.svg#star\"\/>\n                                    <\/svg>\n                                                            <\/div>\n                                                 <p class=\"push__teachers-price\">19\u20ac\/h<\/p>                     <\/div>\n                <\/div>\n                                            <div class=\"swiper-slide\">\n                    <div class=\"push__teachers-card\">\n                        <div\n                            class=\"push__teachers-profil\"\n                            \n                            style=\"background-image: url(https:\/\/sherpas.com\/content\/uploads\/2022\/01\/Antoine2x.png);\"\n                        >\n                    <\/div>\n                         <p class=\"push__teachers-name\">Antoine<\/p>                          <p class=\"push__teachers-school\">Sciences Po Paris<\/p>                                                     <div class=\"push__teachers-note\">\n                                                                    <svg  class=\"active\" >\n                                        <use\n                                            xlink:href=\"\/content\/themes\/sherpas-theme\/dist\/images\/sprite.svg#star\"\/>\n                                    <\/svg>\n                                                                    <svg  class=\"active\" >\n                                        <use\n                                            xlink:href=\"\/content\/themes\/sherpas-theme\/dist\/images\/sprite.svg#star\"\/>\n                                    <\/svg>\n                                                                    <svg  class=\"active\" >\n                                        <use\n                                            xlink:href=\"\/content\/themes\/sherpas-theme\/dist\/images\/sprite.svg#star\"\/>\n                                    <\/svg>\n                                                                    <svg  class=\"active\" >\n                                        <use\n                                            xlink:href=\"\/content\/themes\/sherpas-theme\/dist\/images\/sprite.svg#star\"\/>\n                                    <\/svg>\n                                                                    <svg  class=\"active\" >\n                                        <use\n                                            xlink:href=\"\/content\/themes\/sherpas-theme\/dist\/images\/sprite.svg#star\"\/>\n                                    <\/svg>\n                                                            <\/div>\n                                                 <p class=\"push__teachers-price\">18\u20ac\/h\/h<\/p>                     <\/div>\n                <\/div>\n                                            <div class=\"swiper-slide\">\n                    <div class=\"push__teachers-card\">\n                        <div\n                            class=\"push__teachers-profil\"\n                            \n                            style=\"background-image: url(https:\/\/sherpas.com\/content\/uploads\/2022\/01\/Martin2x.jpg);\"\n                        >\n                    <\/div>\n                         <p class=\"push__teachers-name\">Martin<\/p>                          <p class=\"push__teachers-school\">HEC Paris<\/p>                                                     <div class=\"push__teachers-note\">\n                                                                    <svg  class=\"active\" >\n                                        <use\n                                            xlink:href=\"\/content\/themes\/sherpas-theme\/dist\/images\/sprite.svg#star\"\/>\n                                    <\/svg>\n                                                                    <svg  class=\"active\" >\n                                        <use\n                                            xlink:href=\"\/content\/themes\/sherpas-theme\/dist\/images\/sprite.svg#star\"\/>\n                                    <\/svg>\n                                                                    <svg  class=\"active\" >\n                                        <use\n                                            xlink:href=\"\/content\/themes\/sherpas-theme\/dist\/images\/sprite.svg#star\"\/>\n                                    <\/svg>\n                                                                    <svg  class=\"active\" >\n                                        <use\n                                            xlink:href=\"\/content\/themes\/sherpas-theme\/dist\/images\/sprite.svg#star\"\/>\n                                    <\/svg>\n                                                                    <svg  class=\"active\" >\n                                        <use\n                                            xlink:href=\"\/content\/themes\/sherpas-theme\/dist\/images\/sprite.svg#star\"\/>\n                                    <\/svg>\n                                                            <\/div>\n                                                 <p class=\"push__teachers-price\">23\u20ac\/h<\/p>                     <\/div>\n                <\/div>\n                                            <div class=\"swiper-slide\">\n                    <div class=\"push__teachers-card\">\n                        <div\n                            class=\"push__teachers-profil\"\n                            \n                            style=\"background-image: url(https:\/\/sherpas.com\/content\/uploads\/2022\/01\/Sophie2x.png);\"\n                        >\n                    <\/div>\n                         <p class=\"push__teachers-name\">Sophie<\/p>                          <p class=\"push__teachers-school\">Sciences Po Bordeaux<\/p>                                                     <div class=\"push__teachers-note\">\n                                                                    <svg  class=\"active\" >\n                                        <use\n                                            xlink:href=\"\/content\/themes\/sherpas-theme\/dist\/images\/sprite.svg#star\"\/>\n                                    <\/svg>\n                                                                    <svg  class=\"active\" >\n                                        <use\n                                            xlink:href=\"\/content\/themes\/sherpas-theme\/dist\/images\/sprite.svg#star\"\/>\n                                    <\/svg>\n                                                                    <svg  class=\"active\" >\n                                        <use\n                                            xlink:href=\"\/content\/themes\/sherpas-theme\/dist\/images\/sprite.svg#star\"\/>\n                                    <\/svg>\n                                                                    <svg  class=\"active\" >\n                                        <use\n                                            xlink:href=\"\/content\/themes\/sherpas-theme\/dist\/images\/sprite.svg#star\"\/>\n                                    <\/svg>\n                                                                    <svg >\n                                        <use\n                                            xlink:href=\"\/content\/themes\/sherpas-theme\/dist\/images\/sprite.svg#star\"\/>\n                                    <\/svg>\n                                                            <\/div>\n                                                 <p class=\"push__teachers-price\">12\u20ac\/h<\/p>                     <\/div>\n                <\/div>\n                                            <div class=\"swiper-slide\">\n                    <div class=\"push__teachers-card\">\n                        <div\n                            class=\"push__teachers-profil\"\n                            \n                            style=\"background-image: url(https:\/\/sherpas.com\/content\/uploads\/2022\/01\/Alma2x.jpg);\"\n                        >\n                    <\/div>\n                         <p class=\"push__teachers-name\">Alma<\/p>                          <p class=\"push__teachers-school\">ENS Paris-Saclay<\/p>                                                     <div class=\"push__teachers-note\">\n                                                                    <svg  class=\"active\" >\n                                        <use\n                                            xlink:href=\"\/content\/themes\/sherpas-theme\/dist\/images\/sprite.svg#star\"\/>\n                                    <\/svg>\n                                                                    <svg  class=\"active\" >\n                                        <use\n                                            xlink:href=\"\/content\/themes\/sherpas-theme\/dist\/images\/sprite.svg#star\"\/>\n                                    <\/svg>\n                                                                    <svg  class=\"active\" >\n                                        <use\n                                            xlink:href=\"\/content\/themes\/sherpas-theme\/dist\/images\/sprite.svg#star\"\/>\n                                    <\/svg>\n                                                                    <svg  class=\"active\" >\n                                        <use\n                                            xlink:href=\"\/content\/themes\/sherpas-theme\/dist\/images\/sprite.svg#star\"\/>\n                                    <\/svg>\n                                                                    <svg  class=\"active\" >\n                                        <use\n                                            xlink:href=\"\/content\/themes\/sherpas-theme\/dist\/images\/sprite.svg#star\"\/>\n                                    <\/svg>\n                                                            <\/div>\n                                                 <p class=\"push__teachers-price\">24\u20ac\/h<\/p>                     <\/div>\n                <\/div>\n                    <\/div>\n    <\/div>\n<\/div>\n                                                    <div class=\"push__content\">\n                                                            <div  class=\"d-none d-md-block\" >\n                                    <img decoding=\"async\" class=\"push__logo\" src=\"\/content\/themes\/sherpas-theme\/dist\/images\/logo.svg\"\n                                        alt=\"Logo Sherpas\">\n                                <\/div>\n                                                                                        <div class=\"push__title\"><p>Lyc\u00e9en en gal\u00e8re ? Ton premier cours est offert ! <span role=\"img\" aria-label=\"\ud83c\udf81\">\ud83c\udf81<\/span><\/p>\n<\/div>\n                                                                                        <div class=\"push__text\"><p>Nos profs sont l\u00e0 pour t\u2019aider \u00e0 progresser !<\/p>\n<\/div>\n                                                        <div class=\"push__promo-button   \">\n                                                                                                    <div\n                                        class=\"btn btn-primary\"\n                                        style=\"color: ; border-color: ; background-color: \"\n\n                                    >\n                                        J&rsquo;EN PROFITE MAINTENANT !\n                                    <\/div>\n                                                            <\/div>\n                                                    <\/div>\n                                    <\/div>\n                                    <\/div>\n    <\/section>\n\n\n\n<h2 class=\"wp-block-heading\" id=\"lallemagne-nazie-resume-chronologique\">L\u2019Allemagne nazie r\u00e9sum\u00e9 chronologique \ud83d\udcdd<\/h2>\n\n\n\n<h3 class=\"wp-block-heading\" id=\"1932-1933-la-montee-du-nsdap-et-laccession-de-hitler-au-pouvoir\">1932-1933 : La mont\u00e9e du NSDAP et l\u2019accession de Hitler au pouvoir<\/h3>\n\n\n\n<p><strong>Mars-Avril 1932<\/strong> : la r\u00e9\u00e9lection de Paul Von Hindenburg comme Pr\u00e9sident est mise en danger par la candidature d\u2019Adolf Hitler, qui obtient 17 millions de voix.<\/p>\n\n\n\n<p><strong>Juin 1932 <\/strong>: <strong>Franz Von Papen<\/strong> succ\u00e8de \u00e0 Br\u00fcning comme chancelier et se rapproche du parti nazi. Il autorise \u00e0 nouveau les groupes paramilitaires d\u2019extr\u00eame-droite, SA et SS\u2026 et la terreur qui va avec !<\/p>\n\n\n<section class=\"you-know\">\n                <div class=\"you-know__title\"><p><strong data-rich-text-format-boundary=\"true\">\ud83d\udca1\u00a0 <\/strong>SA et SS : quelle diff\u00e9rence ?<\/p>\n<\/div>\n                        <div class=\"you-know__text\">\n            <ul>\n<li><strong data-rich-text-format-boundary=\"true\">SA <\/strong>: <em>Sturmabteilung<\/em> ( \u201csection d\u2019assaut\u201d) : ce sont les forces de l\u2019ordre rattach\u00e9es au parti nazi d\u00e8s 1921, charg\u00e9es d\u2019\u00e9liminer les opposants. Elles perdent leur pouvoir apr\u00e8s 1933 \u00e0 cause de nombreux d\u00e9saccords internes.<\/li>\n<li><strong>SS <\/strong>: <em>Schutzstaffel <\/em>(escadron\u00a0 de protection) : protection rapproch\u00e9e d\u2019Hitler \u00e0 partir de 1925, ils deviennent la principale force de r\u00e9pression apr\u00e8s 1933. <strong>Dirig\u00e9s par Heinrich Himmler, ils passent de 15 000 membres en 1929 \u00e0 42 000 en 1933.\u00a0<\/strong><\/li>\n<\/ul>\n\n        <\/div>\n              <\/section>\n\n\n\n<p><strong>Novembre 1932 <\/strong>: Le NSDAP obtient 33,1% de voix aux \u00e9lections l\u00e9gislatives et devient le parti majoritaire au Reichstag. Mais Hindenburg refuse de nommer Hitler chancelier.&nbsp;<\/p>\n\n\n\n<p><strong>Janvier 1933 :<\/strong> Von Papen, qui n\u2019est plus chancelier, rencontre Hitler chez le banquier Kurt Von Schr\u00f6der pour cr\u00e9er le IIIe Reich, un gouvernement o\u00f9 il serait lui-m\u00eame vice-chancelier. <strong>Hindenburg accepte le 30 janvier 1933 et Hitler acc\u00e8de \u00e0 la chancellerie.<\/strong><\/p>\n\n\n\n<div class=\"wp-block-columns is-layout-flex wp-container-core-columns-is-layout-9d6595d7 wp-block-columns-is-layout-flex\">\n<div class=\"wp-block-column is-layout-flow wp-block-column-is-layout-flow\" style=\"flex-basis:33.33%\">\n<figure class=\"wp-block-image size-large\"><img decoding=\"async\" src=\"https:\/\/media.giphy.com\/media\/ZXAb88Dj7HqATWWS2S\/giphy.gif\" alt=\"\" \/><\/figure>\n<\/div>\n\n\n\n<div class=\"wp-block-column is-vertically-aligned-center is-layout-flow wp-block-column-is-layout-flow\" style=\"flex-basis:66.66%\">\n<p><strong>\ud83d\udc49 C\u2019est parti pour 6 mois o\u00f9 le nouveau chef du gouvernement supprime progressivement tous les fondements de la R\u00e9publique !&nbsp;<\/strong><\/p>\n<\/div>\n<\/div>\n\n\n\n<h3 class=\"wp-block-heading\" id=\"1933-1935-le-iiie-reich-etat-centralise-et-ideologie-totalitaire\">1933-1935 : Le IIIe Reich, \u00c9tat centralis\u00e9 et id\u00e9ologie totalitaire<\/h3>\n\n\n\n<p>En l\u2019espace de deux ans seulement, tous les \u00e9l\u00e9ments du r\u00e9gime totalitaire sont pos\u00e9s ! Le slogan traduit par \u201c<em>un peuple, un empire, un chef<\/em>\u201d, r\u00e9sume bien la situation : Pourquoi s\u2019encombrer avec des opposants politiques et un Parlement quand on peut gouverner seul ?&nbsp;<\/p>\n\n\n\n<h4 class=\"wp-block-heading\" id=\"ein-volk-ein-reich-ein-furher-un-pouvoir-centralise\">\u2b50 <em>Ein volk, ein Reich, ein F\u00fcrher<\/em> : un pouvoir centralis\u00e9<\/h4>\n\n\n\n<p><strong>27-28 f\u00e9vrier 1933 <\/strong>: un incendie criminel au Reichstag est mis sur le dos des communistes. C\u2019est le pr\u00e9texte pour supprimer le parti.&nbsp;<\/p>\n\n\n\n<p>Et \u00e7a ne s\u2019arr\u00eate pas l\u00e0 ! <strong>Une ordonnance sign\u00e9e par Hindenburg autorise la cr\u00e9ation en mars du camp de concentration de Dachau. <\/strong>Il devient le mod\u00e8le des camps o\u00f9 les opposants politiques sont envoy\u00e9s sans passer devant la justice.<\/p>\n\n\n\n<p><strong>23 mars 1933<\/strong> : Au Reichstag, les partis centriste, conservateur et nazi s\u2019allient pour voter la loi d\u2019habilitation. Elle donne les pleins pouvoirs au chancelier pour 4 ans. Plus besoin de passer par le Parlement, toutes les d\u00e9cisions sont prises \u00e0 la chancellerie du Reich !<\/p>\n\n\n<section class=\"you-know\">\n                <div class=\"you-know__title\"><p>\ud83d\udca1 Le savais-tu ?<\/p>\n<\/div>\n                        <div class=\"you-know__text\">\n            <p>On dit qu\u2019Hitler avait beaucoup de difficult\u00e9s \u00e0 se concentrer, si bien qu\u2019il n\u2019aurait produit aucun d\u00e9cret de lui-m\u00eame. Tous \u00e9taient \u00e9crits par les t\u00eates pensantes du IIIe Reich\u2026 qui recevaient bien souvent des ordres contradictoires !<\/p>\n\n        <\/div>\n              <\/section>\n\n\n\n<p>Retiens bien les 3 suivants \ud83e\uddd0<\/p>\n\n\n\n<div class=\"wp-block-columns is-layout-flex wp-container-core-columns-is-layout-9d6595d7 wp-block-columns-is-layout-flex\">\n<div class=\"wp-block-column is-layout-flow wp-block-column-is-layout-flow\"><div class=\"wp-block-image\">\n<figure class=\"aligncenter size-full is-resized\"><img decoding=\"async\" src=\"https:\/\/sherpas.com\/blog\/content\/uploads\/2022\/07\/Joseph_Goebbels_spricht.jpg\" alt=\"\" class=\"wp-image-242904\" style=\"width:209px;height:298px\" width=\"209\" height=\"298\" srcset=\"https:\/\/xapbm7c37i.cloudimg.io\/https:\/\/sherpas.com\/blog\/content\/uploads\/2022\/07\/Joseph_Goebbels_spricht.jpg?q=85&amp;force_format=webp&amp;org_if_sml=1&amp;w=560 560w, https:\/\/xapbm7c37i.cloudimg.io\/https:\/\/sherpas.com\/blog\/content\/uploads\/2022\/07\/Joseph_Goebbels_spricht.jpg?q=85&amp;force_format=webp&amp;org_if_sml=1&amp;w=191 191w\" sizes=\"(max-width: 209px) 100vw, 209px\" \/><\/figure>\n<\/div><\/div>\n\n\n\n<div class=\"wp-block-column is-vertically-aligned-center is-layout-flow wp-block-column-is-layout-flow\">\n<p class=\"has-text-align-center\"><strong>Joseph Goebbels <\/strong><\/p>\n\n\n\n<p>Le ministre de l\u2019Illustration et de la propagande<\/p>\n<\/div>\n<\/div>\n\n\n\n<div class=\"wp-block-columns is-layout-flex wp-container-core-columns-is-layout-9d6595d7 wp-block-columns-is-layout-flex\">\n<div class=\"wp-block-column is-layout-flow wp-block-column-is-layout-flow\"><div class=\"wp-block-image\">\n<figure class=\"aligncenter size-full is-resized\"><img decoding=\"async\" src=\"https:\/\/sherpas.com\/blog\/content\/uploads\/2022\/07\/Heinrich_Himmler.jpg\" alt=\"\" class=\"wp-image-242905\" style=\"width:201px;height:294px\" width=\"201\" height=\"294\" srcset=\"https:\/\/xapbm7c37i.cloudimg.io\/https:\/\/sherpas.com\/blog\/content\/uploads\/2022\/07\/Heinrich_Himmler.jpg?q=85&amp;force_format=webp&amp;org_if_sml=1&amp;w=544 544w, https:\/\/xapbm7c37i.cloudimg.io\/https:\/\/sherpas.com\/blog\/content\/uploads\/2022\/07\/Heinrich_Himmler.jpg?q=85&amp;force_format=webp&amp;org_if_sml=1&amp;w=186 186w\" sizes=\"(max-width: 201px) 100vw, 201px\" \/><\/figure>\n<\/div><\/div>\n\n\n\n<div class=\"wp-block-column is-vertically-aligned-center is-layout-flow wp-block-column-is-layout-flow\">\n<p class=\"has-text-align-center\"><strong>Heinrich Himmler <\/strong><\/p>\n\n\n\n<p>Il dirige les SS, qui comprennent les renseignements, la Gestapo (police secr\u00e8te d\u2019Etat), mais aussi la recherche scientifique et \u00e9conomique charg\u00e9e de renforcer les th\u00e9ories nazies.<\/p>\n<\/div>\n<\/div>\n\n\n\n<div class=\"wp-block-columns is-layout-flex wp-container-core-columns-is-layout-9d6595d7 wp-block-columns-is-layout-flex\">\n<div class=\"wp-block-column is-layout-flow wp-block-column-is-layout-flow\"><div class=\"wp-block-image\">\n<figure class=\"aligncenter size-full is-resized\"><img decoding=\"async\" src=\"https:\/\/sherpas.com\/blog\/content\/uploads\/2022\/07\/Hermann_Goering.jpg\" alt=\"\" class=\"wp-image-242907\" style=\"width:197px;height:244px\" width=\"197\" height=\"244\" srcset=\"https:\/\/xapbm7c37i.cloudimg.io\/https:\/\/sherpas.com\/blog\/content\/uploads\/2022\/07\/Hermann_Goering.jpg?q=85&amp;force_format=webp&amp;org_if_sml=1&amp;w=647 647w, https:\/\/xapbm7c37i.cloudimg.io\/https:\/\/sherpas.com\/blog\/content\/uploads\/2022\/07\/Hermann_Goering.jpg?q=85&amp;force_format=webp&amp;org_if_sml=1&amp;w=220 220w\" sizes=\"(max-width: 197px) 100vw, 197px\" \/><\/figure>\n<\/div><\/div>\n\n\n\n<div class=\"wp-block-column is-vertically-aligned-center is-layout-flow wp-block-column-is-layout-flow\">\n<p class=\"has-text-align-center\"><strong>Hermann G\u00f6ring<\/strong><\/p>\n\n\n\n<p>Ministre sans portefeuille, il est ultra jaloux d\u2019Himmler.<\/p>\n<\/div>\n<\/div>\n\n\n\n<p><strong>29 juin 1934 <\/strong>: <em>La nuit des longs couteaux<\/em> : plusieurs chefs de la SA soup\u00e7onn\u00e9s de comploter contre leur propre dirigeant, sont assassin\u00e9s.<\/p>\n\n\n\n<p><strong>Ao\u00fbt&nbsp; 1934<\/strong> : Le pr\u00e9sident Hindenburg meurt et Hitler devient l\u2019unique f\u00fchrer.<\/p>\n\n\n<section class=\"you-know\">\n                <div class=\"you-know__title\"><\/div>\n                        <div class=\"you-know__text\">\n            <p>\ud83c\udfa7 Pour mieux comprendre l<a href=\"https:\/\/www.radiofrance.fr\/franceculture\/podcasts\/la-fabrique-de-l-histoire\/johann-chapoutot-les-juristes-ont-joue-un-role-capital-dans-l-elaboration-de-l-ideologie-nazie-2103129\" target=\"_blank\" rel=\"nofollow noopener\">e r\u00f4le du droit dans l\u2019\u00e9laboration de l\u2019id\u00e9ologie nazie<\/a>, \u00e9coute ce podcast !<\/p>\n\n        <\/div>\n              <\/section>\n\n\n\n<h4 class=\"wp-block-heading\" id=\"le-darwinisme-social-une-ideologie-totalitaire\">\u2b50 Le Darwinisme social : une id\u00e9ologie totalitaire<\/h4>\n\n\n\n<p>Le parti national-socialiste a sa propre conception de l\u2019esp\u00e8ce humaine. Pour lui, ce ne sont pas les classes sociales qui s\u2019opposent, mais ce qu\u2019il nomme les \u201craces\u201d.&nbsp;<\/p>\n\n\n\n<div class=\"wp-block-columns is-layout-flex wp-container-core-columns-is-layout-9d6595d7 wp-block-columns-is-layout-flex\">\n<div class=\"wp-block-column is-vertically-aligned-center is-layout-flow wp-block-column-is-layout-flow\">\n<p>Hitler n\u2019est pas juste un m\u00e9galo qui veut avoir le plus de pouvoir possible. <strong>Il est convaincu de la sup\u00e9riorit\u00e9 de tous les Allemands, de \u201crace aryenne\u201d, qu\u2019il consid\u00e8re comme les fondateurs historiques de l\u2019Humanit\u00e9<\/strong>. Rien que \u00e7a\u2026&nbsp;<\/p>\n<\/div>\n\n\n\n<div class=\"wp-block-column is-layout-flow wp-block-column-is-layout-flow\"><div class=\"wp-block-image\">\n<figure class=\"aligncenter size-large is-resized\"><img decoding=\"async\" src=\"https:\/\/media.giphy.com\/media\/qS7IZbJtpyFON924bk\/giphy.gif\" alt=\"\" style=\"width:316px;height:177px\" width=\"316\" height=\"177\" \/><\/figure>\n<\/div><\/div>\n<\/div>\n\n\n\n<p><strong>Au rab de fausses recherches biologiques, il d\u00e9montre que les Juifs sont d\u2019une \u201crace\u201d inf\u00e9rieure \u00e0 l\u2019origine d\u2019une d\u00e9g\u00e9n\u00e9rescence biologique du pays.<\/strong> D\u00e9faite de 1918, communisme, pauvret\u00e9\u2026 ils sont rendus responsables de tous les maux de l\u2019Allemagne du d\u00e9but du XXe si\u00e8cle.<\/p>\n\n\n\n<p>Et c\u2019est dans cette th\u00e9orie qu\u2019il puise sa propre l\u00e9gitimit\u00e9 : seuls les nazis qui ont conscience de leur sup\u00e9riorit\u00e9 peuvent gouverner. <strong>Tous doivent pr\u00eater all\u00e9geance au chef qui est le guide infaillible pour permettre \u00e0 la race aryenne de retrouver sa supr\u00e9matie.<\/strong>&nbsp;<\/p>\n\n\n\n<p><strong>Le 14 juillet 1934 sont cr\u00e9\u00e9s les tribunaux de sant\u00e9 h\u00e9r\u00e9ditaires<\/strong> pour st\u00e9riliser tous ceux qu\u2019il consid\u00e8re comme les \u201c\u00e9l\u00e9ments d\u00e9grad\u00e9s\u201d du pays. 400 000 personnes&nbsp; y passent en dix ans\u2026&nbsp;<\/p>\n\n\n\n<p><strong>Le 15 septembre 1935 : Les lois de Nuremberg excluent les Juifs de la soci\u00e9t\u00e9 allemande, <\/strong>les obligeant \u00e0 quitter le territoire.<\/p>\n\n\n<section class=\"citation\">\n        <q class=\"citation__text\"><p>Ma d\u00e9cision irr\u00e9vocable est de <span style=\"color: #ff0000\">r\u00e9soudre le probl\u00e8me de l\u2019espace vital allemand au plus tard entre 1943 et 1945<\/span>.<\/p>\n<\/q>\n\n                    <div class=\"citation__infos  citation__infos--full \">\n                                    <p class=\"citation__infos-name\">Hitler <\/p>\n                                                    <p class=\"citation__infos-job\">Au cours d\u2019une r\u00e9union \u00e0 la Chancellerie le 5\/11\/1937<\/p>\n                            <\/div>\n            <\/section>\n\n\n<section class=\"you-know\">\n                <div class=\"you-know__title\"><p>\ud83d\udca1 Le <em>lebensraum <\/em>(biotope)<\/p>\n<\/div>\n                        <div class=\"you-know__text\">\n            <p>Dans Mein Kampf est th\u00e9oris\u00e9 un processus visant \u00e0 regrouper dans un m\u00eame espace tous les peuples de langue germanique. Cet <strong>\u201cespace vital\u201d<\/strong> doit s\u2019\u00e9tendre et exclure tous les juifs.<\/p>\n\n        <\/div>\n              <\/section>\n\n\n\n<p><strong>\ud83d\udc49 Tout \u00e7a ferait une belle justification pour une Seconde Guerre mondiale non ? \ud83e\udd28<\/strong><\/p>\n\n\n<section class=\"relance\">\n        <div >\n                            <a target=\"_blank\" href=\"https:\/\/sherpas.com\/blog\/guide-matieres-lycee\/\">\n                    <div class=\"relance__container\"\n                        >\n                        \n                                                        <picture>\n                            <source srcset=\"https:\/\/sherpas.com\/content\/uploads\/2020\/12\/epreuves-du-bac.png\" media=\"(min-width: 999px)\">\n                            <source srcset=\"https:\/\/sherpas.com\/content\/uploads\/2020\/12\/epreuves-du-bac.png\" media=\"(max-width: 999px)\">\n                                <img decoding=\"async\"\n                                    src=\"https:\/\/sherpas.com\/content\/uploads\/2020\/12\/epreuves-du-bac.png\"\n                                    alt=\"guide bac\"\n                                >\n                            <\/picture>\n                                                <div class=\"relance__content\">\n                            \n                                <div class=\"relance__title\"> <p>Si t&rsquo;as besoin d&rsquo;un coup de main par mati\u00e8res pour pr\u00e9parer ton bac : t\u00e9l\u00e9charge notre guide !<\/p>\n<\/div>\n                                                        <button type=\"button\"\n                                    class=\"relance__button btn btn-white\">\n                                Clique ici \ud83d\udc4b\n                            <\/button>\n                        <\/div>\n                    <\/div>\n                <\/a>\n                    <\/div>\n    <\/section>\n\n    \n\n\n<h3 class=\"wp-block-heading\" id=\"1935-1939-lallemagne-nazie-un-imperialisme\">1935-1939 : L\u2019Allemagne nazie, un imp\u00e9rialisme<\/h3>\n\n\n\n<div class=\"wp-block-columns is-layout-flex wp-container-core-columns-is-layout-9d6595d7 wp-block-columns-is-layout-flex\">\n<div class=\"wp-block-column is-layout-flow wp-block-column-is-layout-flow\" style=\"flex-basis:66.66%\">\n<p>Malgr\u00e9 \u00e7a, le f\u00fcrher affiche \u00e0 l\u2019international l\u2019image d\u2019un sauveur. Inutile de te dire qu\u2019il est pourtant plus proche du Joker que de Superman. Dans le dos des biens na\u00effs europ\u00e9ens, il pr\u00e9pare l\u2019expansion militaire du territoire.&nbsp;<\/p>\n<\/div>\n\n\n\n<div class=\"wp-block-column is-layout-flow wp-block-column-is-layout-flow\" style=\"flex-basis:33.33%\">\n<figure class=\"wp-block-image size-large\"><img decoding=\"async\" src=\"https:\/\/media.giphy.com\/media\/k75ngU7xpje0M\/giphy.gif\" alt=\"\" \/><\/figure>\n<\/div>\n<\/div>\n\n\n\n<h4 class=\"wp-block-heading\" id=\"le-rearmement\">\u2b50 Le r\u00e9armement<\/h4>\n\n\n\n<ul class=\"wp-block-list\">\n<li><strong>D\u00e8s 1933<\/strong> il d\u00e9cide d\u2019envoyer balader les accords mondiaux : <strong>l\u2019Allemagne se barre de la SDN et entame un plan de r\u00e9armement <\/strong>malgr\u00e9 l\u2019interdiction du Trait\u00e9 de Versailles.<\/li>\n<\/ul>\n\n\n\n<ul class=\"wp-block-list\">\n<li><strong>En 1935 il r\u00e9tablit le service militaire obligatoire<\/strong>.<\/li>\n<\/ul>\n\n\n\n<ul class=\"wp-block-list\">\n<li><strong>En 1936 il remilitarise la Rh\u00e9nanie<\/strong> et donne 4 ans \u00e0 l\u2019Allemagne pour \u00eatre capable de mener un second conflit mondial. 1936 + 4 \ud83e\udd28 ? On te laisse faire le calcul\u2026&nbsp;<\/li>\n<\/ul>\n\n\n<section class=\"read-also\">\n    <p class=\"read-also__title\">\u00c0 lire aussi<\/p>\n            <div class=\"read-also__list\">\n            <p>Compl\u00e8te tes connaissances : <a href=\"https:\/\/sherpas.com\/blog\/guerre-aneantissement\/\" target=\"_blank\" rel=\"noopener\">Seconde Guerre Mondiale comme guerre d\u2019an\u00e9antissement.<\/a> \ud83d\udc48<\/p>\n\n        <\/div>\n    <\/section>\n\n\n\n<h4 class=\"wp-block-heading\" id=\"les-alliances-de-1936\">\u2b50 Les alliances de 1936<\/h4>\n\n\n\n<ul class=\"wp-block-list\">\n<li><strong>Les accords germano-autrichiens. <\/strong>L\u2019Allemagne n\u2019intervient pas dans les affaires internes de l\u2019Autriche mais celle-ci s &lsquo;engage&nbsp; \u00e0 faire entrer des nazis dans son gouvernement.<\/li>\n<\/ul>\n\n\n\n<ul class=\"wp-block-list\">\n<li><strong>L\u2019Axe Rome-Berlin avec <a href=\"https:\/\/sherpas.com\/blog\/benito-mussolini\/\">l\u2019Italie fasciste de Mussolini<\/a><\/strong>. Et comme il en manquait bien un troisi\u00e8me pour compl\u00e9ter le tableau des r\u00e9gimes totalitaires, ils soutiennent le g\u00e9n\u00e9ral <strong>Franco <\/strong>\u00e0 gagner le pouvoir en Espagne jusqu&rsquo;en&nbsp; 1939.<\/li>\n<\/ul>\n\n\n\n<ul class=\"wp-block-list\">\n<li><strong>Le pacte Anti Komintern&nbsp;avec le Japon<\/strong> pour faire barri\u00e8re au communisme.&nbsp;<\/li>\n<\/ul>\n\n\n\n<h4 class=\"wp-block-heading\" id=\"les-agressions\">\u2b50 Les agressions<\/h4>\n\n\n<div class=\"wp-block-image\">\n<figure class=\"aligncenter size-large\"><img decoding=\"async\" src=\"https:\/\/media.giphy.com\/media\/1qfDU4MJv9xoGtRKvh\/giphy.gif\" alt=\"L'Allemagne nazie a choisi la violence \" \/><figcaption class=\"wp-element-caption\"><em>L&rsquo;allemagne avant le d\u00e9but de la guerre <\/em><\/figcaption><\/figure>\n<\/div>\n\n\n<ul class=\"wp-block-list\">\n<li><strong>L&rsquo;Anschluss&nbsp; en mars 1938<\/strong> : Hitler r\u00e9unifie l\u2019Autriche avec le Reich allemand. L\u2019annexion de l\u2019Autriche par l\u2019Allemagne montre surtout l\u2019inaction de la communaut\u00e9 internationale, men\u00e9e par une politique britannique <em>d\u2019Apeasement <\/em>(temporisation). Pour le dirigeant allemand, c\u2019est le signe qu\u2019il peut tout se permettre.<\/li>\n<\/ul>\n\n\n<section class=\"you-know\">\n                <div class=\"you-know__title\"><p>\ud83d\udca1 <em>Apeasement\u2026 <\/em>ou soutien \u00e0 l\u2019Allemagne ?<\/p>\n<\/div>\n                        <div class=\"you-know__text\">\n            <p><!-- wp:paragraph --><\/p>\n<p>La politique ext\u00e9rieure du Royaume-Uni, comme celle de la France, restent ambivalente tant l\u2019antis\u00e9mitisme et l\u2019adh\u00e9sion aux r\u00e9gimes fascistes impr\u00e8gnent les plus hautes sph\u00e8res des institutions.<\/p>\n<p><!-- \/wp:paragraph --> <!-- wp:paragraph --><\/p>\n<p>Pour preuve : le britannique Oswald Mosley n&rsquo;est pas seulement un perso de Peaky Blinders ! C&rsquo;est la figure de proue de la <em>British Union of Fascists<\/em> fond\u00e9e en 1932<em>. <\/em>Ce parti politique, financ\u00e9 tant\u00f4t par Mussolini, tant\u00f4t par Hitler, comptait 20 000 adh\u00e9rents en 1939, avec des sections dans la fonction publique, les universit\u00e9s ou encore la Royal Air Force !<\/p>\n<p><!-- \/wp:paragraph --><\/p>\n\n        <\/div>\n              <\/section>\n\n\n\n<ul class=\"wp-block-list\">\n<li><strong>La conf\u00e9rence de Munich en septembre 1938<\/strong> : La France et le Royaume-Uni accordent \u00e0 l\u2019Allemagne <strong>la r\u00e9gion des Sud\u00e8tes<\/strong> en Tch\u00e9coslovaquie. Ils sont assez na\u00effs pour penser calmer les caprices d\u2019Hitler ! Mais lui n\u2019y voit qu\u2019une porte d\u2019entr\u00e9e vers une politique expansionniste sans limites. Il envahit&nbsp; la Tch\u00e9coslovaquie enti\u00e8re en mars 1939.<\/li>\n<\/ul>\n\n\n\n<ul class=\"wp-block-list\">\n<li>&nbsp;<strong>Le pacte de non-agression germano-sovi\u00e9tique en mars 1939<\/strong> pr\u00e9pare l\u2019invasion de la Pologne.<\/li>\n<\/ul>\n\n\n<section class=\"push \">\n        <div >\n            \n                                                <div class=\"push__container  qcd\" data-target=\"_self\" data-qcd=\"aHR0cHM6Ly9zaGVycGFzLmNvbS9mdW5uZWwtc3R1ZGVudC1xdWFsaWZpY2F0aW9u\" data-banner=\"2\" data-name=\"CPN1 Lyc\u00e9e\" style=\"background-color: #F3FBF7\" >\n                                                                        <div class=\"push__teachers\">\n    <div class=\"d-flex justify-content-center d-md-none\">\n        <img decoding=\"async\" class=\"push__logo\" src=\"\/content\/themes\/sherpas-theme\/dist\/images\/logo.svg\" alt=\"Logo Sherpas\">\n    <\/div>\n    <div class=\"swiper\">\n        <div class=\"swiper-wrapper\">\n                                            <div class=\"swiper-slide\">\n                    <div class=\"push__teachers-card\">\n                        <div\n                            class=\"push__teachers-profil\"\n                            \n                            style=\"background-image: url(https:\/\/sherpas.com\/content\/uploads\/2022\/01\/Louise2x.png);\"\n                        >\n                    <\/div>\n                         <p class=\"push__teachers-name\">Louise<\/p>                          <p class=\"push__teachers-school\">Mines ParisTech<\/p>                                                     <div class=\"push__teachers-note\">\n                                                                    <svg  class=\"active\" >\n                                        <use\n                                            xlink:href=\"\/content\/themes\/sherpas-theme\/dist\/images\/sprite.svg#star\"\/>\n                                    <\/svg>\n                                                                    <svg  class=\"active\" >\n                                        <use\n                                            xlink:href=\"\/content\/themes\/sherpas-theme\/dist\/images\/sprite.svg#star\"\/>\n                                    <\/svg>\n                                                                    <svg  class=\"active\" >\n                                        <use\n                                            xlink:href=\"\/content\/themes\/sherpas-theme\/dist\/images\/sprite.svg#star\"\/>\n                                    <\/svg>\n                                                                    <svg  class=\"active\" >\n                                        <use\n                                            xlink:href=\"\/content\/themes\/sherpas-theme\/dist\/images\/sprite.svg#star\"\/>\n                                    <\/svg>\n                                                                    <svg  class=\"active\" >\n                                        <use\n                                            xlink:href=\"\/content\/themes\/sherpas-theme\/dist\/images\/sprite.svg#star\"\/>\n                                    <\/svg>\n                                                            <\/div>\n                                                 <p class=\"push__teachers-price\">24\u20ac\/h<\/p>                     <\/div>\n                <\/div>\n                                            <div class=\"swiper-slide\">\n                    <div class=\"push__teachers-card\">\n                        <div\n                            class=\"push__teachers-profil\"\n                            \n                            style=\"background-image: url(https:\/\/sherpas.com\/content\/uploads\/2022\/01\/Emilie2x.jpg);\"\n                        >\n                    <\/div>\n                         <p class=\"push__teachers-name\">Emilie<\/p>                          <p class=\"push__teachers-school\">Sciences Po Lyon<\/p>                                                     <div class=\"push__teachers-note\">\n                                                                    <svg  class=\"active\" >\n                                        <use\n                                            xlink:href=\"\/content\/themes\/sherpas-theme\/dist\/images\/sprite.svg#star\"\/>\n                                    <\/svg>\n                                                                    <svg  class=\"active\" >\n                                        <use\n                                            xlink:href=\"\/content\/themes\/sherpas-theme\/dist\/images\/sprite.svg#star\"\/>\n                                    <\/svg>\n                                                                    <svg  class=\"active\" >\n                                        <use\n                                            xlink:href=\"\/content\/themes\/sherpas-theme\/dist\/images\/sprite.svg#star\"\/>\n                                    <\/svg>\n                                                                    <svg  class=\"active\" >\n                                        <use\n                                            xlink:href=\"\/content\/themes\/sherpas-theme\/dist\/images\/sprite.svg#star\"\/>\n                                    <\/svg>\n                                                                    <svg  class=\"active\" >\n                                        <use\n                                            xlink:href=\"\/content\/themes\/sherpas-theme\/dist\/images\/sprite.svg#star\"\/>\n                                    <\/svg>\n                                                            <\/div>\n                                                 <p class=\"push__teachers-price\">19\u20ac\/h<\/p>                     <\/div>\n                <\/div>\n                                            <div class=\"swiper-slide\">\n                    <div class=\"push__teachers-card\">\n                        <div\n                            class=\"push__teachers-profil\"\n                            \n                            style=\"background-image: url(https:\/\/sherpas.com\/content\/uploads\/2022\/01\/Jade2x.jpg);\"\n                        >\n                    <\/div>\n                         <p class=\"push__teachers-name\">Jade<\/p>                          <p class=\"push__teachers-school\">Sciences Po Paris<\/p>                                                     <div class=\"push__teachers-note\">\n                                                                    <svg  class=\"active\" >\n                                        <use\n                                            xlink:href=\"\/content\/themes\/sherpas-theme\/dist\/images\/sprite.svg#star\"\/>\n                                    <\/svg>\n                                                                    <svg  class=\"active\" >\n                                        <use\n                                            xlink:href=\"\/content\/themes\/sherpas-theme\/dist\/images\/sprite.svg#star\"\/>\n                                    <\/svg>\n                                                                    <svg  class=\"active\" >\n                                        <use\n                                            xlink:href=\"\/content\/themes\/sherpas-theme\/dist\/images\/sprite.svg#star\"\/>\n                                    <\/svg>\n                                                                    <svg  class=\"active\" >\n                                        <use\n                                            xlink:href=\"\/content\/themes\/sherpas-theme\/dist\/images\/sprite.svg#star\"\/>\n                                    <\/svg>\n                                                                    <svg  class=\"active\" >\n                                        <use\n                                            xlink:href=\"\/content\/themes\/sherpas-theme\/dist\/images\/sprite.svg#star\"\/>\n                                    <\/svg>\n                                                            <\/div>\n                                                 <p class=\"push__teachers-price\">21\u20ac\/h<\/p>                     <\/div>\n                <\/div>\n                                            <div class=\"swiper-slide\">\n                    <div class=\"push__teachers-card\">\n                        <div\n                            class=\"push__teachers-profil\"\n                            \n                            style=\"background-image: url(https:\/\/sherpas.com\/content\/uploads\/2022\/01\/Pierre2x.png);\"\n                        >\n                    <\/div>\n                         <p class=\"push__teachers-name\">Pierre<\/p>                          <p class=\"push__teachers-school\">ESSEC<\/p>                                                     <div class=\"push__teachers-note\">\n                                                                    <svg  class=\"active\" >\n                                        <use\n                                            xlink:href=\"\/content\/themes\/sherpas-theme\/dist\/images\/sprite.svg#star\"\/>\n                                    <\/svg>\n                                                                    <svg  class=\"active\" >\n                                        <use\n                                            xlink:href=\"\/content\/themes\/sherpas-theme\/dist\/images\/sprite.svg#star\"\/>\n                                    <\/svg>\n                                                                    <svg  class=\"active\" >\n                                        <use\n                                            xlink:href=\"\/content\/themes\/sherpas-theme\/dist\/images\/sprite.svg#star\"\/>\n                                    <\/svg>\n                                                                    <svg  class=\"active\" >\n                                        <use\n                                            xlink:href=\"\/content\/themes\/sherpas-theme\/dist\/images\/sprite.svg#star\"\/>\n                                    <\/svg>\n                                                                    <svg  class=\"active\" >\n                                        <use\n                                            xlink:href=\"\/content\/themes\/sherpas-theme\/dist\/images\/sprite.svg#star\"\/>\n                                    <\/svg>\n                                                            <\/div>\n                                                 <p class=\"push__teachers-price\">16\u20ac\/h<\/p>                     <\/div>\n                <\/div>\n                                            <div class=\"swiper-slide\">\n                    <div class=\"push__teachers-card\">\n                        <div\n                            class=\"push__teachers-profil\"\n                            \n                            style=\"background-image: url(https:\/\/sherpas.com\/content\/uploads\/2022\/01\/Fabien2x.png);\"\n                        >\n                    <\/div>\n                         <p class=\"push__teachers-name\">Fabien<\/p>                          <p class=\"push__teachers-school\">T\u00e9l\u00e9com Paris<\/p>                                                     <div class=\"push__teachers-note\">\n                                                                    <svg  class=\"active\" >\n                                        <use\n                                            xlink:href=\"\/content\/themes\/sherpas-theme\/dist\/images\/sprite.svg#star\"\/>\n                                    <\/svg>\n                                                                    <svg  class=\"active\" >\n                                        <use\n                                            xlink:href=\"\/content\/themes\/sherpas-theme\/dist\/images\/sprite.svg#star\"\/>\n                                    <\/svg>\n                                                                    <svg  class=\"active\" >\n                                        <use\n                                            xlink:href=\"\/content\/themes\/sherpas-theme\/dist\/images\/sprite.svg#star\"\/>\n                                    <\/svg>\n                                                                    <svg  class=\"active\" >\n                                        <use\n                                            xlink:href=\"\/content\/themes\/sherpas-theme\/dist\/images\/sprite.svg#star\"\/>\n                                    <\/svg>\n                                                                    <svg  class=\"active\" >\n                                        <use\n                                            xlink:href=\"\/content\/themes\/sherpas-theme\/dist\/images\/sprite.svg#star\"\/>\n                                    <\/svg>\n                                                            <\/div>\n                                                 <p class=\"push__teachers-price\">20\u20ac\/h<\/p>                     <\/div>\n                <\/div>\n                                            <div class=\"swiper-slide\">\n                    <div class=\"push__teachers-card\">\n                        <div\n                            class=\"push__teachers-profil\"\n                            \n                            style=\"background-image: url(https:\/\/sherpas.com\/content\/uploads\/2022\/01\/Victor2x.jpg);\"\n                        >\n                    <\/div>\n                         <p class=\"push__teachers-name\">Victor<\/p>                          <p class=\"push__teachers-school\">ESCP<\/p>                                                     <div class=\"push__teachers-note\">\n                                                                    <svg  class=\"active\" >\n                                        <use\n                                            xlink:href=\"\/content\/themes\/sherpas-theme\/dist\/images\/sprite.svg#star\"\/>\n                                    <\/svg>\n                                                                    <svg  class=\"active\" >\n                                        <use\n                                            xlink:href=\"\/content\/themes\/sherpas-theme\/dist\/images\/sprite.svg#star\"\/>\n                                    <\/svg>\n                                                                    <svg  class=\"active\" >\n                                        <use\n                                            xlink:href=\"\/content\/themes\/sherpas-theme\/dist\/images\/sprite.svg#star\"\/>\n                                    <\/svg>\n                                                                    <svg  class=\"active\" >\n                                        <use\n                                            xlink:href=\"\/content\/themes\/sherpas-theme\/dist\/images\/sprite.svg#star\"\/>\n                                    <\/svg>\n                                                                    <svg  class=\"active\" >\n                                        <use\n                                            xlink:href=\"\/content\/themes\/sherpas-theme\/dist\/images\/sprite.svg#star\"\/>\n                                    <\/svg>\n                                                            <\/div>\n                                                 <p class=\"push__teachers-price\">25\u20ac\/h<\/p>                     <\/div>\n                <\/div>\n                                            <div class=\"swiper-slide\">\n                    <div class=\"push__teachers-card\">\n                        <div\n                            class=\"push__teachers-profil\"\n                            \n                            style=\"background-image: url(https:\/\/sherpas.com\/content\/uploads\/2022\/01\/Hugo2x.jpg);\"\n                        >\n                    <\/div>\n                         <p class=\"push__teachers-name\">Hugo<\/p>                          <p class=\"push__teachers-school\">Insa Lyon<\/p>                                                     <div class=\"push__teachers-note\">\n                                                                    <svg  class=\"active\" >\n                                        <use\n                                            xlink:href=\"\/content\/themes\/sherpas-theme\/dist\/images\/sprite.svg#star\"\/>\n                                    <\/svg>\n                                                                    <svg  class=\"active\" >\n                                        <use\n                                            xlink:href=\"\/content\/themes\/sherpas-theme\/dist\/images\/sprite.svg#star\"\/>\n                                    <\/svg>\n                                                                    <svg  class=\"active\" >\n                                        <use\n                                            xlink:href=\"\/content\/themes\/sherpas-theme\/dist\/images\/sprite.svg#star\"\/>\n                                    <\/svg>\n                                                                    <svg  class=\"active\" >\n                                        <use\n                                            xlink:href=\"\/content\/themes\/sherpas-theme\/dist\/images\/sprite.svg#star\"\/>\n                                    <\/svg>\n                                                                    <svg >\n                                        <use\n                                            xlink:href=\"\/content\/themes\/sherpas-theme\/dist\/images\/sprite.svg#star\"\/>\n                                    <\/svg>\n                                                            <\/div>\n                                                 <p class=\"push__teachers-price\">16\u20ac\/h<\/p>                     <\/div>\n                <\/div>\n                                            <div class=\"swiper-slide\">\n                    <div class=\"push__teachers-card\">\n                        <div\n                            class=\"push__teachers-profil\"\n                            \n                            style=\"background-image: url(https:\/\/sherpas.com\/content\/uploads\/2022\/01\/Bastien2x.jpg);\"\n                        >\n                    <\/div>\n                         <p class=\"push__teachers-name\">Bastien<\/p>                          <p class=\"push__teachers-school\">Polytechnique<\/p>                                                     <div class=\"push__teachers-note\">\n                                                                    <svg  class=\"active\" >\n                                        <use\n                                            xlink:href=\"\/content\/themes\/sherpas-theme\/dist\/images\/sprite.svg#star\"\/>\n                                    <\/svg>\n                                                                    <svg  class=\"active\" >\n                                        <use\n                                            xlink:href=\"\/content\/themes\/sherpas-theme\/dist\/images\/sprite.svg#star\"\/>\n                                    <\/svg>\n                                                                    <svg  class=\"active\" >\n                                        <use\n                                            xlink:href=\"\/content\/themes\/sherpas-theme\/dist\/images\/sprite.svg#star\"\/>\n                                    <\/svg>\n                                                                    <svg  class=\"active\" >\n                                        <use\n                                            xlink:href=\"\/content\/themes\/sherpas-theme\/dist\/images\/sprite.svg#star\"\/>\n                                    <\/svg>\n                                                                    <svg  class=\"active\" >\n                                        <use\n                                            xlink:href=\"\/content\/themes\/sherpas-theme\/dist\/images\/sprite.svg#star\"\/>\n                                    <\/svg>\n                                                            <\/div>\n                                                 <p class=\"push__teachers-price\">26\u20ac\/h<\/p>                     <\/div>\n                <\/div>\n                    <\/div>\n    <\/div>\n<\/div>\n                                                    <div class=\"push__content\">\n                                                            <div  class=\"d-none d-md-block\" >\n                                    <img decoding=\"async\" class=\"push__logo\" src=\"\/content\/themes\/sherpas-theme\/dist\/images\/logo.svg\"\n                                        alt=\"Logo Sherpas\">\n                                <\/div>\n                                                                                        <div class=\"push__title\"><p>Lyc\u00e9en en gal\u00e8re ? Ton premier cours est offert ! <span role=\"img\" aria-label=\"\ud83c\udf81\">\ud83c\udf81<\/span><\/p>\n<\/div>\n                                                                                        <div class=\"push__text\"><p>Nos profs sont l\u00e0 pour t\u2019aider \u00e0 progresser !<\/p>\n<\/div>\n                                                        <div class=\"push__promo-button   \">\n                                                                                                    <div\n                                        class=\"btn btn-primary\"\n                                        style=\"color: ; border-color: ; background-color: \"\n\n                                    >\n                                        J&rsquo;EN PROFITE MAINTENANT !\n                                    <\/div>\n                                                            <\/div>\n                                                    <\/div>\n                                    <\/div>\n                                    <\/div>\n    <\/section>\n\n\n\n<h2 class=\"wp-block-heading\" id=\"zooms-les-facteurs-de-lenracinement-du-regime-nazi-en-europe\">Zooms : les facteurs de l\u2019enracinement du r\u00e9gime nazi en Europe&nbsp;<\/h2>\n\n\n\n<h3 class=\"wp-block-heading\" id=\"gouverner-par-la-violence-la-nuit-de-cristal\">Gouverner par la violence : <a href=\"https:\/\/www.memorialdelashoah.org\/upload\/minisites\/ONU\/nuit_de_cristal\/exposition\/la-nuit-de-cristal.htm\" target=\"_blank\" rel=\"noreferrer noopener nofollow\">la \u201cNuit de Cristal<\/a>\u201d&nbsp;<\/h3>\n\n\n\n<h4 class=\"wp-block-heading\" id=\"les-faits\">\ud83d\udd0e Les faits&nbsp;<\/h4>\n\n\n\n<p>Le soir du 9 novembre 1938, Goebbels prononce un discours de haine antijuive devant les chefs nazis r\u00e9unis \u00e0 l\u2019H\u00f4tel de ville de Munich. Des <strong>pogroms <\/strong>ont \u00e9clat\u00e9 sur le territoire et il incite \u00e0 une expansion du mouvement. La SA donne l\u2019ordre d\u2019incendier toutes les synagogues du pays et Himmler prend en charge l\u2019internement dans des camps de concentration.&nbsp;<\/p>\n\n\n\n<p><strong>Le lendemain, on compte en Allemagne 267 synagogues d\u00e9truites en plus de maisons, commerces ou autres lieux communautaires<\/strong>. 91 juifs sont tu\u00e9s, d\u2019autres bless\u00e9s, et des femmes viol\u00e9es. En tout, 30 000 sont d\u00e9port\u00e9s dans les camps de Dachau et Buchenwald \ud83d\ude27&nbsp;<\/p>\n\n\n\n<h4 class=\"wp-block-heading\" id=\"la-question-dhistoire\">\ud83d\udd0e La question d\u2019Histoire&nbsp;<\/h4>\n\n\n\n<p>Devant tant d\u2019horreur, tu te demandes s\u00fbrement&nbsp; pourquoi un tel d\u00e9cha\u00eenement&nbsp; de haine et de violence a eu lieu \u00e0 cet instant T. <strong>La <em>N<\/em><\/strong><strong><em>uit de Cristal <\/em><\/strong><strong>pose la question de l\u2019adh\u00e9sion de la soci\u00e9t\u00e9 allemande au projet national-socialiste.&nbsp;<\/strong><\/p>\n\n\n\n<p>De mani\u00e8re g\u00e9n\u00e9rale, un r\u00e9gime totalitaire repose sur l\u2019instauration d\u2019un climat de suspicion et de violence au sein de la soci\u00e9t\u00e9.<strong> La police secr\u00e8te dirig\u00e9e par Himmler, la Gestapo, proc\u00e8de \u00e0 des arrestations reposant majoritairement sur la d\u00e9nonciation. <\/strong>Anxi\u00e9t\u00e9, d\u00e9fiance voire parano\u00efa sont les ingr\u00e9dients principaux du r\u00e8gne de la terreur.<\/p>\n\n\n\n<p>La<em> Nuit de Cristal <\/em>marque surtout un tournant dans l\u2019antis\u00e9mitisme de l\u2019Allemagne. Avant cette date, la politique antis\u00e9mite consiste surtout \u00e0 menacer la population juive pour l\u2019inciter \u00e0 quitter le territoire. <strong>Le 9 novembre 1938 s&rsquo;op\u00e8re le passage \u00e0 une violence sans limites \u00e0 laquelle adh\u00e8re une partie de la soci\u00e9t\u00e9 allemande.&nbsp;<\/strong><\/p>\n\n\n\n<div class=\"wp-block-columns is-layout-flex wp-container-core-columns-is-layout-9d6595d7 wp-block-columns-is-layout-flex\">\n<div class=\"wp-block-column is-layout-flow wp-block-column-is-layout-flow\" style=\"flex-basis:33.33%\"><div class=\"wp-block-image\">\n<figure class=\"aligncenter size-full is-resized\"><img decoding=\"async\" src=\"https:\/\/sherpas.com\/blog\/content\/uploads\/2022\/07\/dictateur-globe.jpg\" alt=\"\" class=\"wp-image-242912\" style=\"width:161px;height:184px\" width=\"161\" height=\"184\" srcset=\"https:\/\/xapbm7c37i.cloudimg.io\/https:\/\/sherpas.com\/blog\/content\/uploads\/2022\/07\/dictateur-globe.jpg?q=85&amp;force_format=webp&amp;org_if_sml=1&amp;w=474 474w, https:\/\/xapbm7c37i.cloudimg.io\/https:\/\/sherpas.com\/blog\/content\/uploads\/2022\/07\/dictateur-globe.jpg?q=85&amp;force_format=webp&amp;org_if_sml=1&amp;w=237 237w\" sizes=\"(max-width: 161px) 100vw, 161px\" \/><\/figure>\n<\/div><\/div>\n\n\n\n<div class=\"wp-block-column is-vertically-aligned-center is-layout-flow wp-block-column-is-layout-flow\" style=\"flex-basis:66.66%\">\n<p>\u25b6\ufe0f Regarde cette <a href=\"https:\/\/www.youtube.com\/watch?v=pTTDe4jh-og\" target=\"_blank\" rel=\"noreferrer noopener nofollow\">sc\u00e8ne culte du film <em>le Dictateur<\/em><\/a><em> <\/em>de Charlie Chaplin sorti en 1940 qui parodie les d\u00e9lires m\u00e9galos du chef nazi.<\/p>\n<\/div>\n<\/div>\n\n\n<section class=\"you-know\">\n                <div class=\"you-know__title\"><p><strong data-rich-text-format-boundary=\"true\">\ud83d\udca1 <\/strong>Et la communaut\u00e9 internationale ?<\/p>\n<\/div>\n                        <div class=\"you-know__text\">\n            <p><strong data-rich-text-format-boundary=\"true\">Le 23 mars 1938, la conf\u00e9rence d\u2019\u00c9vian sous la pr\u00e9sidence des Etats-Unis r\u00e9unit 32 pays pour poser la question de l\u2019accueil des r\u00e9fugi\u00e9s en provenance du Reich.<\/strong> Et, tiens-toi bien, la France est loin de montrer l\u2019exemple ! <strong>Tous expriment leur sympathie vis-\u00e0-vis des pers\u00e9cut\u00e9s sans jamais proposer de les accueillir<\/strong>. Entre passivit\u00e9 devant la situation des Juifs d\u2019Europe et antis\u00e9mitisme dissimul\u00e9, il n\u2019y a qu\u2019un pas. Et on peut compter sur Hitler pour y voir une adh\u00e9sion \u00e0 l\u2019id\u00e9ologie antis\u00e9mite !<\/p>\n\n        <\/div>\n              <\/section>\n\n\n\n<h3 class=\"wp-block-heading\" id=\"bouleverser-lordre-europeen-la-propagande-nazie\">Bouleverser l\u2019ordre europ\u00e9en : la propagande nazie&nbsp;<\/h3>\n\n\n\n<h4 class=\"wp-block-heading\" id=\"le-culte-de-la-personnalite-du-chef\">\ud83d\udd0e Le culte de la personnalit\u00e9 du chef<\/h4>\n\n\n\n<div class=\"wp-block-columns is-layout-flex wp-container-core-columns-is-layout-9d6595d7 wp-block-columns-is-layout-flex\">\n<div class=\"wp-block-column is-layout-flow wp-block-column-is-layout-flow\"><div class=\"wp-block-image\">\n<figure class=\"aligncenter size-full is-resized\"><img decoding=\"async\" src=\"https:\/\/sherpas.com\/blog\/content\/uploads\/2022\/07\/propagande-nazie.jpg\" alt=\"\" class=\"wp-image-242913\" style=\"width:328px;height:371px\" width=\"328\" height=\"371\" srcset=\"https:\/\/xapbm7c37i.cloudimg.io\/https:\/\/sherpas.com\/blog\/content\/uploads\/2022\/07\/propagande-nazie.jpg?q=85&amp;force_format=webp&amp;org_if_sml=1&amp;w=490 490w, https:\/\/xapbm7c37i.cloudimg.io\/https:\/\/sherpas.com\/blog\/content\/uploads\/2022\/07\/propagande-nazie.jpg?q=85&amp;force_format=webp&amp;org_if_sml=1&amp;w=240 240w\" sizes=\"(max-width: 328px) 100vw, 328px\" \/><figcaption class=\"wp-element-caption\">Photographie de propagande hitl\u00e9rienne 1932, <a href=\"https:\/\/histoire-image.org\/etudes\/propagande-hitlerienne\" target=\"_blank\" rel=\"noreferrer noopener nofollow\">L\u2019Histoire par l\u2019image<\/a><\/figcaption><\/figure>\n<\/div><\/div>\n\n\n\n<div class=\"wp-block-column is-vertically-aligned-center is-layout-flow wp-block-column-is-layout-flow\">\n<p>Rassembler les masses derri\u00e8re un chef unique est au c\u0153ur de la conception du Troisi\u00e8me Reich.&nbsp;<\/p>\n\n\n\n<p><strong>Goebbels<\/strong> mobilise \u00e0 cet effet tous les supports : presse, radio, cin\u00e9ma\u2026 tout y passe.&nbsp;<\/p>\n\n\n\n<p><strong>\u00c0 partir du 10 mai 1933<\/strong>, les biblioth\u00e8ques sont \u201cnettoy\u00e9es\u201d des ouvrages jug\u00e9s ind\u00e9sirables et des milliers de livres sont br\u00fbl\u00e9s.<\/p>\n<\/div>\n<\/div>\n\n\n\n<p>Une des premi\u00e8res cibles du r\u00e9gime, c\u2019est la jeunesse ! <strong>A partir de 1936 les Jeunesses Hitl\u00e9riennes est le seul mouvement autoris\u00e9 dans le Troisi\u00e8me Reich et tous les gar\u00e7ons entre 8 et 18 ans sont oblig\u00e9s de s\u2019enr\u00f4ler.<\/strong> \u00c0 la fronti\u00e8re entre le service militaire et la nazification en vue d\u2019int\u00e9grer les SS, ces cellules locales organis\u00e9es dans les villes et villages visaient \u00e0 mettre les futurs adultes au service de l\u2019id\u00e9ologie nationale-socialiste.<\/p>\n\n\n\n<h4 class=\"wp-block-heading\" id=\"loffensive-a-linternational\">\ud83d\udd0e L\u2019offensive \u00e0 l\u2019international<\/h4>\n\n\n\n<p>Goebbels centralise les radios allemandes derri\u00e8re la RRG (Soci\u00e9t\u00e9 de Radio-diffusion allemande). <strong>La KWS, station en ondes courtes -qui diffuse loin des fronti\u00e8res du pays- cr\u00e9e d\u00e8s 1933 des \u00e9missions en langues \u00e9trang\u00e8res en direction des empires coloniaux des pays europ\u00e9ens <\/strong>pour diffuser l\u2019id\u00e9ologie du r\u00e9gime nazi et susciter des mouvements ind\u00e9pendantistes en Am\u00e9rique du Sud, Inde ou Afrique. En 1939 elle diffuse en 6 langues dans 6 r\u00e9gions du monde : anglais, espagnol, hollandais, afrikaans, portugais et arabe.<\/p>\n\n\n\n<div class=\"wp-block-columns is-layout-flex wp-container-core-columns-is-layout-9d6595d7 wp-block-columns-is-layout-flex\">\n<div class=\"wp-block-column is-layout-flow wp-block-column-is-layout-flow\"><div class=\"wp-block-image\">\n<figure class=\"aligncenter size-full is-resized\"><img decoding=\"async\" src=\"https:\/\/sherpas.com\/blog\/content\/uploads\/2022\/07\/Discours-Dictateur.jpg\" alt=\"\" class=\"wp-image-242916\" style=\"width:234px;height:162px\" width=\"234\" height=\"162\" srcset=\"https:\/\/xapbm7c37i.cloudimg.io\/https:\/\/sherpas.com\/blog\/content\/uploads\/2022\/07\/Discours-Dictateur.jpg?q=85&amp;force_format=webp&amp;org_if_sml=1&amp;w=474 474w, https:\/\/xapbm7c37i.cloudimg.io\/https:\/\/sherpas.com\/blog\/content\/uploads\/2022\/07\/Discours-Dictateur.jpg?q=85&amp;force_format=webp&amp;org_if_sml=1&amp;w=390 390w\" sizes=\"(max-width: 234px) 100vw, 234px\" \/><\/figure>\n<\/div><\/div>\n\n\n\n<div class=\"wp-block-column is-vertically-aligned-center is-layout-flow wp-block-column-is-layout-flow\">\n<p>\u25b6\ufe0f As-tu d\u00e9j\u00e0 vu <a href=\"https:\/\/www.youtube.com\/watch?v=wB7w25g5v7s\" target=\"_blank\" rel=\"noreferrer noopener nofollow\">le discours de Charlie Chaplin dans le Dictateur <\/a>?&nbsp;<\/p>\n<\/div>\n<\/div>\n\n\n\n<h2 class=\"wp-block-heading\" id=\"conclusion\">Conclusion<\/h2>\n\n\n\n<p><strong>Avec cette fiche de r\u00e9vision, tu es d\u00e9sormais un pro pour montrer en quoi l\u2019Allemagne nazie r\u00e9unit toutes les caract\u00e9ristiques d\u2019un r\u00e9gime totalitaire :&nbsp;<\/strong><\/p>\n\n\n\n<p>\u2b50 Elle propose une alternative \u00e0 la d\u00e9mocratie en s\u2019appuyant sur une situation de crise sociale<\/p>\n\n\n\n<p>\u2b50 C\u2019est un \u00c9tat centralis\u00e9 derri\u00e8re un unique chef<\/p>\n\n\n\n<p>\u2b50 L\u2019ordre repose sur la violence et la propagande<\/p>\n\n\n\n<p>\u2b50 Elle dispose d\u2019une id\u00e9ologie tellement sp\u00e9cifique qu\u2019il devient difficile de ne pas y croire ! Comme on dit : plus le mensonge est gros\u2026&nbsp;<\/p>\n\n\n\n<p><strong>Capito ?&nbsp; Alors \u00e0 toi de jouer \ud83d\ude09<\/strong><\/p>\n\n\n<div class=\"kk-star-ratings kksr-auto kksr-align-center kksr-valign-bottom\"\n    data-payload='{&quot;align&quot;:&quot;center&quot;,&quot;id&quot;:&quot;242882&quot;,&quot;slug&quot;:&quot;default&quot;,&quot;valign&quot;:&quot;bottom&quot;,&quot;ignore&quot;:&quot;&quot;,&quot;reference&quot;:&quot;auto&quot;,&quot;class&quot;:&quot;&quot;,&quot;count&quot;:&quot;11&quot;,&quot;legendonly&quot;:&quot;&quot;,&quot;readonly&quot;:&quot;&quot;,&quot;score&quot;:&quot;4.4&quot;,&quot;starsonly&quot;:&quot;&quot;,&quot;best&quot;:&quot;5&quot;,&quot;gap&quot;:&quot;5&quot;,&quot;greet&quot;:&quot;Tu as aim\u00e9 cet article ?&quot;,&quot;legend&quot;:&quot;4.4\\\/5 - (11 votes)&quot;,&quot;size&quot;:&quot;24&quot;,&quot;title&quot;:&quot;Fiche de r\u00e9vision : l\u2019Allemagne nazie (1929-1939) \ud83d\udcdd&quot;,&quot;width&quot;:&quot;125.1&quot;,&quot;_legend&quot;:&quot;{score}\\\/{best} - ({count} {votes})&quot;,&quot;font_factor&quot;:&quot;1.25&quot;}'>\n            \n<div class=\"kksr-stars\">\n    \n<div class=\"kksr-stars-inactive\">\n            <div class=\"kksr-star\" data-star=\"1\" style=\"padding-right: 5px\">\n            \n\n<div class=\"kksr-icon\" style=\"width: 24px; height: 24px;\"><\/div>\n        <\/div>\n            <div class=\"kksr-star\" data-star=\"2\" style=\"padding-right: 5px\">\n            \n\n<div class=\"kksr-icon\" style=\"width: 24px; height: 24px;\"><\/div>\n        <\/div>\n            <div class=\"kksr-star\" data-star=\"3\" style=\"padding-right: 5px\">\n            \n\n<div class=\"kksr-icon\" style=\"width: 24px; height: 24px;\"><\/div>\n        <\/div>\n            <div class=\"kksr-star\" data-star=\"4\" style=\"padding-right: 5px\">\n            \n\n<div class=\"kksr-icon\" style=\"width: 24px; height: 24px;\"><\/div>\n        <\/div>\n            <div class=\"kksr-star\" data-star=\"5\" style=\"padding-right: 5px\">\n            \n\n<div class=\"kksr-icon\" style=\"width: 24px; height: 24px;\"><\/div>\n        <\/div>\n    <\/div>\n    \n<div class=\"kksr-stars-active\" style=\"width: 125.1px;\">\n            <div class=\"kksr-star\" style=\"padding-right: 5px\">\n            \n\n<div class=\"kksr-icon\" style=\"width: 24px; height: 24px;\"><\/div>\n        <\/div>\n            <div class=\"kksr-star\" style=\"padding-right: 5px\">\n            \n\n<div class=\"kksr-icon\" style=\"width: 24px; height: 24px;\"><\/div>\n        <\/div>\n            <div class=\"kksr-star\" style=\"padding-right: 5px\">\n            \n\n<div class=\"kksr-icon\" style=\"width: 24px; height: 24px;\"><\/div>\n        <\/div>\n            <div class=\"kksr-star\" style=\"padding-right: 5px\">\n            \n\n<div class=\"kksr-icon\" style=\"width: 24px; height: 24px;\"><\/div>\n        <\/div>\n            <div class=\"kksr-star\" style=\"padding-right: 5px\">\n            \n\n<div class=\"kksr-icon\" style=\"width: 24px; height: 24px;\"><\/div>\n        <\/div>\n    <\/div>\n<\/div>\n                \n\n<div class=\"kksr-legend\" style=\"font-size: 19.2px;\">\n            4.4\/5 - (11 votes)    <\/div>\n    <\/div>\n","protected":false},"excerpt":{"rendered":"<p>Les exams approchent, mais tu as toujours du mal \u00e0 comprendre en quoi l\u2019Allemagne nazie est un r\u00e9gime (&#8230;)<\/p>\n","protected":false},"author":326,"featured_media":242979,"comment_status":"open","ping_status":"closed","sticky":false,"template":"","format":"standard","meta":{"_acf_changed":false,"footnotes":""},"category":[803,821],"tag":[761,337,770],"class_list":["post-242882","post","type-post","status-publish","format-standard","has-post-thumbnail","hentry","category-apprendre-matiere","category-histoire","tag-allemagne","tag-europe","tag-fiche-revision"],"acf":[],"_links":{"self":[{"href":"https:\/\/sherpas.com\/blog\/wp-json\/wp\/v2\/posts\/242882","targetHints":{"allow":["GET"]}}],"collection":[{"href":"https:\/\/sherpas.com\/blog\/wp-json\/wp\/v2\/posts"}],"about":[{"href":"https:\/\/sherpas.com\/blog\/wp-json\/wp\/v2\/types\/post"}],"author":[{"embeddable":true,"href":"https:\/\/sherpas.com\/blog\/wp-json\/wp\/v2\/users\/326"}],"replies":[{"embeddable":true,"href":"https:\/\/sherpas.com\/blog\/wp-json\/wp\/v2\/comments?post=242882"}],"version-history":[{"count":0,"href":"https:\/\/sherpas.com\/blog\/wp-json\/wp\/v2\/posts\/242882\/revisions"}],"wp:featuredmedia":[{"embeddable":true,"href":"https:\/\/sherpas.com\/blog\/wp-json\/wp\/v2\/media\/242979"}],"wp:attachment":[{"href":"https:\/\/sherpas.com\/blog\/wp-json\/wp\/v2\/media?parent=242882"}],"wp:term":[{"taxonomy":"category","embeddable":true,"href":"https:\/\/sherpas.com\/blog\/wp-json\/wp\/v2\/category?post=242882"},{"taxonomy":"tag","embeddable":true,"href":"https:\/\/sherpas.com\/blog\/wp-json\/wp\/v2\/tag?post=242882"}],"curies":[{"name":"wp","href":"https:\/\/api.w.org\/{rel}","templated":true}]}}