{"id":228676,"date":"2022-06-01T16:50:07","date_gmt":"2022-06-01T14:50:07","guid":{"rendered":"https:\/\/sherpas.com\/blog\/?p=228676"},"modified":"2025-01-07T12:11:49","modified_gmt":"2025-01-07T11:11:49","slug":"l-esprit-des-lumieres","status":"publish","type":"post","link":"https:\/\/sherpas.com\/blog\/l-esprit-des-lumieres\/","title":{"rendered":"L&rsquo;esprit des Lumi\u00e8res\ud83d\udca1"},"content":{"rendered":"\n<p><strong>La philosophie fran\u00e7aise du XVIIIe si\u00e8cle te rend curieux ?<\/strong> Tu t\u2019int\u00e9resses \u00e0 des sujets comme le droit des Hommes, la foi, la conscience, la nature et la culture ? Tu souhaites savoir quelles sont <strong>les pens\u00e9es qui ont contribu\u00e9 \u00e0 mener le pays <a href=\"https:\/\/sherpas.com\/blog\/dates-revolution-francaise\/\">\u00e0 la R\u00e9volution fran\u00e7aise<\/a><\/strong> ? Dans cet article, <strong>on te pr\u00e9sente cinq philosophes qui ont form\u00e9 ce qu\u2019on appelle l\u2019esprit des Lumi\u00e8res<\/strong> ! C\u2019est parti ! \ud83d\ude80<\/p>\n\n\n<section class=\"read-also\">\n    <p class=\"read-also__title\">\u00c0 lire aussi<\/p>\n            <div class=\"read-also__list\">\n            <p>D\u00e9couvre le si\u00e8cle des Lumi\u00e8res avec notre fiche sur <a href=\"https:\/\/sherpas.com\/blog\/leurope-des-lumieres\/\">l&rsquo;Europe des Lumi\u00e8res au XVIIIe si\u00e8cle<\/a> !<\/p>\n\n        <\/div>\n    <\/section>\n\n\n\n<h2 class=\"wp-block-heading\" id=\"le-contexte-de-lesprit-des-lumieres-en-quelques-points\">Le contexte de l\u2019esprit des Lumi\u00e8res en quelques points \ud83d\udc40<\/h2>\n\n\n\n<p>\ud83d\udccc <strong>D\u00e9veloppement des progr\u00e8s techniques<\/strong><\/p>\n\n\n\n<p>\ud83d\udccc <strong>Augmentation de l\u2019esp\u00e9rance de vie <\/strong>gr\u00e2ce au recul de la guerre, la famine et la peste. Ce ph\u00e9nom\u00e8ne cr\u00e9e un v\u00e9ritable bouleversement d\u00e9mographique.<\/p>\n\n\n\n<p>\ud83d\udccc<strong> Essor de la bourgeoisie&nbsp;<\/strong><\/p>\n\n\n\n<p>\ud83d\udccc<strong> Progr\u00e8s des sciences<\/strong>, en particulier dans ce qui concerne le travail humain&nbsp;<\/p>\n\n\n\n<p>\ud83d\udccc<strong> Augmentation de la production <\/strong>gr\u00e2ce aux progr\u00e8s faits dans l\u2019organisation et la communication<\/p>\n\n\n\n<p>Le but principal des philosophes \u00e0 cette \u00e9poque est de faire en sorte que <strong>la raison r\u00e8gne partout gr\u00e2ce \u00e0 la connaissance.<\/strong><\/p>\n\n\n<section class=\"you-know\">\n                <div class=\"you-know__title\"><\/div>\n                        <div class=\"you-know__text\">\n            <p>\ud83d\udca1 On appelle ce si\u00e8cle celui des Lumi\u00e8res parce que la volont\u00e9 des philosophes et des penseurs de cette \u00e9poque \u00e9tait de <b>combattre l\u2019ignorance et les pr\u00e9jug\u00e9s, qu\u2019ils voyaient comme des t\u00e9n\u00e8bres. <\/b>Leur m\u00e9thode de combat ? <b><b>La diffusion du savoir !<\/b><\/b><\/p>\n\n        <\/div>\n              <\/section>\n\n\n\n<h2 class=\"wp-block-heading\" id=\"focus-sur-lencyclopedie\">Focus sur l\u2019encyclop\u00e9die \ud83d\udd0e<\/h2>\n\n\n\n<p><strong>Qu\u2019est-ce que l\u2019esprit des Lumi\u00e8res sans cet ouvrage majeur, celui qui a boulevers\u00e9 la soci\u00e9t\u00e9 fran\u00e7aise du XVIIIe si\u00e8cle ! <\/strong>Petit r\u00e9cap de son histoire et des points essentiels \u00e0 retenir sur elle !<\/p>\n\n\n\n<h3 class=\"wp-block-heading\" id=\"dabord-cest-quoi-lencyclopedie\">D\u2019abord, c\u2019est quoi l\u2019encyclop\u00e9die ? \ud83d\udcd5<\/h3>\n\n\n\n<p>\ud83d\udccc<strong> Quelle forme ?<\/strong> Cet ouvrage est un regroupement de 28 volumes parus entre 1751 et 1772<\/p>\n\n\n\n<p>\ud83d\udccc <strong>Quel but ?<\/strong> L\u2019objectif \u00e9tait de rassembler les savoirs acquis par l\u2019humanit\u00e9 (rien que \u00e7a) et de rendre ces connaissances accessibles au peuple. Le but vis\u00e9 est l\u2019\u00e9galit\u00e9 entre les \u00eatres humains et la diffusion de la v\u00e9rit\u00e9, notamment.<\/p>\n\n\n\n<p>\ud83d\udccc <strong>Note que Diderot \u00e9tait farouchement contre le christianisme<\/strong>, notamment parce qu\u2019il \u00e9tait mat\u00e9rialiste. Ces deux valeurs se retrouvent dans la conception de l\u2019<em>Encyclop\u00e9die<\/em>, ce qui f\u00e2che la Cour et l\u2019\u00c9glise.&nbsp;<\/p>\n\n\n\n<p>\ud83d\udccc <strong>Qui a particip\u00e9 ?<\/strong> De nombreux scientifiques, penseurs et hommes de lettres ont mis la main \u00e0 la p\u00e2te dans ce projet. Notamment : Rousseau, Voltaire, Buffon, Grimm et Montesquieu.&nbsp;<\/p>\n\n\n\n<h3 class=\"wp-block-heading\" id=\"comment-ca-a-commence\">Comment \u00e7a a commenc\u00e9 ? \ud83e\udd14<\/h3>\n\n\n\n<p>Diderot a l\u2019id\u00e9e du projet, il l\u2019explique dans un prospectus et parvient \u00e0 rallier 2000 souscripteurs \u00e0 sa cause. <strong>Suite \u00e0 ce succ\u00e8s, les soutiens se multiplient pour l\u2019aider dans son aventure.&nbsp;<\/strong><\/p>\n\n\n\n<h3 class=\"wp-block-heading\" id=\"des-difficultes-rencontrees\">Des difficult\u00e9s rencontr\u00e9es ? \ud83d\ude2c<\/h3>\n\n\n\n<p><strong>Le chemin n\u2019a pas \u00e9t\u00e9 parsem\u00e9 de paillettes et de p\u00e2querettes<\/strong> pour Diderot et ses acolytes. Il leur a fallu endurer la p\u00e9nibilit\u00e9 de<strong> relire et corriger tous les articles <\/strong>(d\u00e9j\u00e0 qu\u2019on se t\u00e2te \u00e0 relire notre copie de trois pages \u00e0 la fin d\u2019un examen).<\/p>\n\n\n\n<p><strong>Mais aussi la col\u00e8re et la haine du camp adverse<\/strong>, notamment compos\u00e9 du <strong>parti d\u00e9vot et des J\u00e9suites<\/strong>. Ils ont d\u2019ailleurs r\u00e9ussi \u00e0 leur mettre des b\u00e2tons dans les roues en arrivant \u00e0 faire <strong>interdire la vente, l\u2019achat et la d\u00e9tention des deux premiers volumes <\/strong>publi\u00e9s de l\u2019Encyclop\u00e9die.&nbsp;<\/p>\n\n\n<div class=\"wp-block-image\">\n<figure class=\"aligncenter size-large\"><img decoding=\"async\" src=\"https:\/\/media.giphy.com\/media\/Z890hxb6fSrbG\/giphy.gif\" alt=\"\"\/><\/figure>\n<\/div>\n\n\n<p><strong>La vente a de nouveau \u00e9t\u00e9 interdite en 1759 par le Conseil d\u2019\u00c9tat<\/strong>. Mais en d\u00e9pit de tous ces obstacles,<strong> l\u2019Encyclop\u00e9die est finalement publi\u00e9e et vendue<\/strong>, gr\u00e2ce \u00e0 150 collaborateurs et environ mille ouvriers.<\/p>\n\n\n<section class=\"push \">\n        <div >\n            \n                                                <div class=\"push__container  qcd\" data-target=\"_self\" data-qcd=\"aHR0cHM6Ly9zaGVycGFzLmNvbS9mdW5uZWwtc3R1ZGVudC1xdWFsaWZpY2F0aW9u\" data-banner=\"2\" data-name=\"CPM1 Philosophie\" style=\"background-color: #F3FBF7\" >\n                                                                        <div class=\"push__teachers\">\n    <div class=\"d-flex justify-content-center d-md-none\">\n        <img decoding=\"async\" class=\"push__logo\" src=\"\/content\/themes\/sherpas-theme\/dist\/images\/logo.svg\" alt=\"Logo Sherpas\">\n    <\/div>\n    <div class=\"swiper\">\n        <div class=\"swiper-wrapper\">\n                                            <div class=\"swiper-slide\">\n                    <div class=\"push__teachers-card\">\n                        <div\n                            class=\"push__teachers-profil\"\n                            \n                            style=\"background-image: url(https:\/\/sherpas.com\/content\/uploads\/2022\/01\/Agathe2x.png);\"\n                        >\n                    <\/div>\n                         <p class=\"push__teachers-name\">Agathe<\/p>                          <p class=\"push__teachers-school\">ENS Lyon<\/p>                                                     <div class=\"push__teachers-note\">\n                                                                    <svg  class=\"active\" >\n                                        <use\n                                            xlink:href=\"\/content\/themes\/sherpas-theme\/dist\/images\/sprite.svg#star\"\/>\n                                    <\/svg>\n                                                                    <svg  class=\"active\" >\n                                        <use\n                                            xlink:href=\"\/content\/themes\/sherpas-theme\/dist\/images\/sprite.svg#star\"\/>\n                                    <\/svg>\n                                                                    <svg  class=\"active\" >\n                                        <use\n                                            xlink:href=\"\/content\/themes\/sherpas-theme\/dist\/images\/sprite.svg#star\"\/>\n                                    <\/svg>\n                                                                    <svg  class=\"active\" >\n                                        <use\n                                            xlink:href=\"\/content\/themes\/sherpas-theme\/dist\/images\/sprite.svg#star\"\/>\n                                    <\/svg>\n                                                                    <svg  class=\"active\" >\n                                        <use\n                                            xlink:href=\"\/content\/themes\/sherpas-theme\/dist\/images\/sprite.svg#star\"\/>\n                                    <\/svg>\n                                                            <\/div>\n                                                 <p class=\"push__teachers-price\">19\u20ac\/h<\/p>                     <\/div>\n                <\/div>\n                                            <div class=\"swiper-slide\">\n                    <div class=\"push__teachers-card\">\n                        <div\n                            class=\"push__teachers-profil\"\n                            \n                            style=\"background-image: url(https:\/\/sherpas.com\/content\/uploads\/2022\/01\/Antoine2x.png);\"\n                        >\n                    <\/div>\n                         <p class=\"push__teachers-name\">Antoine<\/p>                          <p class=\"push__teachers-school\">Sciences Po Paris<\/p>                                                     <div class=\"push__teachers-note\">\n                                                                    <svg  class=\"active\" >\n                                        <use\n                                            xlink:href=\"\/content\/themes\/sherpas-theme\/dist\/images\/sprite.svg#star\"\/>\n                                    <\/svg>\n                                                                    <svg  class=\"active\" >\n                                        <use\n                                            xlink:href=\"\/content\/themes\/sherpas-theme\/dist\/images\/sprite.svg#star\"\/>\n                                    <\/svg>\n                                                                    <svg  class=\"active\" >\n                                        <use\n                                            xlink:href=\"\/content\/themes\/sherpas-theme\/dist\/images\/sprite.svg#star\"\/>\n                                    <\/svg>\n                                                                    <svg  class=\"active\" >\n                                        <use\n                                            xlink:href=\"\/content\/themes\/sherpas-theme\/dist\/images\/sprite.svg#star\"\/>\n                                    <\/svg>\n                                                                    <svg  class=\"active\" >\n                                        <use\n                                            xlink:href=\"\/content\/themes\/sherpas-theme\/dist\/images\/sprite.svg#star\"\/>\n                                    <\/svg>\n                                                            <\/div>\n                                                 <p class=\"push__teachers-price\">18\u20ac\/h\/h<\/p>                     <\/div>\n                <\/div>\n                                            <div class=\"swiper-slide\">\n                    <div class=\"push__teachers-card\">\n                        <div\n                            class=\"push__teachers-profil\"\n                            \n                            style=\"background-image: url(https:\/\/sherpas.com\/content\/uploads\/2022\/01\/Cle\u0301mence2x.png);\"\n                        >\n                    <\/div>\n                         <p class=\"push__teachers-name\">Cl\u00e9mence<\/p>                          <p class=\"push__teachers-school\">HEC Paris<\/p>                                                     <div class=\"push__teachers-note\">\n                                                                    <svg  class=\"active\" >\n                                        <use\n                                            xlink:href=\"\/content\/themes\/sherpas-theme\/dist\/images\/sprite.svg#star\"\/>\n                                    <\/svg>\n                                                                    <svg  class=\"active\" >\n                                        <use\n                                            xlink:href=\"\/content\/themes\/sherpas-theme\/dist\/images\/sprite.svg#star\"\/>\n                                    <\/svg>\n                                                                    <svg  class=\"active\" >\n                                        <use\n                                            xlink:href=\"\/content\/themes\/sherpas-theme\/dist\/images\/sprite.svg#star\"\/>\n                                    <\/svg>\n                                                                    <svg  class=\"active\" >\n                                        <use\n                                            xlink:href=\"\/content\/themes\/sherpas-theme\/dist\/images\/sprite.svg#star\"\/>\n                                    <\/svg>\n                                                                    <svg  class=\"active\" >\n                                        <use\n                                            xlink:href=\"\/content\/themes\/sherpas-theme\/dist\/images\/sprite.svg#star\"\/>\n                                    <\/svg>\n                                                            <\/div>\n                                                 <p class=\"push__teachers-price\">21\u20ac\/h\/h<\/p>                     <\/div>\n                <\/div>\n                                            <div class=\"swiper-slide\">\n                    <div class=\"push__teachers-card\">\n                        <div\n                            class=\"push__teachers-profil\"\n                            \n                            style=\"background-image: url(https:\/\/sherpas.com\/content\/uploads\/2022\/01\/Emilie2x.jpg);\"\n                        >\n                    <\/div>\n                         <p class=\"push__teachers-name\">Emilie<\/p>                          <p class=\"push__teachers-school\">Sciences Po Lyon<\/p>                                                     <div class=\"push__teachers-note\">\n                                                                    <svg  class=\"active\" >\n                                        <use\n                                            xlink:href=\"\/content\/themes\/sherpas-theme\/dist\/images\/sprite.svg#star\"\/>\n                                    <\/svg>\n                                                                    <svg  class=\"active\" >\n                                        <use\n                                            xlink:href=\"\/content\/themes\/sherpas-theme\/dist\/images\/sprite.svg#star\"\/>\n                                    <\/svg>\n                                                                    <svg  class=\"active\" >\n                                        <use\n                                            xlink:href=\"\/content\/themes\/sherpas-theme\/dist\/images\/sprite.svg#star\"\/>\n                                    <\/svg>\n                                                                    <svg  class=\"active\" >\n                                        <use\n                                            xlink:href=\"\/content\/themes\/sherpas-theme\/dist\/images\/sprite.svg#star\"\/>\n                                    <\/svg>\n                                                                    <svg  class=\"active\" >\n                                        <use\n                                            xlink:href=\"\/content\/themes\/sherpas-theme\/dist\/images\/sprite.svg#star\"\/>\n                                    <\/svg>\n                                                            <\/div>\n                                                 <p class=\"push__teachers-price\">19\u20ac\/h<\/p>                     <\/div>\n                <\/div>\n                                            <div class=\"swiper-slide\">\n                    <div class=\"push__teachers-card\">\n                        <div\n                            class=\"push__teachers-profil\"\n                            \n                            style=\"background-image: url(https:\/\/sherpas.com\/content\/uploads\/2022\/01\/Pierre2x.png);\"\n                        >\n                    <\/div>\n                         <p class=\"push__teachers-name\">Pierre<\/p>                          <p class=\"push__teachers-school\">ESSEC<\/p>                                                     <div class=\"push__teachers-note\">\n                                                                    <svg  class=\"active\" >\n                                        <use\n                                            xlink:href=\"\/content\/themes\/sherpas-theme\/dist\/images\/sprite.svg#star\"\/>\n                                    <\/svg>\n                                                                    <svg  class=\"active\" >\n                                        <use\n                                            xlink:href=\"\/content\/themes\/sherpas-theme\/dist\/images\/sprite.svg#star\"\/>\n                                    <\/svg>\n                                                                    <svg  class=\"active\" >\n                                        <use\n                                            xlink:href=\"\/content\/themes\/sherpas-theme\/dist\/images\/sprite.svg#star\"\/>\n                                    <\/svg>\n                                                                    <svg  class=\"active\" >\n                                        <use\n                                            xlink:href=\"\/content\/themes\/sherpas-theme\/dist\/images\/sprite.svg#star\"\/>\n                                    <\/svg>\n                                                                    <svg  class=\"active\" >\n                                        <use\n                                            xlink:href=\"\/content\/themes\/sherpas-theme\/dist\/images\/sprite.svg#star\"\/>\n                                    <\/svg>\n                                                            <\/div>\n                                                 <p class=\"push__teachers-price\">16\u20ac\/h<\/p>                     <\/div>\n                <\/div>\n                                            <div class=\"swiper-slide\">\n                    <div class=\"push__teachers-card\">\n                        <div\n                            class=\"push__teachers-profil\"\n                            \n                            style=\"background-image: url(https:\/\/sherpas.com\/content\/uploads\/2022\/01\/Margot2x.png);\"\n                        >\n                    <\/div>\n                         <p class=\"push__teachers-name\">Margot<\/p>                          <p class=\"push__teachers-school\">Arts et M\u00e9tiers ParisTech<\/p>                                                     <div class=\"push__teachers-note\">\n                                                                    <svg  class=\"active\" >\n                                        <use\n                                            xlink:href=\"\/content\/themes\/sherpas-theme\/dist\/images\/sprite.svg#star\"\/>\n                                    <\/svg>\n                                                                    <svg  class=\"active\" >\n                                        <use\n                                            xlink:href=\"\/content\/themes\/sherpas-theme\/dist\/images\/sprite.svg#star\"\/>\n                                    <\/svg>\n                                                                    <svg  class=\"active\" >\n                                        <use\n                                            xlink:href=\"\/content\/themes\/sherpas-theme\/dist\/images\/sprite.svg#star\"\/>\n                                    <\/svg>\n                                                                    <svg  class=\"active\" >\n                                        <use\n                                            xlink:href=\"\/content\/themes\/sherpas-theme\/dist\/images\/sprite.svg#star\"\/>\n                                    <\/svg>\n                                                                    <svg  class=\"active\" >\n                                        <use\n                                            xlink:href=\"\/content\/themes\/sherpas-theme\/dist\/images\/sprite.svg#star\"\/>\n                                    <\/svg>\n                                                            <\/div>\n                                                 <p class=\"push__teachers-price\">22\u20ac\/h\/h<\/p>                     <\/div>\n                <\/div>\n                                            <div class=\"swiper-slide\">\n                    <div class=\"push__teachers-card\">\n                        <div\n                            class=\"push__teachers-profil\"\n                            \n                            style=\"background-image: url(https:\/\/sherpas.com\/content\/uploads\/2022\/01\/Sophie2x.png);\"\n                        >\n                    <\/div>\n                         <p class=\"push__teachers-name\">Sophie<\/p>                          <p class=\"push__teachers-school\">Sciences Po Bordeaux<\/p>                                                     <div class=\"push__teachers-note\">\n                                                                    <svg  class=\"active\" >\n                                        <use\n                                            xlink:href=\"\/content\/themes\/sherpas-theme\/dist\/images\/sprite.svg#star\"\/>\n                                    <\/svg>\n                                                                    <svg  class=\"active\" >\n                                        <use\n                                            xlink:href=\"\/content\/themes\/sherpas-theme\/dist\/images\/sprite.svg#star\"\/>\n                                    <\/svg>\n                                                                    <svg  class=\"active\" >\n                                        <use\n                                            xlink:href=\"\/content\/themes\/sherpas-theme\/dist\/images\/sprite.svg#star\"\/>\n                                    <\/svg>\n                                                                    <svg  class=\"active\" >\n                                        <use\n                                            xlink:href=\"\/content\/themes\/sherpas-theme\/dist\/images\/sprite.svg#star\"\/>\n                                    <\/svg>\n                                                                    <svg >\n                                        <use\n                                            xlink:href=\"\/content\/themes\/sherpas-theme\/dist\/images\/sprite.svg#star\"\/>\n                                    <\/svg>\n                                                            <\/div>\n                                                 <p class=\"push__teachers-price\">12\u20ac\/h<\/p>                     <\/div>\n                <\/div>\n                                            <div class=\"swiper-slide\">\n                    <div class=\"push__teachers-card\">\n                        <div\n                            class=\"push__teachers-profil\"\n                            \n                            style=\"background-image: url(https:\/\/sherpas.com\/content\/uploads\/2022\/01\/Victor2x.jpg);\"\n                        >\n                    <\/div>\n                         <p class=\"push__teachers-name\">Victor<\/p>                          <p class=\"push__teachers-school\">ESCP<\/p>                                                     <div class=\"push__teachers-note\">\n                                                                    <svg  class=\"active\" >\n                                        <use\n                                            xlink:href=\"\/content\/themes\/sherpas-theme\/dist\/images\/sprite.svg#star\"\/>\n                                    <\/svg>\n                                                                    <svg  class=\"active\" >\n                                        <use\n                                            xlink:href=\"\/content\/themes\/sherpas-theme\/dist\/images\/sprite.svg#star\"\/>\n                                    <\/svg>\n                                                                    <svg  class=\"active\" >\n                                        <use\n                                            xlink:href=\"\/content\/themes\/sherpas-theme\/dist\/images\/sprite.svg#star\"\/>\n                                    <\/svg>\n                                                                    <svg  class=\"active\" >\n                                        <use\n                                            xlink:href=\"\/content\/themes\/sherpas-theme\/dist\/images\/sprite.svg#star\"\/>\n                                    <\/svg>\n                                                                    <svg  class=\"active\" >\n                                        <use\n                                            xlink:href=\"\/content\/themes\/sherpas-theme\/dist\/images\/sprite.svg#star\"\/>\n                                    <\/svg>\n                                                            <\/div>\n                                                 <p class=\"push__teachers-price\">25\u20ac\/h<\/p>                     <\/div>\n                <\/div>\n                    <\/div>\n    <\/div>\n<\/div>\n                                                    <div class=\"push__content\">\n                                                            <div  class=\"d-none d-md-block\" >\n                                    <img decoding=\"async\" class=\"push__logo\" src=\"\/content\/themes\/sherpas-theme\/dist\/images\/logo.svg\"\n                                        alt=\"Logo Sherpas\">\n                                <\/div>\n                                                                                        <div class=\"push__title\"><p>Besoin d&rsquo;un <span style=\"color: #4cc583;\">prof particulier<\/span> de philosophie ? <span role=\"image\" aria-label=\"\u2728\">\u2728<\/span><\/p>\n<\/div>\n                                                                                        <div class=\"push__text\"><p>Nos Sherpas sont l\u00e0 pour t&rsquo;aider \u00e0 progresser et prendre confiance en toi !<\/p>\n<\/div>\n                                                        <div class=\"push__promo-button   \">\n                                                                                                    <div\n                                        class=\"btn btn-primary\"\n                                        style=\"color: ; border-color: ; background-color: \"\n\n                                    >\n                                        JE PRENDS UN COURS OFFERT !\n                                    <\/div>\n                                                            <\/div>\n                                                    <\/div>\n                                    <\/div>\n                                    <\/div>\n    <\/section>\n\n\n\n<h2 class=\"wp-block-heading\" id=\"les-cinq-philosophes-francais-principaux-de-lesprit-des-lumieres\">Les cinq philosophes fran\u00e7ais principaux de l\u2019esprit des Lumi\u00e8res \ud83d\udca1<\/h2>\n\n\n\n<p><strong>De nombreux philosophes ont v\u00e9cu et marqu\u00e9 le Si\u00e8cle des Lumi\u00e8res. <\/strong>Des hommes qui se sont battus pour l\u2019\u00e9galit\u00e9, pour faire valoir la v\u00e9rit\u00e9 aux yeux de tous. Dans cette partie, <strong>on t\u2019en pr\u00e9sente cinq parmi les principaux !<\/strong><\/p>\n\n\n\n<h3 class=\"wp-block-heading\" id=\"montesquieu\">Montesquieu<\/h3>\n\n\n\n<div class=\"wp-block-columns is-layout-flex wp-container-core-columns-is-layout-9d6595d7 wp-block-columns-is-layout-flex\">\n<div class=\"wp-block-column is-layout-flow wp-block-column-is-layout-flow\">\n<p>\ud83d\udc76<strong> Nom de naissance<\/strong> : Charles Louis de Secondat&nbsp;<\/p>\n\n\n\n<p>\u23f3 <strong>Dates de vie<\/strong> : 1689 &#8211; 1755<\/p>\n\n\n\n<p><strong>\ud83c\udfa9 Titre de noblesse<\/strong> : Baron<\/p>\n\n\n\n<p><strong>\ud83d\udcbc Activit\u00e9s<\/strong> : Auteur et philosophe&nbsp;<\/p>\n\n\n\n<p><strong>\ud83e\udde0 Mouvement <\/strong>&nbsp;: Lumi\u00e8res, lib\u00e9ralisme&nbsp;<\/p>\n\n\n\n<p><strong>\u270d\ufe0f Genre artistique<\/strong> : Roman \u00e9pistolaires, essais<\/p>\n\n\n\n<p><strong>\ud83d\ude4f Religion<\/strong> : Catholicisme<\/p>\n<\/div>\n\n\n\n<div class=\"wp-block-column is-layout-flow wp-block-column-is-layout-flow\">\n<figure class=\"wp-block-image size-large\"><img decoding=\"async\" src=\"https:\/\/sherpas.com\/blog\/content\/uploads\/2022\/06\/Montesquieu_1-833x1024.png\" alt=\"\" class=\"wp-image-228738\"\/><\/figure>\n<\/div>\n<\/div>\n\n\n\n<h4 class=\"wp-block-heading\" id=\"pour-la-petite-histoire\">Pour la petite histoire \ud83e\uddd0<\/h4>\n\n\n\n<p>Si ses pens\u00e9es vont avant tout vers la politique, <strong>Montesquieu est un personnage passionn\u00e9 par les sciences<\/strong> (anatomie, botanique, exp\u00e9rience scientifique), y compris les sciences humaines telles que l\u2019histoire.&nbsp;<\/p>\n\n\n\n<p><strong>Il voyage en Europe (Autriche, Hongrie, Italie, Allemagne\u2026)<\/strong>, et notamment en Angleterre, o\u00f9 il a l\u2019occasion d\u2019observer la monarchie constitutionnelle et parlementaire, ce qui nourrit ses pens\u00e9es \u00e0 propos des r\u00e9gimes politiques et du droit.<br><\/p>\n\n\n\n<p><strong>Il s\u2019int\u00e9resse plus tard \u00e0 la litt\u00e9rature<\/strong>. Ces voyages vont nourrir ses \u00e9crits, comme <em>Les lettres persanes <\/em>qui paraissent&nbsp; en 1721. <strong>Un livre \u00e9crit sous le format \u00e9pistolaire et qui traite de voyages<\/strong>, de foi religieuse et de la soci\u00e9t\u00e9 occidentale et son caract\u00e8re grotesque, notamment.<\/p>\n\n\n<section class=\"read-also\">\n    <p class=\"read-also__title\">\u00c0 lire aussi<\/p>\n            <div class=\"read-also__list\">\n            <p>Tu t&rsquo;int\u00e9resses aux <a href=\"https:\/\/sherpas.com\/blog\/les-lettres-persanes-analyse\/\" target=\"_blank\" rel=\"noopener\">Lettres persanes<\/a> de Montesquieu ? Notre fiche de lecture \u00e0 ce sujet va te plaire !<\/p>\n\n        <\/div>\n    <\/section>\n\n\n<section class=\"you-know\">\n                <div class=\"you-know__title\"><p>\ud83d\udca1 Le savais-tu ?<\/p>\n<\/div>\n                        <div class=\"you-know__text\">\n            <p>Montesquieu est devenu <strong>membre des Francs-ma\u00e7ons<\/strong> au cours d\u2019un voyage en Angleterre !<\/p>\n\n        <\/div>\n              <\/section>\n\n\n\n<p>Il a eu une existence tr\u00e8s riche qui s\u2019est achev\u00e9e par une <strong>terrible \u201cfi\u00e8vre chaude\u201d<\/strong> en 1755.&nbsp;<\/p>\n\n\n\n<h4 class=\"wp-block-heading\" id=\"ses-pensees-principales\">Ses pens\u00e9es principales<\/h4>\n\n\n\n<p>Il est le pr\u00e9curseur de la sociologie, mais \u00e9galement un passionn\u00e9 de sciences. Parmi les th\u00e8mes qu\u2019il traite dans ses r\u00e9flexions, tu pourras retrouver :<\/p>\n\n\n\n<p>\ud83d\udccc <strong>L\u2019esclavage<\/strong>, dans <em>L\u2019Esprit des lois<\/em>. Il est l\u2019un des premiers philosophes anti-esclavagistes.<\/p>\n\n\n\n<p>\ud83d\udccc <strong>La s\u00e9paration des pouvoirs et les r\u00e9gimes politiques<\/strong>. Notamment la monarchie, la r\u00e9publique, la d\u00e9mocratie et l\u2019aristocratie. Il traite par extension le despotisme. Note que ce sont ses pens\u00e9es qui sont \u00e0 l\u2019origine de la d\u00e9mocratie que tu connais aujourd\u2019hui.<\/p>\n\n\n\n<p><strong>Une citation expliqu\u00e9e bri\u00e8vement \ud83d\udcac<\/strong><\/p>\n\n\n<section class=\"citation\">\n        <q class=\"citation__text\"><p>Pour qu\u2019on ne puisse <span style=\"color: #ff0000\">abuser du pouvoir<\/span>, il faut que, par la <span style=\"color: #ff0000\">disposition<\/span> des choses, le pouvoir <span style=\"color: #ff0000\">arr\u00eate le pouvoir<\/span><\/p>\n<\/q>\n\n                    <div class=\"citation__infos \">\n                                    <p class=\"citation__infos-name\"><\/p>\n                                                    <p class=\"citation__infos-job\"><\/p>\n                            <\/div>\n            <\/section>\n\n\n\n<p>\ud83d\udc49  Selon Montesquieu, <strong>le pouvoir corrompt l\u2019Homme quand il en dispose trop<\/strong> et surtout quand il les concentre. Cela le conduit \u00e0 des abus. <strong>Il pr\u00f4ne donc la division du pouvoir<\/strong> pour \u00e9viter toute situation de totalitarisme et d\u2019absolutisme. Remarque que la s\u00e9paration des pouvoirs est l\u2019un des \u00e9l\u00e9ments fondateurs principaux de la d\u00e9mocratie actuelle.<\/p>\n\n\n\n<h4 class=\"wp-block-heading\" id=\"un-de-ses-livres-marquants-en-quelques-points\">Un de ses livres marquants en quelques points \ud83d\udcda<\/h4>\n\n\n\n<p><em>L\u2019Esprit des lois&nbsp;<\/em><\/p>\n\n\n\n<p>\u270f\ufe0f Ce trait\u00e9 de th\u00e9orie politique demande \u00e0 l\u2019auteur <strong>14 ans de son existence<\/strong>! Et le succ\u00e8s est au rendez-vous : \u00e0 sa publication, <strong>l&rsquo;\u0153uvre soul\u00e8ve de vives r\u00e9actions <\/strong>parmi les membres de la soci\u00e9t\u00e9, autant bonnes que mauvaises.<\/p>\n\n\n\n<p>\u270f\ufe0f C\u2019est dans ce livre que <strong>Montesquieu traite des diff\u00e9rentes institutions politiques<\/strong>. Il \u00e9tudie ce sujet sous l\u2019angle du droit notamment en prenant en compte les lois.<\/p>\n\n\n\n<p>\u270f\ufe0f Ses id\u00e9es \u00e0 propos de la monarchie sont <strong>reprises lors de la R\u00e9volution fran\u00e7aise<\/strong>.<\/p>\n\n\n\n<h3 class=\"wp-block-heading\" id=\"voltaire\">Voltaire<\/h3>\n\n\n\n<div class=\"wp-block-columns is-layout-flex wp-container-core-columns-is-layout-9d6595d7 wp-block-columns-is-layout-flex\">\n<div class=\"wp-block-column is-layout-flow wp-block-column-is-layout-flow\">\n<p>\ud83d\udc76<strong> Nom de naissance<\/strong>&nbsp; : Fran\u00e7ois-Marie Arouet<\/p>\n\n\n\n<p>\u23f3 <strong>Dates de vie<\/strong> : 1694 &#8211; 1778<\/p>\n\n\n\n<p><strong>\ud83d\udcbc Activit\u00e9s<\/strong> : Auteur, philosophe, homme d\u2019affaires, encyclop\u00e9diste, historien&nbsp;<\/p>\n\n\n\n<p><strong>\ud83e\udde0 Mouvement <\/strong>: Lumi\u00e8res<\/p>\n\n\n\n<p><strong>\u270d\ufe0f Genre artistique<\/strong> : Po\u00e9sies, th\u00e9\u00e2tre, histoire, pamphlets, contes philosophiques<\/p>\n\n\n\n<p><strong>\ud83d\ude4f Religion<\/strong> : Aucune<\/p>\n<\/div>\n\n\n\n<div class=\"wp-block-column is-layout-flow wp-block-column-is-layout-flow\">\n<figure class=\"wp-block-image size-full\"><img decoding=\"async\" width=\"463\" height=\"574\" src=\"https:\/\/sherpas.com\/blog\/content\/uploads\/2022\/06\/Nicolas_de_Largillie\u0300re_Franc\u0327ois-Marie_Arouet_dit_Voltaire_vers_1724-1725_-002-transparent.png\" alt=\"\" class=\"wp-image-228739\"\/><\/figure>\n<\/div>\n<\/div>\n\n\n\n<h4 class=\"wp-block-heading\" id=\"pour-la-petite-histoire\">Pour la petite histoire&nbsp;\ud83e\uddd0<\/h4>\n\n\n\n<p><strong>Qu\u2019est-ce que l\u2019esprit des Lumi\u00e8res sans Voltaire ? Il est l\u2019une des figures de la philosophie qui ont le plus marqu\u00e9 cette \u00e9poque.<\/strong> Il est tr\u00e8s actif sur tous les fronts : aupr\u00e8s du roi, aupr\u00e8s de ceux qui subissent des injustices, en tant que po\u00e8te, dramaturge, essayiste\u2026<\/p>\n\n\n\n<p>Durant toute son existence, <strong>il est tr\u00e8s proche des monarques et il d\u00e9teste ouvertement les classes populaires<\/strong>. Mais en m\u00eame temps, il s\u2019oppose au pouvoir royal, ce qui le conduira \u00e0 \u00eatre emprisonn\u00e9 \u00e0 la Bastille puis \u00e0 s\u2019exiler en Angleterre avant de revenir en France en 1778.&nbsp;<\/p>\n\n\n\n<p>Malgr\u00e9 tout,<strong> il est un homme de son temps, avec les d\u00e9fauts que \u00e7a comprend<\/strong> (misogynie, homophobie\u2026). La lumi\u00e8re n\u2019\u00e9tait pas encore pr\u00e9sente \u00e0 tous les \u00e9tage, oups \ud83d\ude2c<\/p>\n\n\n\n<h4 class=\"wp-block-heading\" id=\"ses-pensees-principales\">Ses pens\u00e9es principales<\/h4>\n\n\n\n<p>Tout au long de son existence,<strong> il int\u00e8gre des sujets vari\u00e9s dans ses r\u00e9flexions<\/strong>. Notamment les sciences, les arts, la philosophie et la politique.<\/p>\n\n\n\n<p>\ud83d\udccc Dans son<em> Trait\u00e9 sur la tol\u00e9rance<\/em>,<strong> il incite les diff\u00e9rentes religions \u00e0 favoriser une entente commune<\/strong>, qui \u00e9carterait le fanatisme religieux et les superstitions.&nbsp;<\/p>\n\n\n\n<p>\ud83d\udccc <strong>Dans ses correspondances, notamment dans ses <em>Lettres philosophiques<\/em><\/strong>, il parle des r\u00e9flexions et observations qu\u2019il fait. Par exemple \u00e0 propos des arts en Angleterre o\u00f9 <strong>il trouve que les artistes sont bien mieux trait\u00e9s qu\u2019en France<\/strong>.<\/p>\n\n\n\n<h4 class=\"wp-block-heading\" id=\"une-citation-expliquee-brievement\">Une citation expliqu\u00e9e bri\u00e8vement \ud83d\udcac<\/h4>\n\n\n<section class=\"citation\">\n        <q class=\"citation__text\"><p>Si <span style=\"color: #ff0000\">Dieu<\/span> n\u2019existait <span style=\"color: #ff0000\">pas<\/span>, il faudrait <span style=\"color: #ff0000\">l\u2019inventer<\/span><\/p>\n<\/q>\n\n                    <div class=\"citation__infos \">\n                                    <p class=\"citation__infos-name\"><\/p>\n                                                    <p class=\"citation__infos-job\"><\/p>\n                            <\/div>\n            <\/section>\n\n\n\n<p>\ud83d\udc49  Il observe qu\u2019<strong>il est important que Dieu reste inaccessible \u00e0 la raison humaine et aux sens<\/strong>. Si les fid\u00e8les avaient une d\u00e9monstration qui assurerait \u00e0 tout le monde que Dieu existe bel et bien, le fait de croire perdrait tout son sens.&nbsp;<br>\ud83d\udc49  Selon le philosophe, <strong>Dieu est n\u00e9cessaire aux Hommes, qu\u2019il existe ou non<\/strong>. Mais note qu\u2019il ajoute que cette croyance doit se faire sans dogmes, sans textes sacr\u00e9s et sans superstitions, qui pour lui entra\u00eenent des violences et de l\u2019intol\u00e9rance.<\/p>\n\n\n<section class=\"you-know\">\n                <div class=\"you-know__title\"><p>\ud83d\udca1 Le savais-tu ?<\/p>\n<\/div>\n                        <div class=\"you-know__text\">\n            <p>On attribue syst\u00e9matiquement \u00e0 Voltaire la phrase \u201cJe ne suis pas d\u2019accord avec ce que vous dites, mais je me battrai jusqu\u2019\u00e0 la mort pour que vous ayez le droit de le dire\u201d. <\/span><b>Il ne l\u2019a en r\u00e9alit\u00e9 jamais prononc\u00e9e !<\/b><\/p>\n<p>&nbsp;<\/p>\n<p>L\u2019erreur viendrait d\u2019une lettre qu\u2019il a adress\u00e9e \u00e0 l\u2019abb\u00e9 Le Riche en 1770 et dans laquelle il \u00e9crit : \u201cMonsieur l\u2019abb\u00e9, je d\u00e9teste ce que vous \u00e9crivez, mais je donnerai ma vie pour que vous puissiez continuer \u00e0 \u00e9crire\u201d. <\/span><b>On est loin de l\u2019id\u00e9e que v\u00e9hicule la citation !<\/b><\/p>\n\n        <\/div>\n              <\/section>\n\n\n\n<h4 class=\"wp-block-heading\" id=\"un-de-ses-livres-marquants-en-quelques-points\">Un de ses livres marquants en quelques points \ud83d\udcda<\/h4>\n\n\n\n<p>Il \u00e9crit \u00e0 la fois des textes philosophiques et des textes litt\u00e9raires.&nbsp;<\/p>\n\n\n\n<p>\u270f\ufe0f<strong> Voltaire est notamment c\u00e9l\u00e8bre pour avoir \u00e9crit des contes philosophiques.<\/strong> Dans <em><a href=\"https:\/\/sherpas.com\/blog\/candide-voltaire-resume\/\">Candide<\/a><\/em>, l\u2019un de ses contes les plus c\u00e9l\u00e8bres, il traite des m\u0153urs qui habitent la soci\u00e9t\u00e9 de son \u00e9poque.&nbsp;<\/p>\n\n\n<section class=\"you-know\">\n                <div class=\"you-know__title\"><p>\ud83d\udca1 C\u2019est quoi un conte philosophique ?<\/p>\n<\/div>\n                        <div class=\"you-know__text\">\n            <p>C\u2019est une forme d\u2019\u00e9crit, apparu au XVIIIe si\u00e8cle, \u00e0 travers lequel <b>un auteur critique certains aspects de sa soci\u00e9t\u00e9, tout en d\u00e9guisant sa critique sous l\u2019apparence d\u2019une fiction<\/b><\/p>\n\n        <\/div>\n              <\/section>\n\n\n\n<p>\u270f\ufe0f Note aussi qu\u2019en 1764, <strong>il voit son <em>Dictionnaire philosophique<\/em> publi\u00e9<\/strong>. Un projet dont il a l\u2019id\u00e9e avant de participer \u00e0 la cr\u00e9ation de l\u2019<em>Encyclop\u00e9die<\/em> et qui doit regrouper ses r\u00e9flexions morales, politiques, religieuses et philosophiques.<\/p>\n\n\n<section class=\"relance\">\n        <div >\n                            <a target=\"_blank\" href=\"https:\/\/sherpas.com\/cours\/philosophie\/online\">\n                    <div class=\"relance__container\"\n                        >\n                        \n                                                        <picture>\n                            <source srcset=\"https:\/\/sherpas.com\/content\/uploads\/2021\/12\/Logo-Sherpas.png\" media=\"(min-width: 999px)\">\n                            <source srcset=\"https:\/\/sherpas.com\/content\/uploads\/2021\/12\/Logo-Sherpas.png\" media=\"(max-width: 999px)\">\n                                <img decoding=\"async\"\n                                    src=\"https:\/\/sherpas.com\/content\/uploads\/2021\/12\/Logo-Sherpas.png\"\n                                    alt=\"\"\n                                >\n                            <\/picture>\n                                                <div class=\"relance__content\">\n                            \n                                <div class=\"relance__title\"> <p>Si tu veux renforcer tes connaissances en philo, check nos cours particuliers en ligne !<\/p>\n<\/div>\n                                                        <button type=\"button\"\n                                    class=\"relance__button btn btn-white\">\n                                CLIQUE ICI\n                            <\/button>\n                        <\/div>\n                    <\/div>\n                <\/a>\n                    <\/div>\n    <\/section>\n\n    \n\n\n<h3 class=\"wp-block-heading\" id=\"rousseau\">Rousseau<\/h3>\n\n\n\n<div class=\"wp-block-columns is-layout-flex wp-container-core-columns-is-layout-9d6595d7 wp-block-columns-is-layout-flex\">\n<div class=\"wp-block-column is-layout-flow wp-block-column-is-layout-flow\">\n<p>\ud83d\udc76<strong> Nom de naissance<\/strong> : Jean-Jacques Rousseau&nbsp;<\/p>\n\n\n\n<p>\u23f3 <strong>Dates de vie<\/strong> : 1712 &#8211; 1778<\/p>\n\n\n\n<p><strong>\ud83d\udcbc Activit\u00e9s<\/strong> : Auteur, philosophe, musicien, botaniste, encyclop\u00e9diste\u2026<\/p>\n\n\n\n<p><strong>\ud83e\udde0 Mouvement <\/strong>: Lumi\u00e8res, lib\u00e9ralisme&nbsp;<\/p>\n\n\n\n<p><strong>\u270d\ufe0f Genre artistique <\/strong>: Roman \u00e9pistolaires, essais<\/p>\n\n\n\n<p><strong>\ud83d\ude4f Religion<\/strong> : Protestantisme, catholicisme<\/p>\n<\/div>\n\n\n\n<div class=\"wp-block-column is-layout-flow wp-block-column-is-layout-flow\">\n<figure class=\"wp-block-image size-large\"><img decoding=\"async\" src=\"https:\/\/sherpas.com\/blog\/content\/uploads\/2022\/06\/Jean-Jacques_Rousseau_painted_portrait-735x1024.jpg\" alt=\"\" class=\"wp-image-228744\"\/><\/figure>\n<\/div>\n<\/div>\n\n\n\n<h4 class=\"wp-block-heading\" id=\"pour-la-petite-histoire\">Pour la petite histoire \ud83e\uddd0<\/h4>\n\n\n\n<p>Rousseau est<strong> marqu\u00e9 tr\u00e8s t\u00f4t par la mort de sa m\u00e8re<\/strong>.&nbsp;<\/p>\n\n\n\n<p>Sa philosophie \u00e0 propos des enjeux politiques, qu\u2019il expose dans son <em>Contrat social <\/em>(1762), a un <strong>fort impact durant la R\u00e9volution<\/strong>. Il marque aussi le mouvement r\u00e9publicain fran\u00e7ais.<\/p>\n\n\n\n<p>Note aussi qu\u2019il avait beau faire partie du si\u00e8cle des Lumi\u00e8res, il n\u2019en perdait pas pourtant son <strong>sens critique \u00e0 propos des pens\u00e9es expos\u00e9es par ses cong\u00e9n\u00e8res<\/strong>.<\/p>\n\n\n<section class=\"you-know\">\n                <div class=\"you-know__title\"><p>\ud83d\udca1 Le savais-tu ?<\/p>\n<\/div>\n                        <div class=\"you-know__text\">\n            <p>Depuis 1794, Rousseau se trouve au <strong>Panth\u00e9on de Paris<\/strong>.<\/p>\n\n        <\/div>\n              <\/section>\n\n\n\n<h4 class=\"wp-block-heading\" id=\"ses-idees-principales\">Ses id\u00e9es principales \ud83d\udd0e<\/h4>\n\n\n\n<p>\ud83d\udccc <strong>Rousseau est d\u2019avis que l\u2019Homme est fondamentalement bon et qu\u2019il est corrompu par la soci\u00e9t\u00e9<\/strong>. Il pense que sa nature ne le pousse pas \u00e0 ressentir beaucoup de d\u00e9sirs, mais que le contact avec les autres \u00eatres humains le rend m\u00e9chant.<\/p>\n\n\n\n<p>\ud83d\udccc<strong> Il est un de ceux dont la pens\u00e9e d\u00e9mocratique va influencer le mod\u00e8le politique<\/strong>. Il pense que le peuple doit \u00eatre souverain, que les lois doivent \u00eatre le r\u00e9sultat de la volont\u00e9 g\u00e9n\u00e9rale.<\/p>\n\n\n\n<h4 class=\"wp-block-heading\" id=\"une-citation-brievement-expliquee\">Une citation bri\u00e8vement expliqu\u00e9e \ud83d\udcac<\/h4>\n\n\n<section class=\"citation\">\n        <q class=\"citation__text\"><p>L\u2019homme est <span style=\"color: #ff0000\">n\u00e9 libre<\/span> et partout il est <span style=\"color: #ff0000\">dans les fers<\/span><\/p>\n<\/q>\n\n                    <div class=\"citation__infos \">\n                                    <p class=\"citation__infos-name\"><\/p>\n                                                    <p class=\"citation__infos-job\"><\/p>\n                            <\/div>\n            <\/section>\n\n\n\n<p>\ud83d\udc49<strong>  C\u2019est la premi\u00e8re phrase de son livre <\/strong><em>Du contrat social ou principes du droit politique<\/em> publi\u00e9 en 1762.<\/p>\n\n\n\n<p>\ud83d\udc49  Il signifie par l\u00e0 qu\u2019<strong>aucun r\u00e9gime politique ne permet \u00e0 l\u2019\u00eatre humain d\u2019\u00eatre tout \u00e0 fait libre<\/strong>. C\u2019est la phrase d\u2019introduction qu\u2019il choisit pour pr\u00e9c\u00e9der son explication de tout ce qui pour lui rend <strong>les r\u00e9gimes politiques qu\u2019il conna\u00eet ill\u00e9gitimes<\/strong>.<\/p>\n\n\n\n<p>\ud83d\udc49  Note qu\u2019<strong>il se focalise notamment sur la monarchie<\/strong>, qu\u2019il d\u00e9nonce en raison de son utilisation de la force, ce qui contredit le principe de libert\u00e9.<\/p>\n\n\n\n<h4 class=\"wp-block-heading\" id=\"un-de-ses-livres-marquants-en-quelques-points\">Un de ses livres marquants en quelques points \ud83d\udcda<\/h4>\n\n\n\n<p>\u270f\ufe0f Dans <em>Julie ou la Nouvelle H\u00e9lo\u00efse<\/em>, un des livres \u00e9crit sous la forme \u00e9pistolaire encore tr\u00e8s c\u00e9l\u00e8bre et souvent \u00e9tudi\u00e9 aujourd\u2019hui, il s\u00e9duit par sa <strong>description du sentiment amoureux et de la nature<\/strong>, qu\u2019il place au coeur de son livre.<\/p>\n\n\n\n<h3 class=\"wp-block-heading\" id=\"diderot\">Diderot<\/h3>\n\n\n\n<div class=\"wp-block-columns is-layout-flex wp-container-core-columns-is-layout-9d6595d7 wp-block-columns-is-layout-flex\">\n<div class=\"wp-block-column is-layout-flow wp-block-column-is-layout-flow\">\n<p>\ud83d\udc76<strong> Nom de naissance<\/strong>&nbsp; : Denis Diderot<\/p>\n\n\n\n<p>\u23f3 <strong>Dates de vie<\/strong> : 1713 &#8211; 1784<\/p>\n\n\n\n<p><strong>\ud83d\udcbc Activit\u00e9s<\/strong> : Auteur, philosophe, encyclop\u00e9diste, critique d\u2019art, traducteur&nbsp;<\/p>\n\n\n\n<p><strong>\ud83e\udde0 Mouvement<\/strong> : Lumi\u00e8res<\/p>\n\n\n\n<p><strong>\u270d\ufe0f Genre artistique<\/strong> : Th\u00e9\u00e2tre, contes, romans, essais<\/p>\n\n\n\n<p><strong>\ud83d\ude4f Religion<\/strong> : Aucune &#8211; mat\u00e9rialiste<\/p>\n<\/div>\n\n\n\n<div class=\"wp-block-column is-layout-flow wp-block-column-is-layout-flow\">\n<figure class=\"wp-block-image size-large\"><img decoding=\"async\" src=\"https:\/\/sherpas.com\/blog\/content\/uploads\/2022\/06\/Denis_Diderot_111-824x1024.png\" alt=\"\" class=\"wp-image-228745\"\/><\/figure>\n<\/div>\n<\/div>\n\n\n<section class=\"you-know\">\n                <div class=\"you-know__title\"><p>\ud83d\udca1 C\u2019est quoi le mat\u00e9rialisme ?<\/p>\n<\/div>\n                        <div class=\"you-know__text\">\n            <p>Fait de croire qu\u2019il n\u2019existe <strong>pas d\u2019autre substance que la mati\u00e8re<\/strong>. Cette doctrine s\u2019oppose \u00e0 l\u2019id\u00e9alisme et au spiritualisme.<\/p>\n\n        <\/div>\n              <\/section>\n\n\n\n<h4 class=\"wp-block-heading\" id=\"pour-la-petite-histoire\">Pour la petite histoire \ud83e\uddd0<\/h4>\n\n\n\n<p>Diderot a eu plein plein plein d\u2019activit\u00e9s diff\u00e9rentes au cours de son existence ! Et dans <strong>chaque genre auquel il s\u2019essaye, il marque les esprits<\/strong>.&nbsp;<\/p>\n\n\n\n<p>Malgr\u00e9 tout, ses travaux n\u2019ont \u00e9t\u00e9 <strong>vraiment reconnus qu\u2019\u00e0 la fin du XIXe si\u00e8cle<\/strong>.&nbsp;<\/p>\n\n\n\n<h4 class=\"wp-block-heading\" id=\"ses-idees-principales\">Ses id\u00e9es principales<\/h4>\n\n\n\n<p>\ud83d\udccc Dans ses r\u00e9flexions, <strong>Diderot aborde la question de la morale, de l\u2019art et de l\u2019\u00e9conomie, entre autres.<\/strong> Il \u00e9crit un livre, <em>Pens\u00e9es philosophiques<\/em> (1746), constitu\u00e9 d\u2019aphorismes, c\u2019est-\u00e0-dire des \u00e9nonc\u00e9s courts qui r\u00e9sument une th\u00e9orie ou un savoir. <strong>Voici deux exemples d\u2019aphorismes<\/strong> :<\/p>\n\n\n\n<p>\u201c<em>Il y a des gens dont il ne faut pas dire qu\u2019ils craignent Dieu, mais bien qu\u2019ils en ont peur.<\/em>\u201d &#8211; VIII<\/p>\n\n\n\n<p>\u201c<em>Il ne faut imaginer Dieu ni trop bon, ni m\u00e9chant. La justice est entre l\u2019exc\u00e8s de la cl\u00e9mence et la cruaut\u00e9, ainsi que les peines finies sont entre l\u2019impunit\u00e9 et les peines \u00e9ternelles.<\/em>\u201d &#8211; X&nbsp;<\/p>\n\n\n<section class=\"you-know\">\n                <div class=\"you-know__title\"><\/div>\n                        <div class=\"you-know__text\">\n            <p>\ud83d\udca1 L\u2019avantage avec les oeuvres anciennes et tr\u00e8s c\u00e9l\u00e8bres, c\u2019est qu\u2019<b>elles sont tr\u00e8s souvent disponibles gratuitement en version num\u00e9rique<\/b> <a href=\"https:\/\/fr.wikisource.org\/wiki\/Pens%C3%A9es_philosophiques\/Pens%C3%A9es\" target=\"_blank\" rel=\"nofollow noopener\"><i><span style=\"font-weight: 400;\">Pens\u00e9es philosophiques<\/span><\/i><\/a><\/p>\n\n        <\/div>\n              <\/section>\n\n\n\n<h4 class=\"wp-block-heading\" id=\"une-citation-expliquee-brievement\">Une citation expliqu\u00e9e bri\u00e8vement \ud83d\udcac<\/h4>\n\n\n<section class=\"citation\">\n        <q class=\"citation__text\"><p>Le <span style=\"color: #ff0000\">Dieu des chr\u00e9tiens<\/span> est un <span style=\"color: #ff0000\">p\u00e8re<\/span> qui fait grand cas de ses <span style=\"color: #ff0000\">pommes<\/span>, et fort peu de ses <span style=\"color: #ff0000\">enfants<\/span><\/p>\n<\/q>\n\n                    <div class=\"citation__infos \">\n                                    <p class=\"citation__infos-name\">Pens\u00e9es philosophiques, 1746<\/p>\n                                                    <p class=\"citation__infos-job\"><\/p>\n                            <\/div>\n            <\/section>\n\n\n\n<p>\ud83d\udc49  Ici le philosophe renvoie au <strong>mythe d\u2019Adam et \u00c8ve<\/strong>. Il critique Dieu pour avoir puni si s\u00e9v\u00e8rement ses enfants pour une faute qu\u2019il consid\u00e8re b\u00e9nigne. Pour lui,<strong> la faute revient davantage \u00e0 Dieu qu\u2019aux Hommes<\/strong>.<\/p>\n\n\n\n<p>\ud83d\udc49  Certains critiquent cette perspective, parce qu\u2019elle <strong>ne prend pas en compte le fait que la pomme en question repr\u00e9sente bien plus qu\u2019un simple fruit<\/strong>, mais le savoir en lui-m\u00eame.<\/p>\n\n\n\n<p>\ud83d\udc49  <strong>Il rejette la religion<\/strong>, et avec cette citation, il nous invite \u00e0 nous aussi la remettre en question, notamment \u00e0 nous demander si elle est vraiment morale.<\/p>\n\n\n\n<h4 class=\"wp-block-heading\" id=\"un-de-ses-livres-marquants-en-quelques-points\">Un de ses livres marquants en quelques points \ud83d\udcda<\/h4>\n\n\n\n<p>\u270f\ufe0f<strong> Il a principalement brill\u00e9 en tant que dramaturge et romancier<\/strong>. Il a \u00e9crit des \u0153uvres qui ont marqu\u00e9 l\u2019histoire de la litt\u00e9rature, telles que <em>Jacques le fataliste et son ma\u00eetre<\/em> publi\u00e9 en 1785 et<em> La religieuse<\/em> publi\u00e9 en 1796.<\/p>\n\n\n\n<p>\u270f\ufe0f <strong>Il commence \u00e0 diriger, avec son acolyte D\u2019Alembert, la fameuse <\/strong><strong><em>Encyclop\u00e9die<\/em><\/strong>, dont le nom complet est <em>Encyclop\u00e9die ou Dictionnaire raisonn\u00e9 des sciences, des arts et des m\u00e9tiers<\/em>, en 1747, alors qu\u2019il n\u2019a que 34 ans.<\/p>\n\n\n\n<h3 class=\"wp-block-heading\" id=\"dalembert\">D&rsquo;Alembert<\/h3>\n\n\n\n<div class=\"wp-block-columns is-layout-flex wp-container-core-columns-is-layout-9d6595d7 wp-block-columns-is-layout-flex\">\n<div class=\"wp-block-column is-layout-flow wp-block-column-is-layout-flow\">\n<p>\ud83d\udc76<strong> Nom de naissance<\/strong> : Jean Le Rond d\u2019Alembert&nbsp;<\/p>\n\n\n\n<p>\u23f3 <strong>Dates de vie<\/strong> : 1717 &#8211; 1783<\/p>\n\n\n\n<p><strong>\ud83d\udcbc Activit\u00e9s<\/strong> : Auteur, philosophe, math\u00e9maticiens, physicien, traducteur, astronome, musicologue&nbsp;<\/p>\n\n\n\n<p><strong>\ud83e\udde0 Mouvement<\/strong> : Lumi\u00e8res<\/p>\n\n\n\n<p><strong>\u270d\ufe0f Genre artistique<\/strong> : Dictionnaire et r\u00e9flexions autour du dictionnaire, textes scientifiques&nbsp;<\/p>\n\n\n\n<p><strong>\ud83d\ude4f Religion<\/strong> : Aucune<\/p>\n<\/div>\n\n\n\n<div class=\"wp-block-column is-layout-flow wp-block-column-is-layout-flow\">\n<figure class=\"wp-block-image size-large\"><img decoding=\"async\" src=\"https:\/\/sherpas.com\/blog\/content\/uploads\/2022\/06\/Jean_Le_Rond_dAlembert_by_French_school-828x1024.jpg\" alt=\"\" class=\"wp-image-228746\"\/><\/figure>\n<\/div>\n<\/div>\n\n\n\n<h4 class=\"wp-block-heading\" id=\"pour-la-petite-histoire\">Pour la petite histoire \ud83e\uddd0<\/h4>\n\n\n\n<p>D\u2019Alembert est un peu l\u2019exception de cette liste : <strong>il n\u2019est pas philosophe !<\/strong> Mais il a quand m\u00eame <strong>grandement marqu\u00e9 l\u2019\u00e9poque<\/strong> en faisant partie l\u2019esprit des Lumi\u00e8res, gr\u00e2ce \u00e0 sa contribution importante \u00e0 l\u2019<strong>\u00e9laboration de l\u2019<\/strong><strong><em>Encyclop\u00e9die<\/em><\/strong>.<\/p>\n\n\n\n<p><strong>Petit d\u00e9j\u00e0 il est brillant dans ses \u00e9tudes et il devient avocat \u00e0 seulement 21 ans.<\/strong> Mais la discipline ne lui sied finalement pas, alors il d\u00e9cide d\u2019entamer des \u00e9tudes de m\u00e9decine. Et puis finalement non, il est appel\u00e9 par la sir\u00e8ne des math\u00e9matiques et <strong>d\u00e9cide de plonger tout entier dans l\u2019oc\u00e9an des chiffres et des formules<\/strong>.<br>Il est c\u00e9l\u00e8bre pour \u00eatre \u00e0 l\u2019origine d\u2019un th\u00e9or\u00e8me qui porte son nom, le \u201cth\u00e9or\u00e8me d\u2019Alembert\u201d. Il s\u2019\u00e9panouit donc toujours dans les math\u00e9matiques avant d\u2019\u00eatre<strong> appel\u00e9 par Diderot pour participer au projet de l\u2019<em>Encyclop\u00e9die<\/em><\/strong>.<\/p>\n\n\n\n<h2 class=\"wp-block-heading\" id=\"eh-voila\">Eh voil\u00e0 ! \ud83d\ude0c<\/h2>\n\n\n\n<p>Tu sais maintenant <strong>l\u2019essentiel \u00e0 propos de l\u2019esprit des Lumi\u00e8res<\/strong> et ses principales figures ! Tu peux d\u00e9sormais aller briller en soci\u00e9t\u00e9 \ud83d\ude0e<\/p>\n\n\n<div class=\"kk-star-ratings kksr-auto kksr-align-center kksr-valign-bottom\"\n    data-payload='{&quot;align&quot;:&quot;center&quot;,&quot;id&quot;:&quot;228676&quot;,&quot;slug&quot;:&quot;default&quot;,&quot;valign&quot;:&quot;bottom&quot;,&quot;ignore&quot;:&quot;&quot;,&quot;reference&quot;:&quot;auto&quot;,&quot;class&quot;:&quot;&quot;,&quot;count&quot;:&quot;5&quot;,&quot;legendonly&quot;:&quot;&quot;,&quot;readonly&quot;:&quot;&quot;,&quot;score&quot;:&quot;5&quot;,&quot;starsonly&quot;:&quot;&quot;,&quot;best&quot;:&quot;5&quot;,&quot;gap&quot;:&quot;5&quot;,&quot;greet&quot;:&quot;Tu as aim\u00e9 cet article ?&quot;,&quot;legend&quot;:&quot;5\\\/5 - (5 votes)&quot;,&quot;size&quot;:&quot;24&quot;,&quot;title&quot;:&quot;L\\u0026#039;esprit des Lumi\u00e8res\ud83d\udca1&quot;,&quot;width&quot;:&quot;142.5&quot;,&quot;_legend&quot;:&quot;{score}\\\/{best} - ({count} {votes})&quot;,&quot;font_factor&quot;:&quot;1.25&quot;}'>\n            \n<div class=\"kksr-stars\">\n    \n<div class=\"kksr-stars-inactive\">\n            <div class=\"kksr-star\" data-star=\"1\" style=\"padding-right: 5px\">\n            \n\n<div class=\"kksr-icon\" style=\"width: 24px; height: 24px;\"><\/div>\n        <\/div>\n            <div class=\"kksr-star\" data-star=\"2\" style=\"padding-right: 5px\">\n            \n\n<div class=\"kksr-icon\" style=\"width: 24px; height: 24px;\"><\/div>\n        <\/div>\n            <div class=\"kksr-star\" data-star=\"3\" style=\"padding-right: 5px\">\n            \n\n<div class=\"kksr-icon\" style=\"width: 24px; height: 24px;\"><\/div>\n        <\/div>\n            <div class=\"kksr-star\" data-star=\"4\" style=\"padding-right: 5px\">\n            \n\n<div class=\"kksr-icon\" style=\"width: 24px; height: 24px;\"><\/div>\n        <\/div>\n            <div class=\"kksr-star\" data-star=\"5\" style=\"padding-right: 5px\">\n            \n\n<div class=\"kksr-icon\" style=\"width: 24px; height: 24px;\"><\/div>\n        <\/div>\n    <\/div>\n    \n<div class=\"kksr-stars-active\" style=\"width: 142.5px;\">\n            <div class=\"kksr-star\" style=\"padding-right: 5px\">\n            \n\n<div class=\"kksr-icon\" style=\"width: 24px; height: 24px;\"><\/div>\n        <\/div>\n            <div class=\"kksr-star\" style=\"padding-right: 5px\">\n            \n\n<div class=\"kksr-icon\" style=\"width: 24px; height: 24px;\"><\/div>\n        <\/div>\n            <div class=\"kksr-star\" style=\"padding-right: 5px\">\n            \n\n<div class=\"kksr-icon\" style=\"width: 24px; height: 24px;\"><\/div>\n        <\/div>\n            <div class=\"kksr-star\" style=\"padding-right: 5px\">\n            \n\n<div class=\"kksr-icon\" style=\"width: 24px; height: 24px;\"><\/div>\n        <\/div>\n            <div class=\"kksr-star\" style=\"padding-right: 5px\">\n            \n\n<div class=\"kksr-icon\" style=\"width: 24px; height: 24px;\"><\/div>\n        <\/div>\n    <\/div>\n<\/div>\n                \n\n<div class=\"kksr-legend\" style=\"font-size: 19.2px;\">\n            5\/5 - (5 votes)    <\/div>\n    <\/div>\n","protected":false},"excerpt":{"rendered":"<p>La philosophie fran\u00e7aise du XVIIIe si\u00e8cle te rend curieux ? Tu t\u2019int\u00e9resses \u00e0 des sujets comme le droit (&#8230;)<\/p>\n","protected":false},"author":326,"featured_media":228742,"comment_status":"open","ping_status":"closed","sticky":false,"template":"","format":"standard","meta":{"_acf_changed":false,"footnotes":""},"category":[803,804],"tag":[375],"class_list":["post-228676","post","type-post","status-publish","format-standard","has-post-thumbnail","hentry","category-apprendre-matiere","category-philosophie-2","tag-politique"],"acf":[],"_links":{"self":[{"href":"https:\/\/sherpas.com\/blog\/wp-json\/wp\/v2\/posts\/228676","targetHints":{"allow":["GET"]}}],"collection":[{"href":"https:\/\/sherpas.com\/blog\/wp-json\/wp\/v2\/posts"}],"about":[{"href":"https:\/\/sherpas.com\/blog\/wp-json\/wp\/v2\/types\/post"}],"author":[{"embeddable":true,"href":"https:\/\/sherpas.com\/blog\/wp-json\/wp\/v2\/users\/326"}],"replies":[{"embeddable":true,"href":"https:\/\/sherpas.com\/blog\/wp-json\/wp\/v2\/comments?post=228676"}],"version-history":[{"count":0,"href":"https:\/\/sherpas.com\/blog\/wp-json\/wp\/v2\/posts\/228676\/revisions"}],"wp:featuredmedia":[{"embeddable":true,"href":"https:\/\/sherpas.com\/blog\/wp-json\/wp\/v2\/media\/228742"}],"wp:attachment":[{"href":"https:\/\/sherpas.com\/blog\/wp-json\/wp\/v2\/media?parent=228676"}],"wp:term":[{"taxonomy":"category","embeddable":true,"href":"https:\/\/sherpas.com\/blog\/wp-json\/wp\/v2\/category?post=228676"},{"taxonomy":"tag","embeddable":true,"href":"https:\/\/sherpas.com\/blog\/wp-json\/wp\/v2\/tag?post=228676"}],"curies":[{"name":"wp","href":"https:\/\/api.w.org\/{rel}","templated":true}]}}