{"id":218167,"date":"2022-03-18T18:01:32","date_gmt":"2022-03-18T17:01:32","guid":{"rendered":"https:\/\/sherpas.com\/blog\/?p=218167"},"modified":"2024-08-28T22:52:36","modified_gmt":"2024-08-28T20:52:36","slug":"bataille-de-pearl-harbor","status":"publish","type":"post","link":"https:\/\/sherpas.com\/blog\/bataille-de-pearl-harbor\/","title":{"rendered":"Tout savoir sur la Bataille de Pearl Harbor \u2693\ufe0f"},"content":{"rendered":"\n<p><strong><br>La bataille de Pearl Harbor marque un tournant dans la Seconde Guerre mondiale.<\/strong> Alors que la tension est \u00e0 son apog\u00e9e en Europe avec le d\u00e9but de l\u2019op\u00e9ration Barbarossa men\u00e9e par les Allemands, le Japon d\u00e9cide d&rsquo;<strong>attaquer la base navale am\u00e9ricaine de Pearl Harbor<\/strong> le 7 d\u00e9cembre 1941. Les \u00c9tats-Unis qui, \u00e0 ce jour, n\u2019\u00e9taient pas en guerre, le deviennent d\u00e8s le lendemain de l\u2019attaque, soit le 8 d\u00e9cembre 1941. D\u00e9but, d\u00e9roulement et cons\u00e9quences, <strong>voici un cours sur cette notion au <\/strong><a href=\"https:\/\/sherpas.com\/blog\/programme-d-histoire-geo-terminale\/\"><strong>programme d\u2019histoire de Terminale<\/strong><\/a><strong> !&nbsp;<\/strong><\/p>\n\n\n\n<h2 class=\"wp-block-heading\" id=\"les-debuts-de-la-guerre-du-pacifique\"><strong>Les d\u00e9buts de la Guerre du Pacifique <\/strong><\/h2>\n\n\n\n<p>Six ans apr\u00e8s l\u2019invasion de la Mandchourie, situ\u00e9e au nord-est de l\u2019Asie \u00e0 la fronti\u00e8re sovi\u00e9tique, l\u2019empire Japonais continue sa politique expansionniste en Chine de 1937 \u00e0 1945.&nbsp;&nbsp;<strong>Essayant de s\u2019\u00e9tendre vers le Nord en 1939, la progression de l\u2019empire est arr\u00eat\u00e9e par les forces sovi\u00e9tiques,<\/strong> poussant les Japonais \u00e0 se diriger vers les \u00eeles du Pacifique ainsi que l\u2019Asie du sud-est. <\/p>\n\n\n\n<p>Le Japon va alors profiter de la d\u00e9faite de la France en juin 1940, pour envahir l\u2019Indochine Fran\u00e7aise. Cette attaque permet \u00e0 l\u2019empire de <strong>rentrer en guerre aux c\u00f4t\u00e9s des forces de l\u2019Axe<\/strong> (l\u2019Allemagne et l\u2019Italie) <strong>le 27 septembre 1940. \ud83e\udd1d<\/strong><\/p>\n\n\n\n<p>\u00c0 la suite de cet \u00e9v\u00e8nement, les \u00c9tats-Unis et les Pays-Bas imposent, le 26 juillet 1941, <strong>un embargo total<\/strong>, soit une interdiction d\u2019exporter du <strong>p\u00e9trole et de l&rsquo;acier \u00e0 destination du Japon.<\/strong> C\u2019est le <strong>d\u00e9but des tensions entre l\u2019Empire Japonais et les \u00c9tats-Unis<\/strong>, car sans p\u00e9trole, il est impossible pour le Japon de continuer la guerre.&nbsp;<\/p>\n\n\n\n<p><strong>La conqu\u00eate japonaise prend alors deux directions :&nbsp;<\/strong><\/p>\n\n\n\n<p>1\ufe0f\u20e3<strong> l\u2019offensive \u00e0 l\u2019est :&nbsp;<\/strong><\/p>\n\n\n\n<ul class=\"wp-block-list\">\n<li><strong>De 1941 \u00e0 1942 :<\/strong><em> La bataille des Philippines <\/em><\/li>\n\n\n\n<li><strong>D\u00e9cembre 1941 :<\/strong> <em>La prise des avant-postes am\u00e9ricains de l\u2019\u00eele de Guam et de l\u2019atoll de Wake.<\/em><\/li>\n<\/ul>\n\n\n\n<p>2\ufe0f\u20e3<strong> l\u2019offensive vers le sud :&nbsp;<\/strong><\/p>\n\n\n\n<ul class=\"wp-block-list\">\n<li><strong>8 d\u00e9cembre 1941 :<\/strong> <em>Conqu\u00eate de la Malaisie <\/em><\/li>\n\n\n\n<li><strong>Janvier \u00e0 f\u00e9vrier 1942 :<\/strong> <em>Bataille de Singapour <\/em><\/li>\n\n\n\n<li><strong>6 avril 1942 :<\/strong><em> Invasion de l\u2019archipel de Bismarck dans le but d\u2019isoler l\u2019Australie et la Nouvelle-Z\u00e9lande <\/em><\/li>\n\n\n\n<li><strong>F\u00e9vrier \u00e0 Mars 1942 :<\/strong> <em>Batailles de Java, Sumatra et Born\u00e9o <\/em><\/li>\n\n\n\n<li><strong>De 1942 \u00e0 1945 :<\/strong> <em>Occupation japonaise de la Birmanie<\/em><\/li>\n<\/ul>\n\n\n\n<figure class=\"wp-block-image size-large\"><img decoding=\"async\" src=\"https:\/\/sherpas.com\/blog\/content\/uploads\/2022\/03\/Second_world_war_asia_1937-1942_map-fr-1024x788.png\" alt=\"bataille de pearl harbor\" class=\"wp-image-218168\" \/><figcaption class=\"wp-element-caption\">Carte des offensives Japonaises \u00e0 l&rsquo;aube de la bataille de pearl harbor<\/figcaption><\/figure>\n\n\n\n<p> \ud83d\udc49 En novembre 1941, <strong>les relations entre le Japon et les \u00c9tats-Unis restent tendues<\/strong> et par la suite, elles vont m\u00eame devenir\u2026 atomiques. <\/p>\n\n\n<div class=\"wp-block-image\">\n<figure class=\"aligncenter size-large\"><img decoding=\"async\" src=\"https:\/\/media.giphy.com\/media\/OK27wINdQS5YQ\/giphy.gif\" alt=\"\" \/><\/figure>\n<\/div>\n\n\n<h2 class=\"wp-block-heading\" id=\"la-bataille-de-pearl-harbor-dans-les-moindres-details\"><strong>La bataille de Pearl Harbor dans les moindres d\u00e9tails \ud83d\udca5<\/strong><\/h2>\n\n\n\n<p><strong>Pearl Harbor est la principale base navale am\u00e9ricaine<\/strong> situ\u00e9e sur l\u2019\u00eele d\u2019Oahu dans l\u2019archipel d\u2019Hawa\u00ef. L\u2019\u00eele se trouve dans la trajectoire de trois bases am\u00e9ricaines : Guam, Wake et Midway.&nbsp;En d\u00e9cembre 1941, 86 unit\u00e9s et 25 000 hommes de la flotte am\u00e9ricaine \u00e9taient pr\u00e9sents dans cette base.&nbsp;<\/p>\n\n\n\n<p>Le 1 d\u00e9cembre 1941, l\u2019empereur japonais, Hirohito, autorise le bombardement de Pearl Harbor. L\u2019amiral Yamamoto a pr\u00e9vu d\u2019attaquer la base en 3 vagues pour un effet de surprise plus impressionnant.&nbsp;<\/p>\n\n\n<section class=\"you-know\">\n                <div class=\"you-know__title\"><p>Le savais-tu ? \ud83d\udca1<\/p>\n<\/div>\n                        <div class=\"you-know__text\">\n            <p>Le code pour lancer l\u2019attaque \u00e9tait : \u00ab\u00a0<em>Escaladez le mont Niitaka\u00a0\u00bb<\/em>\u00a0!<\/p>\n\n        <\/div>\n              <\/section>\n\n\n\n<p><strong>Les op\u00e9rations d\u00e9butent alors le 7 d\u00e9cembre 1941 <\/strong>entre 6h et 7h15 avec l\u2019envoi de 183 avions. Apr\u00e8s quelques tours de rep\u00e9rages, l\u2019attaque commence et s\u2019ensuivent 3 vagues (rien \u00e0 voir avec celles de la Covid, je te vois venir).&nbsp;<\/p>\n\n\n\n<h4 class=\"wp-block-heading\" id=\"la-premiere-vague-de-combat\"><strong>La premi\u00e8re vague de combat :&nbsp;<\/strong><\/h4>\n\n\n\n<p><strong>Les premi\u00e8res bombes sont l\u00e2ch\u00e9es \u00e0 7h53 sur l\u2019\u00eele d\u2019Hawa\u00ef. <\/strong>Simultan\u00e9ment, cinq sous-marins japonais d\u00e9molissent les bateaux am\u00e9ricains amarr\u00e9s.&nbsp;&nbsp;La premi\u00e8re cible des Japonais \u00e9tait l\u2019USS West Virginia, un cuirass\u00e9 de la marine am\u00e9ricaine. <\/p>\n\n\n\n<h4 class=\"wp-block-heading\" id=\"la-deuxieme-vague\"><strong>La deuxi\u00e8me vague :&nbsp;<\/strong><\/h4>\n\n\n\n<p>Les Japonais avaient pour objectif d\u2019envoyer 171 bombardiers lors de leur deuxi\u00e8me attaque. Toutefois, 5 sont immobilis\u00e9s pour raisons techniques. \u00c0 8h30,<strong> les Japonais lancent leur deuxi\u00e8me attaque<\/strong> compos\u00e9e de 167 avions dont 132 bombardiers et 35 avions de chasse. La vague s\u2019ach\u00e8ve aux alentours de 9h45.&nbsp;<\/p>\n\n\n\n<figure class=\"wp-block-image size-large\"><img decoding=\"async\" src=\"https:\/\/sherpas.com\/blog\/content\/uploads\/2022\/03\/pearl-1024x990.png\" alt=\"\" class=\"wp-image-218169\" \/><figcaption class=\"wp-element-caption\">Carte des vagues de bombardements de Pearl Harbor <\/figcaption><\/figure>\n\n\n\n<h4 class=\"wp-block-heading\" id=\"la-troisieme-vague-qui-ne-fut-point\"><strong>La troisi\u00e8me vague (qui ne fut point) :&nbsp;<\/strong><\/h4>\n\n\n\n<p>Apr\u00e8s la seconde attaque, <strong>l\u2019amiral Nagumo d\u00e9cide de renoncer \u00e0 une troisi\u00e8me attaque<\/strong> pour plusieurs fondements :&nbsp;<\/p>\n\n\n\n<ul class=\"wp-block-list\">\n<li>Les d\u00e9fenses antia\u00e9riennes ont eu un gros succ\u00e8s au cours de la seconde vague et une troisi\u00e8me vague occasionneraient les 2\/3 des dommages japonais ;&nbsp;<\/li>\n\n\n\n<li>L&rsquo;effet de surprise avait disparu ;<\/li>\n\n\n\n<li>Un bilan humain trop important.<\/li>\n<\/ul>\n\n\n\n<p> \ud83d\udc49 La marine imp\u00e9riale prend donc <strong>la d\u00e9cision d\u2019abandonner ce projet de troisi\u00e8me vague <\/strong>en rappelant ses avions sur ses porte-avions.&nbsp;<\/p>\n\n\n<section class=\"you-know\">\n                <div class=\"you-know__title\"><\/div>\n                        <div class=\"you-know__text\">\n            <p>\ud83d\udca1 Le 8 d\u00e9cembre 1941, Roosevelt tient un discours au Congr\u00e8s Am\u00e9ricain dans lequel il dit que le 7 d\u00e9cembre 1941 est <strong><em>\u201cun jour qui restera \u00e0 jamais marqu\u00e9 d&rsquo;infamie\u201d<\/em><\/strong><em>.<\/em><\/p>\n\n        <\/div>\n              <\/section>\n\n\n\n<h2 class=\"wp-block-heading\" id=\"les-consequences-de-la-bataille-de-pearl-harbor\"><strong>Les cons\u00e9quences de la bataille de Pearl Harbor \ud83d\udcca<\/strong><\/h2>\n\n\n\n<h3 class=\"wp-block-heading\" id=\"le-bilan-humain\"><strong>Le bilan humain <\/strong><\/h3>\n\n\n\n<p>La bataille de Pearl Harbor a caus\u00e9 <strong>de nombreux d\u00e9g\u00e2ts, autant humains que mat\u00e9riels<\/strong>. La surprise de l\u2019attaque japonaise en pleine nuit a entrain\u00e9 de multiples pertes humaines, surtout c\u00f4t\u00e9 am\u00e9ricain :\u00a0<\/p>\n\n\n<div class=\"wp-block-image\">\n<figure class=\"aligncenter size-full\"><img decoding=\"async\" width=\"690\" height=\"426\" src=\"https:\/\/sherpas.com\/content\/uploads\/2023\/09\/bataille-de-pearl-harbor-1.png\" alt=\"Le bilan des pertes humaines lors de la bataille de Pearl Harbor \" class=\"wp-image-264844\" srcset=\"https:\/\/xapbm7c37i.cloudimg.io\/https:\/\/sherpas.com\/content\/uploads\/2023\/09\/bataille-de-pearl-harbor-1.png?q=85&amp;force_format=webp&amp;org_if_sml=1&amp;w=690 690w, https:\/\/xapbm7c37i.cloudimg.io\/https:\/\/sherpas.com\/content\/uploads\/2023\/09\/bataille-de-pearl-harbor-1.png?q=85&amp;force_format=webp&amp;org_if_sml=1&amp;w=300 300w, https:\/\/xapbm7c37i.cloudimg.io\/https:\/\/sherpas.com\/content\/uploads\/2023\/09\/bataille-de-pearl-harbor-1.png?q=85&amp;force_format=webp&amp;org_if_sml=1&amp;w=200 200w, https:\/\/xapbm7c37i.cloudimg.io\/https:\/\/sherpas.com\/content\/uploads\/2023\/09\/bataille-de-pearl-harbor-1.png?q=85&amp;force_format=webp&amp;org_if_sml=1&amp;w=396 396w, https:\/\/xapbm7c37i.cloudimg.io\/https:\/\/sherpas.com\/content\/uploads\/2023\/09\/bataille-de-pearl-harbor-1.png?q=85&amp;force_format=webp&amp;org_if_sml=1&amp;w=288 288w, https:\/\/xapbm7c37i.cloudimg.io\/https:\/\/sherpas.com\/content\/uploads\/2023\/09\/bataille-de-pearl-harbor-1.png?q=85&amp;force_format=webp&amp;org_if_sml=1&amp;w=601 601w, https:\/\/xapbm7c37i.cloudimg.io\/https:\/\/sherpas.com\/content\/uploads\/2023\/09\/bataille-de-pearl-harbor-1.png?q=85&amp;force_format=webp&amp;org_if_sml=1&amp;w=265 265w, https:\/\/xapbm7c37i.cloudimg.io\/https:\/\/sherpas.com\/content\/uploads\/2023\/09\/bataille-de-pearl-harbor-1.png?q=85&amp;force_format=webp&amp;org_if_sml=1&amp;w=504 504w, https:\/\/xapbm7c37i.cloudimg.io\/https:\/\/sherpas.com\/content\/uploads\/2023\/09\/bataille-de-pearl-harbor-1.png?q=85&amp;force_format=webp&amp;org_if_sml=1&amp;w=60 60w\" sizes=\"(max-width: 690px) 100vw, 690px\" \/><\/figure>\n<\/div>\n\n\n<p>La moiti\u00e9 des pertes am\u00e9ricaines sont dues \u00e0 <strong>l&rsquo;explosion d\u2019un obus trafiqu\u00e9 sur l&rsquo;USS <\/strong><strong><em>Arizona<\/em><\/strong><strong> causant son naufrage. <\/strong>Les quelques pertes<strong> <\/strong>Japonaises sont principalement des aviateurs, qui ont volontairement \u00e9cras\u00e9s leurs bombardiers et neuf sous-mariniers.<\/p>\n\n\n\n<h3 class=\"wp-block-heading\" id=\"le-bilan-materiel\"><strong>Le bilan mat\u00e9riel <\/strong><\/h3>\n\n\n\n<p>En attaquant la base de Pearl Harbor, les Japonais ciblaient<strong> la flotte am\u00e9ricaine<\/strong>, souhaitant l\u2019affaiblir, voire la d\u00e9truire, afin de pouvoir <strong>continuer leur politique expansionniste<\/strong>.&nbsp;<\/p>\n\n\n\n<p>\ud83d\udc49 Au total, <strong>20 navires am\u00e9ricains ont \u00e9t\u00e9 touch\u00e9s,<\/strong> mais seulement 3 sont mis hors service par les forces japonaises.&nbsp;<\/p>\n\n\n\n<p>Parmi ces derniers, on retrouve le<strong> cuirass\u00e9 USS Arizona, qui, \u00e0 la suite d\u2019un bombardement, fait naufrage<\/strong>, provoquant la mort de 1 177 hommes.\u00a0<\/p>\n\n\n<div class=\"wp-block-image\">\n<figure class=\"aligncenter size-large\"><img decoding=\"async\" width=\"1240\" height=\"950\" src=\"https:\/\/sherpas.com\/content\/uploads\/2023\/09\/bataille-de-pearl-harbor-2.jpg?func=bound&amp;w=1024&amp;h=950\" alt=\"L'USS Arizona est l'un des 3 navires \u00e0 avoir \u00e9t\u00e9 d\u00e9truit lors de la bataille de Pearl Harbor\" class=\"wp-image-264845\" srcset=\"https:\/\/xapbm7c37i.cloudimg.io\/https:\/\/sherpas.com\/content\/uploads\/2023\/09\/bataille-de-pearl-harbor-2.jpg?q=85&amp;force_format=webp&amp;org_if_sml=1&amp;w=1240 1240w, https:\/\/xapbm7c37i.cloudimg.io\/https:\/\/sherpas.com\/content\/uploads\/2023\/09\/bataille-de-pearl-harbor-2.jpg?q=85&amp;force_format=webp&amp;org_if_sml=1&amp;w=300 300w, https:\/\/xapbm7c37i.cloudimg.io\/https:\/\/sherpas.com\/content\/uploads\/2023\/09\/bataille-de-pearl-harbor-2.jpg?q=85&amp;force_format=webp&amp;org_if_sml=1&amp;w=1024 1024w, https:\/\/xapbm7c37i.cloudimg.io\/https:\/\/sherpas.com\/content\/uploads\/2023\/09\/bataille-de-pearl-harbor-2.jpg?q=85&amp;force_format=webp&amp;org_if_sml=1&amp;w=768 768w, https:\/\/xapbm7c37i.cloudimg.io\/https:\/\/sherpas.com\/content\/uploads\/2023\/09\/bataille-de-pearl-harbor-2.jpg?q=85&amp;force_format=webp&amp;org_if_sml=1&amp;w=163 163w, https:\/\/xapbm7c37i.cloudimg.io\/https:\/\/sherpas.com\/content\/uploads\/2023\/09\/bataille-de-pearl-harbor-2.jpg?q=85&amp;force_format=webp&amp;org_if_sml=1&amp;w=355 355w, https:\/\/xapbm7c37i.cloudimg.io\/https:\/\/sherpas.com\/content\/uploads\/2023\/09\/bataille-de-pearl-harbor-2.jpg?q=85&amp;force_format=webp&amp;org_if_sml=1&amp;w=288 288w, https:\/\/xapbm7c37i.cloudimg.io\/https:\/\/sherpas.com\/content\/uploads\/2023\/09\/bataille-de-pearl-harbor-2.jpg?q=85&amp;force_format=webp&amp;org_if_sml=1&amp;w=484 484w, https:\/\/xapbm7c37i.cloudimg.io\/https:\/\/sherpas.com\/content\/uploads\/2023\/09\/bataille-de-pearl-harbor-2.jpg?q=85&amp;force_format=webp&amp;org_if_sml=1&amp;w=265 265w, https:\/\/xapbm7c37i.cloudimg.io\/https:\/\/sherpas.com\/content\/uploads\/2023\/09\/bataille-de-pearl-harbor-2.jpg?q=85&amp;force_format=webp&amp;org_if_sml=1&amp;w=60 60w\" sizes=\"(max-width: 1240px) 100vw, 1240px\" \/><\/figure>\n<\/div>\n\n<section class=\"you-know\">\n                <div class=\"you-know__title\"><p>Le savais-tu ? \ud83d\udca1<\/p>\n<\/div>\n                        <div class=\"you-know__text\">\n            <p>Le navire se trouve toujours au fond du port et est<strong> devenu un m\u00e9morial<\/strong> en hommage aux marins d\u00e9c\u00e9d\u00e9s \u00e0 son bord.<\/p>\n\n        <\/div>\n              <\/section>\n\n\n\n<p><strong>C\u00f4t\u00e9 Japonais, les pertes mat\u00e9rielles et humaines sont moindres<\/strong> avec 5 sous-marins envoy\u00e9s pr\u00e8s de la base de Pearl Harbor qui sont coul\u00e9s ou captur\u00e9s par les Am\u00e9ricains, et sur les 441 avions disponibles, 30 sont abattus et 74 touch\u00e9s.&nbsp; <strong>&nbsp;<\/strong><\/p>\n\n\n\n<p>N\u00e9anmoins, le 7 d\u00e9cembre 1941, jour de l\u2019attaque, les 3 porte-avions am\u00e9ricains,<strong> cibles strat\u00e9giques principales des Japonais <\/strong>ne se trouvaient pas sur la base\u2026 La guigne.&nbsp;\ud83d\ude2c<\/p>\n\n\n\n<p>Ainsi, l\u2019attaque surprise des Japonais \u00e0 Pearl Harbor est<strong> un \u00e9chec strat\u00e9gique.<\/strong> Les portes-avions Am\u00e9ricains sont toujours en service ainsi que la plupart du reste de la flotte. De plus,<strong> la base reste op\u00e9rationnelle<\/strong>, car le port, les pistes, les r\u00e9servoirs de carburant et les ateliers de r\u00e9paration n&rsquo;ont pas \u00e9t\u00e9 d\u00e9truits ou partiellement.&nbsp;<\/p>\n\n\n<div class=\"wp-block-image\">\n<figure class=\"aligncenter size-large\"><img decoding=\"async\" src=\"https:\/\/media.giphy.com\/media\/3oEjI7yCdwLEizpVmw\/giphy.gif\" alt=\"\" \/><\/figure>\n<\/div>\n\n<section class=\"push \">\n        <div >\n            \n                                                <div class=\"push__container  qcd\" data-target=\"_self\" data-qcd=\"aHR0cHM6Ly9zaGVycGFzLmNvbS9mdW5uZWwtc3R1ZGVudC1xdWFsaWZpY2F0aW9u\" data-banner=\"2\" data-name=\"CPM1 Histoire g\u00e9ographie\" style=\"background-color: #F3FBF7\" >\n                                                                        <div class=\"push__teachers\">\n    <div class=\"d-flex justify-content-center d-md-none\">\n        <img decoding=\"async\" class=\"push__logo\" src=\"\/content\/themes\/sherpas-theme\/dist\/images\/logo.svg\" alt=\"Logo Sherpas\">\n    <\/div>\n    <div class=\"swiper\">\n        <div class=\"swiper-wrapper\">\n                                            <div class=\"swiper-slide\">\n                    <div class=\"push__teachers-card\">\n                        <div\n                            class=\"push__teachers-profil\"\n                            \n                            style=\"background-image: url(https:\/\/sherpas.com\/content\/uploads\/2022\/01\/Sophie2x.png);\"\n                        >\n                    <\/div>\n                         <p class=\"push__teachers-name\">Sophie<\/p>                          <p class=\"push__teachers-school\">Sciences Po Bordeaux<\/p>                                                     <div class=\"push__teachers-note\">\n                                                                    <svg  class=\"active\" >\n                                        <use\n                                            xlink:href=\"\/content\/themes\/sherpas-theme\/dist\/images\/sprite.svg#star\"\/>\n                                    <\/svg>\n                                                                    <svg  class=\"active\" >\n                                        <use\n                                            xlink:href=\"\/content\/themes\/sherpas-theme\/dist\/images\/sprite.svg#star\"\/>\n                                    <\/svg>\n                                                                    <svg  class=\"active\" >\n                                        <use\n                                            xlink:href=\"\/content\/themes\/sherpas-theme\/dist\/images\/sprite.svg#star\"\/>\n                                    <\/svg>\n                                                                    <svg  class=\"active\" >\n                                        <use\n                                            xlink:href=\"\/content\/themes\/sherpas-theme\/dist\/images\/sprite.svg#star\"\/>\n                                    <\/svg>\n                                                                    <svg >\n                                        <use\n                                            xlink:href=\"\/content\/themes\/sherpas-theme\/dist\/images\/sprite.svg#star\"\/>\n                                    <\/svg>\n                                                            <\/div>\n                                                 <p class=\"push__teachers-price\">12\u20ac\/h<\/p>                     <\/div>\n                <\/div>\n                                            <div class=\"swiper-slide\">\n                    <div class=\"push__teachers-card\">\n                        <div\n                            class=\"push__teachers-profil\"\n                            \n                            style=\"background-image: url(https:\/\/sherpas.com\/content\/uploads\/2022\/01\/Cle\u0301mence2x.png);\"\n                        >\n                    <\/div>\n                         <p class=\"push__teachers-name\">Cl\u00e9mence<\/p>                          <p class=\"push__teachers-school\">HEC Paris<\/p>                                                     <div class=\"push__teachers-note\">\n                                                                    <svg  class=\"active\" >\n                                        <use\n                                            xlink:href=\"\/content\/themes\/sherpas-theme\/dist\/images\/sprite.svg#star\"\/>\n                                    <\/svg>\n                                                                    <svg  class=\"active\" >\n                                        <use\n                                            xlink:href=\"\/content\/themes\/sherpas-theme\/dist\/images\/sprite.svg#star\"\/>\n                                    <\/svg>\n                                                                    <svg  class=\"active\" >\n                                        <use\n                                            xlink:href=\"\/content\/themes\/sherpas-theme\/dist\/images\/sprite.svg#star\"\/>\n                                    <\/svg>\n                                                                    <svg  class=\"active\" >\n                                        <use\n                                            xlink:href=\"\/content\/themes\/sherpas-theme\/dist\/images\/sprite.svg#star\"\/>\n                                    <\/svg>\n                                                                    <svg  class=\"active\" >\n                                        <use\n                                            xlink:href=\"\/content\/themes\/sherpas-theme\/dist\/images\/sprite.svg#star\"\/>\n                                    <\/svg>\n                                                            <\/div>\n                                                 <p class=\"push__teachers-price\">21\u20ac\/h\/h<\/p>                     <\/div>\n                <\/div>\n                                            <div class=\"swiper-slide\">\n                    <div class=\"push__teachers-card\">\n                        <div\n                            class=\"push__teachers-profil\"\n                            \n                            style=\"background-image: url(https:\/\/sherpas.com\/content\/uploads\/2022\/01\/Antoine2x.png);\"\n                        >\n                    <\/div>\n                         <p class=\"push__teachers-name\">Antoine<\/p>                          <p class=\"push__teachers-school\">Sciences Po Paris<\/p>                                                     <div class=\"push__teachers-note\">\n                                                                    <svg  class=\"active\" >\n                                        <use\n                                            xlink:href=\"\/content\/themes\/sherpas-theme\/dist\/images\/sprite.svg#star\"\/>\n                                    <\/svg>\n                                                                    <svg  class=\"active\" >\n                                        <use\n                                            xlink:href=\"\/content\/themes\/sherpas-theme\/dist\/images\/sprite.svg#star\"\/>\n                                    <\/svg>\n                                                                    <svg  class=\"active\" >\n                                        <use\n                                            xlink:href=\"\/content\/themes\/sherpas-theme\/dist\/images\/sprite.svg#star\"\/>\n                                    <\/svg>\n                                                                    <svg  class=\"active\" >\n                                        <use\n                                            xlink:href=\"\/content\/themes\/sherpas-theme\/dist\/images\/sprite.svg#star\"\/>\n                                    <\/svg>\n                                                                    <svg  class=\"active\" >\n                                        <use\n                                            xlink:href=\"\/content\/themes\/sherpas-theme\/dist\/images\/sprite.svg#star\"\/>\n                                    <\/svg>\n                                                            <\/div>\n                                                 <p class=\"push__teachers-price\">18\u20ac\/h\/h<\/p>                     <\/div>\n                <\/div>\n                                            <div class=\"swiper-slide\">\n                    <div class=\"push__teachers-card\">\n                        <div\n                            class=\"push__teachers-profil\"\n                            \n                            style=\"background-image: url(https:\/\/sherpas.com\/content\/uploads\/2022\/01\/Agathe2x.png);\"\n                        >\n                    <\/div>\n                         <p class=\"push__teachers-name\">Agathe<\/p>                          <p class=\"push__teachers-school\">ENS Lyon<\/p>                                                     <div class=\"push__teachers-note\">\n                                                                    <svg  class=\"active\" >\n                                        <use\n                                            xlink:href=\"\/content\/themes\/sherpas-theme\/dist\/images\/sprite.svg#star\"\/>\n                                    <\/svg>\n                                                                    <svg  class=\"active\" >\n                                        <use\n                                            xlink:href=\"\/content\/themes\/sherpas-theme\/dist\/images\/sprite.svg#star\"\/>\n                                    <\/svg>\n                                                                    <svg  class=\"active\" >\n                                        <use\n                                            xlink:href=\"\/content\/themes\/sherpas-theme\/dist\/images\/sprite.svg#star\"\/>\n                                    <\/svg>\n                                                                    <svg  class=\"active\" >\n                                        <use\n                                            xlink:href=\"\/content\/themes\/sherpas-theme\/dist\/images\/sprite.svg#star\"\/>\n                                    <\/svg>\n                                                                    <svg  class=\"active\" >\n                                        <use\n                                            xlink:href=\"\/content\/themes\/sherpas-theme\/dist\/images\/sprite.svg#star\"\/>\n                                    <\/svg>\n                                                            <\/div>\n                                                 <p class=\"push__teachers-price\">19\u20ac\/h<\/p>                     <\/div>\n                <\/div>\n                                            <div class=\"swiper-slide\">\n                    <div class=\"push__teachers-card\">\n                        <div\n                            class=\"push__teachers-profil\"\n                            \n                            style=\"background-image: url(https:\/\/sherpas.com\/content\/uploads\/2022\/01\/Olivier2x.png);\"\n                        >\n                    <\/div>\n                         <p class=\"push__teachers-name\">Olivier<\/p>                          <p class=\"push__teachers-school\">La Sorbonne<\/p>                                                     <div class=\"push__teachers-note\">\n                                                                    <svg  class=\"active\" >\n                                        <use\n                                            xlink:href=\"\/content\/themes\/sherpas-theme\/dist\/images\/sprite.svg#star\"\/>\n                                    <\/svg>\n                                                                    <svg  class=\"active\" >\n                                        <use\n                                            xlink:href=\"\/content\/themes\/sherpas-theme\/dist\/images\/sprite.svg#star\"\/>\n                                    <\/svg>\n                                                                    <svg  class=\"active\" >\n                                        <use\n                                            xlink:href=\"\/content\/themes\/sherpas-theme\/dist\/images\/sprite.svg#star\"\/>\n                                    <\/svg>\n                                                                    <svg  class=\"active\" >\n                                        <use\n                                            xlink:href=\"\/content\/themes\/sherpas-theme\/dist\/images\/sprite.svg#star\"\/>\n                                    <\/svg>\n                                                                    <svg >\n                                        <use\n                                            xlink:href=\"\/content\/themes\/sherpas-theme\/dist\/images\/sprite.svg#star\"\/>\n                                    <\/svg>\n                                                            <\/div>\n                                                 <p class=\"push__teachers-price\">13\u20ac\/h<\/p>                     <\/div>\n                <\/div>\n                                            <div class=\"swiper-slide\">\n                    <div class=\"push__teachers-card\">\n                        <div\n                            class=\"push__teachers-profil\"\n                            \n                            style=\"background-image: url(https:\/\/sherpas.com\/content\/uploads\/2022\/01\/Pierre2x.png);\"\n                        >\n                    <\/div>\n                         <p class=\"push__teachers-name\">Pierre<\/p>                          <p class=\"push__teachers-school\">ESSEC<\/p>                                                     <div class=\"push__teachers-note\">\n                                                                    <svg  class=\"active\" >\n                                        <use\n                                            xlink:href=\"\/content\/themes\/sherpas-theme\/dist\/images\/sprite.svg#star\"\/>\n                                    <\/svg>\n                                                                    <svg  class=\"active\" >\n                                        <use\n                                            xlink:href=\"\/content\/themes\/sherpas-theme\/dist\/images\/sprite.svg#star\"\/>\n                                    <\/svg>\n                                                                    <svg  class=\"active\" >\n                                        <use\n                                            xlink:href=\"\/content\/themes\/sherpas-theme\/dist\/images\/sprite.svg#star\"\/>\n                                    <\/svg>\n                                                                    <svg  class=\"active\" >\n                                        <use\n                                            xlink:href=\"\/content\/themes\/sherpas-theme\/dist\/images\/sprite.svg#star\"\/>\n                                    <\/svg>\n                                                                    <svg  class=\"active\" >\n                                        <use\n                                            xlink:href=\"\/content\/themes\/sherpas-theme\/dist\/images\/sprite.svg#star\"\/>\n                                    <\/svg>\n                                                            <\/div>\n                                                 <p class=\"push__teachers-price\">16\u20ac\/h<\/p>                     <\/div>\n                <\/div>\n                                            <div class=\"swiper-slide\">\n                    <div class=\"push__teachers-card\">\n                        <div\n                            class=\"push__teachers-profil\"\n                            \n                            style=\"background-image: url(https:\/\/sherpas.com\/content\/uploads\/2022\/01\/Margot2x.png);\"\n                        >\n                    <\/div>\n                         <p class=\"push__teachers-name\">Margot<\/p>                          <p class=\"push__teachers-school\">Arts et M\u00e9tiers ParisTech<\/p>                                                     <div class=\"push__teachers-note\">\n                                                                    <svg  class=\"active\" >\n                                        <use\n                                            xlink:href=\"\/content\/themes\/sherpas-theme\/dist\/images\/sprite.svg#star\"\/>\n                                    <\/svg>\n                                                                    <svg  class=\"active\" >\n                                        <use\n                                            xlink:href=\"\/content\/themes\/sherpas-theme\/dist\/images\/sprite.svg#star\"\/>\n                                    <\/svg>\n                                                                    <svg  class=\"active\" >\n                                        <use\n                                            xlink:href=\"\/content\/themes\/sherpas-theme\/dist\/images\/sprite.svg#star\"\/>\n                                    <\/svg>\n                                                                    <svg  class=\"active\" >\n                                        <use\n                                            xlink:href=\"\/content\/themes\/sherpas-theme\/dist\/images\/sprite.svg#star\"\/>\n                                    <\/svg>\n                                                                    <svg  class=\"active\" >\n                                        <use\n                                            xlink:href=\"\/content\/themes\/sherpas-theme\/dist\/images\/sprite.svg#star\"\/>\n                                    <\/svg>\n                                                            <\/div>\n                                                 <p class=\"push__teachers-price\">22\u20ac\/h\/h<\/p>                     <\/div>\n                <\/div>\n                    <\/div>\n    <\/div>\n<\/div>\n                                                    <div class=\"push__content\">\n                                                            <div  class=\"d-none d-md-block\" >\n                                    <img decoding=\"async\" class=\"push__logo\" src=\"\/content\/themes\/sherpas-theme\/dist\/images\/logo.svg\"\n                                        alt=\"Logo Sherpas\">\n                                <\/div>\n                                                                                        <div class=\"push__title\"><p>Besoin d&rsquo;un <span style=\"color: #4cc583;\">prof particulier<\/span> d&rsquo;histoire-g\u00e9ographie ? <span role=\"image\" aria-label=\"\u2728\">\u2728<\/span><\/p>\n<\/div>\n                                                                                        <div class=\"push__text\"><p>Nos Sherpas sont l\u00e0 pour t&rsquo;aider \u00e0 progresser et prendre confiance en toi.<\/p>\n<\/div>\n                                                        <div class=\"push__promo-button   \">\n                                                                                                    <div\n                                        class=\"btn btn-primary\"\n                                        style=\"color: ; border-color: ; background-color: \"\n\n                                    >\n                                        PRENDRE UN COURS OFFERT\n                                    <\/div>\n                                                            <\/div>\n                                                    <\/div>\n                                    <\/div>\n                                    <\/div>\n    <\/section>\n\n\n\n<h2 class=\"wp-block-heading\" id=\"lentree-en-guerre-des-etats-unis-contre-le-japon\"><strong>L\u2019entr\u00e9e en guerre des \u00c9tats-Unis contre le Japon \ud83d\udca5<\/strong><\/h2>\n\n\n\n<p><strong>\ud83d\udca1 <\/strong>Au lendemain de la bataille de Pearl Harbor, soit le 8 d\u00e9cembre 1941, le Pr\u00e9sident Am\u00e9ricain Franklin Roosevelt tient un <strong>discours \u00e0 Washington dans lequel il annonce l\u2019entr\u00e9e en guerre des \u00c9tats-Unis aux c\u00f4t\u00e9s des Alli\u00e9s<\/strong> (la France Libre, le Royaume-Unis et l\u2019URSS).<\/p>\n\n\n<section class=\"citation\">\n        <q class=\"citation__text\"><p>J&rsquo;ai demand\u00e9 [\u2026] que le Congr\u00e8s d\u00e9clare, <span style=\"color: #008080\">depuis l&rsquo;attaque perp\u00e9tr\u00e9e<\/span> par le Japon dimanche 7 d\u00e9cembre, <span style=\"color: #008080\">l&rsquo;\u00e9tat de guerre<\/span> contre le Japon.<\/p>\n<\/q>\n\n                    <div class=\"citation__infos  citation__infos--full \">\n                                    <p class=\"citation__infos-name\">Franklin Roosevelt\u00a0<\/p>\n                                                    <p class=\"citation__infos-job\">Ancien pr\u00e9sident des \u00c9tats-Unis <\/p>\n                            <\/div>\n            <\/section>\n\n\n\n<p>C\u2019est ainsi que durant 4 longues ann\u00e9es, les Am\u00e9ricains et les Japonais vont <strong>s\u2019affronter \u00e0 de nombreuses reprises dans le pacifique.<\/strong> Pour que ton devoir soit le plus complet et pr\u00e9cis possible, voici une liste des principaux \u00e9v\u00e8nements \u00e0 conna\u00eetre :&nbsp;<\/p>\n\n\n\n<ul class=\"wp-block-list\">\n<li>La conqu\u00eate de Guam et l\u2019\u00eele de Wake en d\u00e9cembre 1941 ;&nbsp;<\/li>\n\n\n\n<li>Suivie des Philippines, des Indes orientales n\u00e9erlandaises, de Hongkong, de la Malaisie, de Singapour et de la Birmanie pendant la premi\u00e8re moiti\u00e9 de 1942 ;&nbsp;<\/li>\n\n\n\n<li>Enfin, la bataille de Midway en juin 1942 qui marque la premi\u00e8re victoire des Am\u00e9ricains dans la guerre du Pacifique.&nbsp;<\/li>\n<\/ul>\n\n\n\n<p>Ce sont les <strong>attaques nucl\u00e9aires de Nagasaki et de Hiroshima en ao\u00fbt 1945 <\/strong>qui vont pousser le Japon \u00e0 capituler en septembre 1945, mettant fin \u00e0 la Seconde Guerre mondiale. \ud83e\udd2f<\/p>\n\n\n<section class=\"read-also\">\n    <p class=\"read-also__title\">\u00c0 lire aussi<\/p>\n            <div class=\"read-also__list\">\n            <p>Besoin de plus d&rsquo;infos sur la<a href=\"https:\/\/sherpas.com\/blog\/guerre-aneantissement\/\" target=\"_blank\" rel=\"noopener\"> seconde guerre mondiale<\/a> ? We got ya ! \ud83e\udd2f<\/p>\n\n        <\/div>\n    <\/section>\n\n\n\n<h2 class=\"wp-block-heading\" id=\"entretenir-la-memoire-de-la-bataille-de-pearl-harbor\"><strong>Entretenir la m\u00e9moire de la bataille de Pearl Harbor \ud83d\udcad<\/strong><\/h2>\n\n\n\n<p>Le mardi 27 d\u00e9cembre 2016, Barack Obama et le Premier ministre Japonais <a href=\"https:\/\/fr.wikipedia.org\/wiki\/Shinz\u014d_Abe\" target=\"_blank\" rel=\"noreferrer noopener\">Shinzo Abe<\/a> se rendent au m\u00e9morial USS Arizona, \u00e0 Honolulu, dans le but de <strong>rendre hommage aux victimes am\u00e9ricaine <\/strong>de l\u2019attaque surprise Japonaise.<strong> <\/strong>La venue du Premier ministre Japonais est la premi\u00e8re en 75 ans.\u00a0\ud83e\udd2d<\/p>\n\n\n\n<p>\ud83d\udc49 Pour Barack Obama, cette rencontre illustre le \u201c<em>pouvoir de r\u00e9conciliation<\/em>\u201d. Une opinion que partage le premier ministre japonais, qui consid\u00e8re que c&rsquo;est \u00ab\u00a0une image qui peut \u00eatre source d\u2019espoir pour le monde.\u00a0\u00bb <\/p>\n\n\n\n<p>D\u2019autant plus que 8 mois avant, lors de la <strong>venue de Barack Obama \u00e0 Hiroshima pour rendre hommage aux victimes Japonaises de l\u2019attaque nucl\u00e9aire Am\u00e9ricaine<\/strong>, ce dernier avait inscrit dans le livre d\u2019or la phrase symbolique suivante :&nbsp;<\/p>\n\n\n<section class=\"citation\">\n        <q class=\"citation__text\"><p>Nous connaissons la <span style=\"color: #008080\">douleur de la guerre<\/span>. Ayons le <span style=\"color: #008080\">courage<\/span>, ensemble, de <span style=\"color: #008080\">r\u00e9pandre la paix<\/span>.<\/p>\n<\/q>\n\n                    <div class=\"citation__infos  citation__infos--full \">\n                                    <p class=\"citation__infos-name\">Barack Obama<\/p>\n                                                    <p class=\"citation__infos-job\">Pr\u00e9sident des \u00c9tats-Unis de 2009 a 2017<\/p>\n                            <\/div>\n            <\/section>\n\n\n\n<h2 class=\"wp-block-heading\" id=\"les-films-sur-la-bataille-de-pearl-harbor\"><strong>Les films sur la bataille de Pearl Harbor <\/strong><\/h2>\n\n\n\n<p>La bataille de Pearl Harbor, \u00e9v\u00e8nement mondial, connait bon nombre de <strong>retranscriptions cin\u00e9matographiques<\/strong>, et ce, d\u00e8s 1942.<strong> \ud83c\udfa5 <\/strong>Si tu souhaites en d\u00e9couvrir l\u2019\u00e9tendue, on te sugg\u00e8re celles ci-dessous :&nbsp;<\/p>\n\n\n\n<h4 class=\"wp-block-heading\" id=\"tora-tora-tora\">Tora ! Tora ! Tora<\/h4>\n\n\n\n<div class=\"wp-block-columns is-layout-flex wp-container-core-columns-is-layout-9d6595d7 wp-block-columns-is-layout-flex\">\n<div class=\"wp-block-column is-layout-flow wp-block-column-is-layout-flow\" style=\"flex-basis:100%\">\n<div class=\"wp-block-columns is-layout-flex wp-container-core-columns-is-layout-9d6595d7 wp-block-columns-is-layout-flex\">\n<div class=\"wp-block-column is-vertically-aligned-center is-layout-flow wp-block-column-is-layout-flow\">\n<p class=\"has-text-align-left\"><em>Tora ! Tora ! Tora !<\/em> est un film r\u00e9alis\u00e9 par 1 am\u00e9ricain et 2 japonais, sorti en 1970. <\/p>\n\n\n\n<p class=\"has-text-align-left\">\ud83d\udc49 Il retranscrit \u00e0 l\u2019aide de d\u00e9tails r\u00e9alistes les \u00e9v\u00e9nements du 7 d\u00e9cembre 1941. Le film prend en compte aussi bien les points de vue des Am\u00e9ricains que des Japonais.&nbsp;<\/p>\n<\/div>\n\n\n\n<div class=\"wp-block-column is-layout-flow wp-block-column-is-layout-flow\">\n<figure class=\"wp-block-image size-large\"><img decoding=\"async\" class=\"wp-image-218172 size-medium aligncenter\" src=\"https:\/\/sherpas.com\/blog\/content\/uploads\/2022\/03\/Tora_Tora_Tora-200x300.webp\" alt=\"\" width=\"200\" height=\"300\"><\/figure>\n<\/div>\n<\/div>\n<\/div>\n<\/div>\n\n\n\n<h4 class=\"wp-block-heading\" id=\"pearl-harbor\">Pearl Harbor <\/h4>\n\n\n\n<div class=\"wp-block-columns is-layout-flex wp-container-core-columns-is-layout-9d6595d7 wp-block-columns-is-layout-flex\">\n<div class=\"wp-block-column is-vertically-aligned-center is-layout-flow wp-block-column-is-layout-flow\">\n<p><em>Pearl Harbor<\/em> : film r\u00e9alis\u00e9 par Michael Bay, sorti en 2001. Le film est davantage sc\u00e9naris\u00e9 que <em>Tora ! Tora ! Tora !<\/em> et <em>Midway<\/em>. <\/p>\n<\/div>\n\n\n\n<div class=\"wp-block-column is-layout-flow wp-block-column-is-layout-flow\">\n<figure class=\"wp-block-image size-full\"><img decoding=\"async\" class=\"wp-image-218175 size-medium aligncenter\" src=\"https:\/\/sherpas.com\/blog\/content\/uploads\/2022\/03\/2001-pearl-1-202x300.jpeg\" alt=\"\" width=\"202\" height=\"300\"><\/figure>\n<\/div>\n<\/div>\n\n\n\n<h4 class=\"wp-block-heading\" id=\"midway\">Midway<\/h4>\n\n\n\n<div class=\"wp-block-columns is-layout-flex wp-container-core-columns-is-layout-9d6595d7 wp-block-columns-is-layout-flex\">\n<div class=\"wp-block-column is-vertically-aligned-center is-layout-flow wp-block-column-is-layout-flow\">\n<p><em>Midway<\/em> est un film am\u00e9ricain r\u00e9alis\u00e9 par Roland Emmerich, sorti en 2019. <\/p>\n\n\n\n<p>Il montre l&rsquo;attaque de Pearl Harbor, le raid sur les \u00eeles Marshall du 1<sup>er<\/sup> f\u00e9vrier 1942, le raid de Doolittle sur le Japon le 18 avril 1942 et son arriv\u00e9e en Chine, les lendemains de la bataille de la mer de Corail en mai 1942 et les pr\u00e9paratifs de la bataille de Midway.<\/p>\n<\/div>\n\n\n\n<div class=\"wp-block-column is-layout-flow wp-block-column-is-layout-flow\">\n<figure class=\"wp-block-image size-large\"><img decoding=\"async\" class=\"aligncenter wp-image-218180 size-medium\" src=\"https:\/\/sherpas.com\/blog\/content\/uploads\/2022\/03\/1892294-225x300.jpeg\" alt=\"\" width=\"225\" height=\"300\"><\/figure>\n<\/div>\n<\/div>\n\n\n\n<h4 class=\"wp-block-heading\" id=\"pearl-harbor-le-monde-sembrase\">Pearl Harbor, le monde s&#8217;embrase <\/h4>\n\n\n\n<div class=\"wp-block-columns is-layout-flex wp-container-core-columns-is-layout-9d6595d7 wp-block-columns-is-layout-flex\">\n<div class=\"wp-block-column is-vertically-aligned-center is-layout-flow wp-block-column-is-layout-flow\">\n<p><em>Pearl Harbor, le monde s\u2019embrase<\/em> est un documentaire d\u2019archives comm\u00e9morant les 80 ans de l\u2019attaque. Il dure 1h30 et est r\u00e9alis\u00e9 par le fran\u00e7ais David Korn-Brzoza. Le documentaire est disponible sur le site France.tv en replay.&nbsp;<\/p>\n<\/div>\n\n\n\n<div class=\"wp-block-column is-layout-flow wp-block-column-is-layout-flow\">\n<figure class=\"wp-block-image size-full\"><img decoding=\"async\" class=\"aligncenter wp-image-218181 size-medium\" src=\"https:\/\/sherpas.com\/blog\/content\/uploads\/2022\/03\/Pearl-Harbor-le-monde-s-embrase-DVD-212x300.jpeg\" alt=\"\" width=\"212\" height=\"300\" \/><\/figure>\n<\/div>\n<\/div>\n\n\n\n<h2 class=\"wp-block-heading\" id=\"bibliographie-de-la-bataille-de-pearl-harbor\"><strong>Bibliographie de la bataille de Pearl Harbor \ud83d\udcda<\/strong><\/h2>\n\n\n\n<p><strong>Si tu es plus livres que film, voici notre s\u00e9lection pour toi :&nbsp;<\/strong><\/p>\n\n\n\n<ul class=\"wp-block-list\">\n<li>L&rsquo;attaque de Pearl Harbor : un livre de Victoria Domingos Valentim qui se lit en seulement 50mins. Il comporte 36 pages qui retracent tout le d\u00e9roulement et les r\u00e9percussions de l\u2019attaque de Pearl Harbor.&nbsp;<\/li>\n<\/ul>\n\n\n\n<ul class=\"wp-block-list\">\n<li>Si tu pr\u00e9f\u00e8res les t\u00e9moignages, voici celui de Raymond Emory, un survivant de l\u2019attaque de Pearl Harbor : https:\/\/www.letemps.ch\/societe\/lattaque-pearl-harbor-racontee-un-survivant<\/li>\n<\/ul>\n\n\n\n<h2 class=\"wp-block-heading\" id=\"discographie-de-la-bataille-de-pearl-harbor\"><strong>Discographie de la bataille de Pearl Harbor <\/strong><\/h2>\n\n\n\n<p>Et si tu es plus podcast dans le bus ou avant de te coucher\u2026 Attention aux cauchemars, tout de m\u00eame <strong>\ud83d\ude09<\/strong><\/p>\n\n\n\n<ul class=\"wp-block-list\">\n<li><a href=\"https:\/\/blog-histoire.fr\/2000-ans-histoire\/13181-pearl-harbor.html\" target=\"_blank\" rel=\"noreferrer noopener\">Le podcast sur Blog Histoire.fr<\/a> plonge dans l\u2019ambiance avec des extraits de films et les commentaires d\u2019un journaliste.&nbsp;<\/li>\n<\/ul>\n\n\n\n<ul class=\"wp-block-list\">\n<li>Sur Spotify, u<strong>ne large s\u00e9lection de podcasts s\u2019ouvre \u00e9galement \u00e0 toi<\/strong>, mais nous avons une pr\u00e9f\u00e9rence pour celui intitul\u00e9 \u201c<em>\u00c9pisode 13 : Pearl Harbor : l\u2019entr\u00e9e en guerre des&nbsp;\u00c9tats-Unis<\/em>\u201d qui explique dans les moindres d\u00e9tails toutes les \u00e9tapes de la bataille de Pearl Harbor.&nbsp;\ud83d\udc47<\/li>\n<\/ul>\n\n\n\n<figure class=\"wp-block-embed is-type-rich is-provider-spotify wp-block-embed-spotify wp-embed-aspect-21-9 wp-has-aspect-ratio\"><div class=\"wp-block-embed__wrapper\">\n<iframe title=\"Spotify Embed: Episode 13 : Pearl Harbor : l\u2019entr\u00e9e en guerre des \u00c9tats-Unis. \" style=\"border-radius: 12px\" width=\"100%\" height=\"152\" frameborder=\"0\" allowfullscreen allow=\"autoplay; clipboard-write; encrypted-media; fullscreen; picture-in-picture\" loading=\"lazy\" src=\"https:\/\/open.spotify.com\/embed\/episode\/14a9wYfVCzwcJqc3qkdNKS?si=078abfed76b540c3&#038;utm_source=oembed\"><\/iframe>\n<\/div><\/figure>\n\n\n\n<h2 class=\"wp-block-heading\" id=\"pearl-harbor-en-resume\">Pearl Harbor en r\u00e9sum\u00e9&nbsp;<\/h2>\n\n\n\n<p><strong>Quelles ont \u00e9t\u00e9 les cons\u00e9quences de la bataille de Pearl Harbor et qu\u2019a-t-elle engendr\u00e9 ?<\/strong> Eh bien, comme on s\u2019en doute, les dommages sont bien plus importants du c\u00f4t\u00e9 am\u00e9ricain que de celui des Japonais. De plus, \u00e0 la suite de <strong>l\u2019attaque Japonaise de Pearl Harbor<\/strong>, les \u00c9tats-Unis entrent en guerre et m\u00e8nent <strong>4 longues ann\u00e9es de combats<\/strong> qui vont amener le Japon \u00e0 capituler\u2026<\/p>\n\n\n\n<p>On esp\u00e8re que finalement ton futur examen sur la bataille de Pearl Harbor te tracasse moins. On te souhaite la r\u00e9ussite et n\u2019h\u00e9site pas \u00e0 nous partager tes r\u00e9sultats pour que nous sachions si notre article t\u2019a aid\u00e9 ! \u00c0 bient\u00f4t pour un prochain article ! \ud83d\udc4b<\/p>\n\n\n<div class=\"kk-star-ratings kksr-auto kksr-align-center kksr-valign-bottom\"\n    data-payload='{&quot;align&quot;:&quot;center&quot;,&quot;id&quot;:&quot;218167&quot;,&quot;slug&quot;:&quot;default&quot;,&quot;valign&quot;:&quot;bottom&quot;,&quot;ignore&quot;:&quot;&quot;,&quot;reference&quot;:&quot;auto&quot;,&quot;class&quot;:&quot;&quot;,&quot;count&quot;:&quot;16&quot;,&quot;legendonly&quot;:&quot;&quot;,&quot;readonly&quot;:&quot;&quot;,&quot;score&quot;:&quot;4.9&quot;,&quot;starsonly&quot;:&quot;&quot;,&quot;best&quot;:&quot;5&quot;,&quot;gap&quot;:&quot;5&quot;,&quot;greet&quot;:&quot;Tu as aim\u00e9 cet article ?&quot;,&quot;legend&quot;:&quot;4.9\\\/5 - (16 votes)&quot;,&quot;size&quot;:&quot;24&quot;,&quot;title&quot;:&quot;Tout savoir sur la Bataille de Pearl Harbor \u2693\ufe0f&quot;,&quot;width&quot;:&quot;139.6&quot;,&quot;_legend&quot;:&quot;{score}\\\/{best} - ({count} {votes})&quot;,&quot;font_factor&quot;:&quot;1.25&quot;}'>\n            \n<div class=\"kksr-stars\">\n    \n<div class=\"kksr-stars-inactive\">\n            <div class=\"kksr-star\" data-star=\"1\" style=\"padding-right: 5px\">\n            \n\n<div class=\"kksr-icon\" style=\"width: 24px; height: 24px;\"><\/div>\n        <\/div>\n            <div class=\"kksr-star\" data-star=\"2\" style=\"padding-right: 5px\">\n            \n\n<div class=\"kksr-icon\" style=\"width: 24px; height: 24px;\"><\/div>\n        <\/div>\n            <div class=\"kksr-star\" data-star=\"3\" style=\"padding-right: 5px\">\n            \n\n<div class=\"kksr-icon\" style=\"width: 24px; height: 24px;\"><\/div>\n        <\/div>\n            <div class=\"kksr-star\" data-star=\"4\" style=\"padding-right: 5px\">\n            \n\n<div class=\"kksr-icon\" style=\"width: 24px; height: 24px;\"><\/div>\n        <\/div>\n            <div class=\"kksr-star\" data-star=\"5\" style=\"padding-right: 5px\">\n            \n\n<div class=\"kksr-icon\" style=\"width: 24px; height: 24px;\"><\/div>\n        <\/div>\n    <\/div>\n    \n<div class=\"kksr-stars-active\" style=\"width: 139.6px;\">\n            <div class=\"kksr-star\" style=\"padding-right: 5px\">\n            \n\n<div class=\"kksr-icon\" style=\"width: 24px; height: 24px;\"><\/div>\n        <\/div>\n            <div class=\"kksr-star\" style=\"padding-right: 5px\">\n            \n\n<div class=\"kksr-icon\" style=\"width: 24px; height: 24px;\"><\/div>\n        <\/div>\n            <div class=\"kksr-star\" style=\"padding-right: 5px\">\n            \n\n<div class=\"kksr-icon\" style=\"width: 24px; height: 24px;\"><\/div>\n        <\/div>\n            <div class=\"kksr-star\" style=\"padding-right: 5px\">\n            \n\n<div class=\"kksr-icon\" style=\"width: 24px; height: 24px;\"><\/div>\n        <\/div>\n            <div class=\"kksr-star\" style=\"padding-right: 5px\">\n            \n\n<div class=\"kksr-icon\" style=\"width: 24px; height: 24px;\"><\/div>\n        <\/div>\n    <\/div>\n<\/div>\n                \n\n<div class=\"kksr-legend\" style=\"font-size: 19.2px;\">\n            4.9\/5 - (16 votes)    <\/div>\n    <\/div>\n","protected":false},"excerpt":{"rendered":"<p>La bataille de Pearl Harbor marque un tournant dans la Seconde Guerre mondiale. Alors que la tension est (&#8230;)<\/p>\n","protected":false},"author":158,"featured_media":218188,"comment_status":"open","ping_status":"closed","sticky":false,"template":"","format":"standard","meta":{"_acf_changed":false,"footnotes":""},"category":[803,821],"tag":[383,79,380],"class_list":["post-218167","post","type-post","status-publish","format-standard","has-post-thumbnail","hentry","category-apprendre-matiere","category-histoire","tag-etats-unis","tag-lycee","tag-seconde-guerre-mondiale"],"acf":[],"_links":{"self":[{"href":"https:\/\/sherpas.com\/blog\/wp-json\/wp\/v2\/posts\/218167","targetHints":{"allow":["GET"]}}],"collection":[{"href":"https:\/\/sherpas.com\/blog\/wp-json\/wp\/v2\/posts"}],"about":[{"href":"https:\/\/sherpas.com\/blog\/wp-json\/wp\/v2\/types\/post"}],"author":[{"embeddable":true,"href":"https:\/\/sherpas.com\/blog\/wp-json\/wp\/v2\/users\/158"}],"replies":[{"embeddable":true,"href":"https:\/\/sherpas.com\/blog\/wp-json\/wp\/v2\/comments?post=218167"}],"version-history":[{"count":0,"href":"https:\/\/sherpas.com\/blog\/wp-json\/wp\/v2\/posts\/218167\/revisions"}],"wp:featuredmedia":[{"embeddable":true,"href":"https:\/\/sherpas.com\/blog\/wp-json\/wp\/v2\/media\/218188"}],"wp:attachment":[{"href":"https:\/\/sherpas.com\/blog\/wp-json\/wp\/v2\/media?parent=218167"}],"wp:term":[{"taxonomy":"category","embeddable":true,"href":"https:\/\/sherpas.com\/blog\/wp-json\/wp\/v2\/category?post=218167"},{"taxonomy":"tag","embeddable":true,"href":"https:\/\/sherpas.com\/blog\/wp-json\/wp\/v2\/tag?post=218167"}],"curies":[{"name":"wp","href":"https:\/\/api.w.org\/{rel}","templated":true}]}}