{"id":189544,"date":"2025-12-03T11:16:05","date_gmt":"2025-12-03T10:16:05","guid":{"rendered":"https:\/\/sherpas.com\/blog\/20-oeuvres-pour-aimer-la-geopolitique\/"},"modified":"2025-12-09T11:16:14","modified_gmt":"2025-12-09T10:16:14","slug":"20-oeuvres-pour-aimer-la-geopolitique","status":"publish","type":"post","link":"https:\/\/sherpas.com\/blog\/20-oeuvres-pour-aimer-la-geopolitique\/","title":{"rendered":"20 \u0153uvres pour (enfin) aimer la g\u00e9opolitique ! \ud83c\udfa8"},"content":{"rendered":"\n<p><strong>Tu es lyc\u00e9en et tu h\u00e9sites \u00e0 choisir la g\u00e9opolitique comme sp\u00e9cialit\u00e9 ? Tu es d\u00e9j\u00e0 en terminale mais tu ne sais pas quoi choisir entre l\u2019ESH ou la G\u00e9opolitique en pr\u00e9pa ECG ? Tu fais de la g\u00e9opolitique en \u00e9tude post-bac mais tu en as un peu marre d\u2019\u00e9tudier le d\u00e9veloppement des structures claniques au fin fond du Mali ? Tu souhaites simplement d\u00e9couvrir des \u0153uvres qui ont un sens, des valeurs, un engagement ?<\/strong> Alors pas de souci ! Tu as frapp\u00e9 \u00e0 la bonne porte. <span class=\"emoji\">\ud83d\ude04<\/span><\/p>\n\n\n\n<p><strong>La g\u00e9opolitique est un domaine qui est complexe, riche, int\u00e9ressant et surtout n\u00e9cessaire !<\/strong> Mais il suffit de n\u2019avoir aucune information sur la mati\u00e8re (ou m\u00eame d\u2019avoir un prof peu int\u00e9ressant) pour totalement la d\u00e9laisser. Laisse-moi aujourd\u2019hui te prouver que la g\u00e9opolitique est omnipr\u00e9sente et peut aussi \u00eatre agr\u00e9able \u00e0 s\u2019approprier.<br>\nQui a dit que travailler la g\u00e9opolitique ne se faisait essentiellement que par l\u2019apprentissage d\u2019un livre par c\u0153ur ? Qui a dit qu\u2019il n\u2019y avait pas moyen d\u2019am\u00e9liorer ses connaissances sur un sujet tout en se divertissant ? Qui a dit qu\u2019une \u0153uvre d\u2019art ne pouvait pas laisser une trace dans ton esprit et modifier ta vision du monde \u00e0 jamais ? <span class=\"emoji\">\ud83e\udd14<\/span><\/p>\n\n\n\n<p><strong><b>\ud83d\udca1 <\/b>Aujourd\u2019hui, les Sherpas te proposent de voir 5 films, 5 \u0153uvres musicales, 5 \u0153uvres litt\u00e9raires et 5 peintures qui t\u2019apprendront beaucoup sans demander un effort surhumain. Nous t\u2019offrons ici quelques cl\u00e9s pour apprendre \u00e0 appr\u00e9cier la g\u00e9opolitique et pour d\u00e9couvrir des p\u00e9riodes et des id\u00e9ologies plus en profondeur.<\/strong> La diffusion de la connaissance faisant partie de nos valeurs, nous esp\u00e9rons te faire d\u00e9couvrir des \u0153uvres exceptionnelles que tu ne connaissais pas forc\u00e9ment, et d\u2019en voir d&rsquo;autres sous un jour nouveau.<\/p>\n\n\n\n<p>Je ne ferai pas de grandes analyses des \u0153uvres. Certaines sont tr\u00e8s connues. D\u2019autres sont tr\u00e8s compr\u00e9hensibles. Je mettrai cependant un ou deux sites expliquant en d\u00e9tail certaines \u0153uvres (notamment pour les peintures, au sujet de la symbolique et de la technique) qui le feront mieux que moi. Le but n\u2019est pas de te brider dans ma propre interpr\u00e9tation et analyse des \u0153uvres. <strong>Le seul objectif de cet article est de te faire d\u00e9couvrir ou red\u00e9couvrir des \u0153uvres qui sont autant de portes vers des \u00e9poques et des situations g\u00e9opolitiques diff\u00e9rentes.<\/strong><\/p>\n\n\n\n<h2 class=\"wp-block-heading\" id=\"la-geopolitique-dans-les-oeuvres-cinematographiques\"><span style=\"font-size: 18pt\"><strong>La g\u00e9opolitique dans les oeuvres cin\u00e9matographiques<\/strong><\/span><span class=\"emoji\">\ud83c\udfa5<\/span><\/h2>\n\n\n\n<h3 class=\"wp-block-heading\" id=\"le-cuirasse-potemkine-la-propagande-communiste-au-cinema\"><span style=\"text-decoration: underline\"><span style=\"font-size: 14pt\">Le cuirass\u00e9 Potemkine : la propagande communiste au cin\u00e9ma<\/span><\/span><\/h3>\n\n\n<div class=\"wp-block-image\">\n<figure class=\"aligncenter\"><img decoding=\"async\" src=\"https:\/\/sherpas.com\/blog\/content\/uploads\/2021\/10\/le-cuirasse-potemkine.jpg\" alt=\"le cuirass\u00e9 potemkine\" class=\"wp-image-109915\"\/><\/figure>\n<\/div>\n\n\n<p><strong>\ud83d\udc49\ud83c\udffb  Le cuirass\u00e9 Potemkine est un film muet sorti en 1925 et r\u00e9alis\u00e9 par <a data-schema-attribute=\"\" href=\"https:\/\/fr.wikipedia.org\/wiki\/Sergue%C3%AF_Eisenstein\" target=\"_blank\" rel=\"noopener\">Sergue\u00ef Eisenstein<\/a>. Il s\u2019agit de l\u2019un des films majeurs de la propagande sovi\u00e9tique.<\/strong> Interdit dans de nombreux pays durant la Guerre Froide, le film raconte et romance la mutinerie du c\u00e9l\u00e8bre cuirass\u00e9e Potemkine, le fleuron de la marine imp\u00e9riale Russe, ainsi que la r\u00e9pression et l\u2019insurrection qui s\u2019ensuivirent dans la ville d\u2019Odessa en actuelle Ukraine.<\/p>\n\n\n\n<p><strong><b>\ud83d\udca1 <\/b>Historiquement, la mutinerie du cuirass\u00e9e Potemkine a effectivement eu lieu et est devenue un symbole de la R\u00e9volution Russe de 1905.<\/strong> Cette mutinerie est consid\u00e9r\u00e9e comme un signe avant-coureur de la R\u00e9volution d\u2019Octobre 1917.<\/p>\n\n\n\n<p><strong><b>\ud83d\udca1 <\/b>Ce film poss\u00e8de donc une importante symbolique pour le monde communisme : il fut r\u00e9alis\u00e9 pour c\u00e9l\u00e9brer le 20e anniversaire de la R\u00e9volution de 1905.<\/strong> C\u2019est un film dit \u00ab de commande \u00bb qui a \u00e9t\u00e9 express\u00e9ment demand\u00e9 par la Commission d\u2019Etat. Ce film marque la naissance de l\u2019utilisation du cin\u00e9ma comme moyen de propagande par les sovi\u00e9tiques.<\/p>\n\n\n\n<p>Bien entendu, le film a \u00e9t\u00e9 orient\u00e9 pour montrer une mutinerie montrant les d\u00e9buts du rouage communistes, ce qui n\u2019est pas une r\u00e9alit\u00e9. De plus, l\u2019accent est mis sur la repr\u00e9sentation film\u00e9e des clivages de la soci\u00e9t\u00e9s russes, sur les in\u00e9galit\u00e9s, sur la violence des pro-tsar et des hommes de pouvoirs qui n\u2019\u00e9taient pas dans le camp des communismes et sur l\u2019intelligence et la force de caract\u00e8re des mutins.<br>\n<strong>Ce film est un v\u00e9ritable bijou du XXe si\u00e8cle puisqu\u2019il est consid\u00e9r\u00e9 comme l\u2019un des plus grands films de propagande de tous les temps<\/strong>. Il permet d\u2019appr\u00e9hender et d\u2019entrer dans l\u2019histoire sovi\u00e9tique du si\u00e8cle dernier. Il fait comprendre comment se met en place une propagande, comment elle peut s\u2019ins\u00e9rer dans l\u2019esprit des masses et comment le pouvoir est mis en sc\u00e8ne.<\/p>\n\n\n\n<p>La particularit\u00e9 de ce film c\u2019est qu\u2019il est aujourd\u2019hui peu connu du fait de sa difficile accessibilit\u00e9 (noir et blanc, muet, introuvable sur Netflix et j\u2019en passe\u2026) et pourtant, certaines sc\u00e8nes sont si c\u00e9l\u00e8bres que tu as forc\u00e9ment vu des reprises. Dans la sc\u00e8ne la plus c\u00e9l\u00e8bre, celle des escaliers, une femme l\u00e2che le landau avec son enfant qui d\u00e9vale les grands escaliers d\u2019Odessa. Cette sc\u00e8ne a \u00e9t\u00e9 reprise par les Simpson, Les Incorruptibles ou encore la Cit\u00e9 de la Peur !<\/p>\n\n\n\n<p><strong>\ud83d\udc49\ud83c\udffb  Plus qu\u2019un simple film, le cuirass\u00e9 Potemkine a \u00e9t\u00e9 maintes fois analys\u00e9 pour ce qu\u2019il apprend sur le contr\u00f4le des masses et la fascination du pouvoir. Les id\u00e9es de progr\u00e8s et d\u2019\u00e9mancipations v\u00e9hicul\u00e9es, coupl\u00e9es au r\u00eave de l\u2019Unit\u00e9 communiste, ne se nourrissent que du d\u00e9nuement, creuset des extr\u00eames<\/strong>. La repr\u00e9sentation appauvrie du peuple et des marins mis en face des soldats flambants neufs \u00e0 la marche m\u00e9canique et \u00e0 la r\u00e9pression syst\u00e9matique (quasiment sans humanit\u00e9) donne ce coup de poing qui modifiera la repr\u00e9sentation des personnes les moins arm\u00e9s pour faire face \u00e0 la propagande. Eisenstein nous offre une \u0153uvre o\u00f9 chaque plan et chaque mouvement ne deviennent qu\u2019une mani\u00e8re d\u2019imprimer l\u2019id\u00e9ologie dans l\u2019esprit de chaque observateur.<\/p>\n\n\n\n<p><strong>\ud83d\udc49\ud83c\udffb  Ce film nous fait passer par 3 \u00e9tats bien diff\u00e9rents<\/strong>, mais tous importants pour l\u2019acceptation finale de l\u2019id\u00e9ologie.<br> &#8211; Tout d\u2019abord la compassion et le sentiment de r\u00e9volte face aux injustices. Les marins sont des h\u00e9ros pour les habitants d\u2019Odessa mais sont soumis \u00e0 une terrible injustice d\u00e8s le d\u00e9but du film. L\u2019injustice se poursuit lorsque l\u2019arm\u00e9e massacre la population.<br> &#8211; Viens la d\u00e9monstration de puissance. Le cuirass\u00e9 d\u00e9truit les signes du Tsar (les statues de lions) puis fait face en mer \u00e0 toute la flotte du Tsar de Russie.<br> &#8211; Enfin : le respect infini de l\u2019id\u00e9ologie. La flotte du Tsar ne tire plus, au contraire, il c\u00e9l\u00e8bre la r\u00e9ussite du cuirass\u00e9, et se joint \u00e0 lui ! Lorsque tout semble perdu, l\u2019espoir rena\u00eet et jaillit avec puissance.<br> Le cuirass\u00e9 Potemkine, c\u2019est cela : l\u2019atroce injustice qui devient le plus beau des espoirs gr\u00e2ce au communisme, romanc\u00e9 et rendu magnifique par le talent du r\u00e9alisateur. <strong>N\u2019h\u00e9site pas \u00e0 aller le voir ! <span class=\"emoji\">\ud83d\ude09<\/span><\/strong><\/p>\n\n\n\n<h3 class=\"wp-block-heading\" id=\"mientras-dure-la-guerra-quand-lamour-de-la-republique-disparait\"><span style=\"text-decoration: underline\"><span style=\"font-size: 14pt\">Mientras dure la guerra : Quand l\u2019amour de la R\u00e9publique dispara\u00eet<\/span><\/span><\/h3>\n\n\n<div class=\"wp-block-image\">\n<figure class=\"aligncenter\"><img decoding=\"async\" src=\"https:\/\/sherpas.com\/blog\/content\/uploads\/2021\/10\/mientras-dure-la-guerre.jpg\" alt=\"mientras dure la guerre\" class=\"wp-image-109919\"\/><\/figure>\n<\/div>\n\n\n<p><strong><span style=\"text-decoration: underline\"><span style=\"text-decoration: underline\" class=\"underline\">\ud83d\udc49\ud83c\udffb  Mientras dure la guerra<\/span><\/span> (ou \u00ab lettre \u00e0 Franco \u00bb en Fran\u00e7ais) est le dernier film d&rsquo; <a data-schema-attribute=\"\" href=\"https:\/\/fr.wikipedia.org\/wiki\/Alejandro_Amen%C3%A1bar\" target=\"_blank\" rel=\"noopener\">Alejandro Amenabar<\/a>. Sorti en 2019, il raconte l\u2019histoire de Miguel de Unamuno qui voit peu \u00e0 peu tomber la R\u00e9publique qu\u2019il avait b\u00e2tie dans la d\u00e9rive fasciste de <a data-schema-attribute=\"\" href=\"https:\/\/fr.wikipedia.org\/wiki\/Francisco_Franco\" target=\"_blank\" rel=\"noopener\">Franco<\/a>, dictateur espagnol.<\/strong> Nous sommes en 1936, \u00e0 Salamanque, la <a href=\"https:\/\/sherpas.com\/blog\/guerre-despagne\/\"><strong>guerre civile espagnole<\/strong><\/a> (1936-1939) en \u00e9tait \u00e0 ses balbutiements. Ce film raconte l\u2019arriv\u00e9e au pouvoir de Franco en Espagne. On le voit tout au long du film avancer ses pions, douter de sa l\u00e9gitimit\u00e9 et s\u2019entourer des grands noms de l\u2019\u00e9poque.<\/p>\n\n\n\n<p>Miguel de Unamuno va tout d\u2019abord d\u00e9fendre dans un communiqu\u00e9 le coup d\u2019Etat de la junte militaire, croyant r\u00e9ellement qu\u2019il s\u2019agit d\u2019une \u00e9tape obligatoire dans le combat face aux communistes pour garantir la paix et la stabilit\u00e9 de la r\u00e9publique. Il changera d\u2019avis au fur et \u00e0 mesure du film, alors que le m\u00e9canisme fasciste se met en place.<\/p>\n\n\n\n<p><strong><span style=\"text-decoration: underline\"><b>\ud83d\udca1 <\/b> Mientras dure la guerra<\/span> aborde le d\u00e9sarroi de la population par le prisme de ses intellectuels. Tr\u00e8s fin dans son propos, il arrive tout de m\u00eame \u00e0 faire ressentir la brutalit\u00e9 du changement politique qui se joue sous nos yeux.<\/strong> Son respect pour les \u00e9v\u00e9nements historiques assure une immersion totale dans les aspects les moins connus de l\u2019histoire espagnole. Tous ceux qui auront eu des cours d\u2019espagnol connaissent Franco et sa dictature, mais peu peuvent parler du passage entre la r\u00e9publique et la Guerre Civile. Peu peuvent expliquer la pression politique, les enfermements et les tueries. Si vous souhaitez conna\u00eetre un peu mieux cette partie, foncez sur ce film. Pour l\u2019avoir vu deux fois au cin\u00e9ma, il vaut vraiment le coup. <strong><span class=\"emoji\">\ud83d\ude09<\/span><\/strong><\/p>\n\n\n\n<h3 class=\"wp-block-heading\" id=\"timbuktu-la-charia-vue-par-lart\"><span style=\"text-decoration: underline;font-size: 14pt\">Timbuktu : la Charia vue par l\u2019art<\/span><\/h3>\n\n\n<div class=\"wp-block-image\">\n<figure class=\"aligncenter\"><img decoding=\"async\" src=\"https:\/\/sherpas.com\/blog\/content\/uploads\/2021\/10\/timbuktu.jpg\" alt=\"\" class=\"wp-image-109924\"\/><\/figure>\n<\/div>\n\n\n<p><strong><b>\ud83d\udca1 <\/b>L\u2019Afrique est souvent un continent mis en marge et oubli\u00e9 lorsque l\u2019on parle de g\u00e9ostrat\u00e9gie \u00e0 l\u2019\u00e9chelle mondiale<\/strong>. Trump ne la prenait pas en compte, elle n\u2019avait pas son mot \u00e0 dire pendant la Guerre Froide, elle a \u00e9t\u00e9 spoli\u00e9e de ses richesses et partag\u00e9e par les grandes puissances europ\u00e9ennes\u2026 <strong>Pourtant, l\u2019histoire de l\u2019Afrique peut \u00eatre int\u00e9ressante \u00e0 observer et \u00e0 d\u00e9couvrir, et c\u2019est ce que je vais te proposer ici.<\/strong><\/p>\n\n\n\n<p><strong>\ud83d\udc49\ud83c\udffb  Timbuktu est un film r\u00e9alis\u00e9 par <a data-schema-attribute=\"\" href=\"https:\/\/fr.wikipedia.org\/wiki\/Abderrahmane_Sissako\" target=\"_blank\" rel=\"noopener\">Abderrahmane Sissako<\/a> en 2014. Il raconte l\u2019histoire de la ville de Tombouctou, lorsque les islamistes l\u2019envahissent et y imposent la <a data-schema-attribute=\"\" href=\"https:\/\/fr.wikipedia.org\/wiki\/Charia#:~:text=La%20charia%20(en%20arabe%20%3A%20%D8%A7%D9%84%D8%B4%D9%8E%D9%91%D8%B1%D9%90%D9%8A%D8%B9%D9%8E%D8%A9,loi%20%5Bde%20Dieu%5D%20%C2%BB.\" target=\"_blank\" rel=\"noopener\">Charia<\/a><\/strong>. La Charia est la loi Islamique qui codifie l\u2019ensemble des droits et devoirs des musulmans au niveau collectif et individuel. Retenez bien ce mot, nous le reverrons plus tard. <strong>Du jour au lendemain, dans la ville de Tombouctou, la musique est interdite, le football aussi et les femmes sont pers\u00e9cut\u00e9es. Des tribunaux se forment et rendent des sentences injustes et fermes.<\/strong> Pourtant, une partie de la population r\u00e9siste, et font l\u2019apologie d\u2019une forme d\u2019Islam diff\u00e9rente et plus juste, plus ouverte.<\/p>\n\n\n\n<p><strong><b>\ud83d\udca1 <\/b>Timbuktu d\u00e9nonce la Charia et pr\u00f4ne un mod\u00e8le d\u2019Islam plus compatible avec les besoins et les envies de la soci\u00e9t\u00e9 actuelle.<\/strong> Le film ne rejette pas l\u2019Islam bien au contraire : il montre que foi et modernit\u00e9 peut fusionner et parfaitement s\u2019imbriquer. Ce film permet de d\u00e9couvrir la face lugubre d\u2019un monde que nous, occidentaux, nous ne connaissons pas (ou tr\u00e8s peu).<\/p>\n\n\n\n<p><strong>Dans un pays o\u00f9 plus de 90% de la population est musulmane, le film montre la difficile (sinon impossible) adaptation de la population croyante et pratiquante sous le fondamentalisme religieux.<\/strong> Ce film devrait \u00eatre un passage oblig\u00e9 pour tout \u00e9l\u00e8ve de coll\u00e8ge et lyc\u00e9e puisqu\u2019il montre diff\u00e9rentes Islam et donc emp\u00eache d\u2019amalgamer et de m\u00e9langer fondamentalisme stricte et la religion du quotidien. C\u2019est une porte d\u2019entr\u00e9e dans un monde qui est souvent difficile d\u2019acc\u00e8s aujourd\u2019hui.<strong> C\u2019est un pas vers la compr\u00e9hension des soci\u00e9t\u00e9s islamiques, du petit et grand Djihad et de la religion musulmane en g\u00e9n\u00e9rale. <span class=\"emoji\">\ud83d\ude04<\/span><\/strong><\/p>\n\n\n\n<h3 class=\"wp-block-heading\" id=\"valse-avec-bachir-quand-la-memoire-te-protege\"><span style=\"text-decoration: underline\"><span style=\"font-size: 14pt\">Valse avec Bachir : Quand la m\u00e9moire te prot\u00e8ge<\/span><\/span><\/h3>\n\n\n<div class=\"wp-block-image\">\n<figure class=\"aligncenter\"><img decoding=\"async\" src=\"https:\/\/sherpas.com\/blog\/content\/uploads\/2021\/10\/valse-avec-bachir.jpg\" alt=\"\" class=\"wp-image-109925\"\/><\/figure>\n<\/div>\n\n\n<p><strong>\ud83d\udc49\ud83c\udffb  Valse avec Bachir est un film r\u00e9alis\u00e9 par <a data-schema-attribute=\"\" href=\"https:\/\/fr.wikipedia.org\/wiki\/Ari_Folman\" target=\"_blank\" rel=\"noopener\">Ari Folman<\/a>. Il s\u2019agit d\u2019un documentaire autobiographique mis sous forme d\u2019animation qui retrace le d\u00e9sir du narrateur de comprendre pourquoi il fait le m\u00eame r\u00eave depuis plusieurs ann\u00e9es, et pourquoi il n\u2019a que des souvenirs flous de certains moment de sa vie militaire<\/strong>. Le jeune Ari avait justement servi dans l\u2019arm\u00e9e durant l\u2019op\u00e9ration \u00ab paix en Galil\u00e9e \u00bb provoqu\u00e9e par Isra\u00ebl. Nous suivons l\u2019initiation du narrateur \u00e0 travers sa rencontre avec d\u2019anciens amis, ce qui lui permettra de reconstituer le puzzle qu\u2019est sa m\u00e9moire. Son \u00e9trange r\u00eave, des corps nus sortant de l\u2019eau et traversant la plage, va peu \u00e0 peu se muer en une effroyable v\u00e9rit\u00e9 : celle des <a data-schema-attribute=\"\" href=\"https:\/\/fr.wikipedia.org\/wiki\/Massacre_de_Sabra_et_Chatila\" target=\"_blank\" rel=\"noopener\">massacres de Sabra et Chatila en 1982<\/a>.<\/p>\n\n\n\n<p><strong><b>\ud83d\udca1 <\/b>Sabra et Chatila sont respectivement des quartiers et camps de r\u00e9fugi\u00e9s palestiniens situ\u00e9s \u00e0 l\u2019Ouest de Beyrouth. Entre le 16 et le 18 septembre 1982 les milices chr\u00e9tiennes des phalangistes ont massacr\u00e9 entre 460 et 3500 Palestiniens<\/strong>. Rappelons que \u00ab les Phalanges libanaises \u00bb est un parti politique libanais fond\u00e9 en 1936). Le narrateur nous fait d\u00e9couvrir l\u2019un des \u00e9v\u00e9nements les plus tristement funestes du conflit Isra\u00eblo-Palestinien, l\u2019un des plus vieux conflits encore sans issus aujourd\u2019hui.<\/p>\n\n\n<section class=\"push \">\n        <div >\n            \n                                                <div class=\"push__container  qcd\" data-target=\"_self\" data-qcd=\"aHR0cHM6Ly9zaGVycGFzLmNvbS9mdW5uZWwtc3R1ZGVudC1xdWFsaWZpY2F0aW9u\" data-banner=\"2\" data-name=\"Cours part&amp;rsquo; global #1 = CPG1\" style=\"background-color: #F3FBF7\" >\n                                                                        <div class=\"push__teachers\">\n    <div class=\"d-flex justify-content-center d-md-none\">\n        <img decoding=\"async\" class=\"push__logo\" src=\"\/content\/themes\/sherpas-theme\/dist\/images\/logo.svg\" alt=\"Logo Sherpas\">\n    <\/div>\n    <div class=\"swiper\">\n        <div class=\"swiper-wrapper\">\n                                            <div class=\"swiper-slide\">\n                    <div class=\"push__teachers-card\">\n                        <div\n                            class=\"push__teachers-profil\"\n                            \n                            style=\"background-image: url(https:\/\/sherpas.com\/content\/uploads\/2022\/01\/Olivier2x.png);\"\n                        >\n                    <\/div>\n                         <p class=\"push__teachers-name\">Olivier<\/p>                          <p class=\"push__teachers-school\">La Sorbonne<\/p>                                                     <div class=\"push__teachers-note\">\n                                                                    <svg  class=\"active\" >\n                                        <use\n                                            xlink:href=\"\/content\/themes\/sherpas-theme\/dist\/images\/sprite.svg#star\"\/>\n                                    <\/svg>\n                                                                    <svg  class=\"active\" >\n                                        <use\n                                            xlink:href=\"\/content\/themes\/sherpas-theme\/dist\/images\/sprite.svg#star\"\/>\n                                    <\/svg>\n                                                                    <svg  class=\"active\" >\n                                        <use\n                                            xlink:href=\"\/content\/themes\/sherpas-theme\/dist\/images\/sprite.svg#star\"\/>\n                                    <\/svg>\n                                                                    <svg  class=\"active\" >\n                                        <use\n                                            xlink:href=\"\/content\/themes\/sherpas-theme\/dist\/images\/sprite.svg#star\"\/>\n                                    <\/svg>\n                                                                    <svg >\n                                        <use\n                                            xlink:href=\"\/content\/themes\/sherpas-theme\/dist\/images\/sprite.svg#star\"\/>\n                                    <\/svg>\n                                                            <\/div>\n                                                 <p class=\"push__teachers-price\">13\u20ac\/h<\/p>                     <\/div>\n                <\/div>\n                                            <div class=\"swiper-slide\">\n                    <div class=\"push__teachers-card\">\n                        <div\n                            class=\"push__teachers-profil\"\n                            \n                            style=\"background-image: url(https:\/\/sherpas.com\/content\/uploads\/2022\/01\/Fabien2x.png);\"\n                        >\n                    <\/div>\n                         <p class=\"push__teachers-name\">Fabien<\/p>                          <p class=\"push__teachers-school\">T\u00e9l\u00e9com Paris<\/p>                                                     <div class=\"push__teachers-note\">\n                                                                    <svg  class=\"active\" >\n                                        <use\n                                            xlink:href=\"\/content\/themes\/sherpas-theme\/dist\/images\/sprite.svg#star\"\/>\n                                    <\/svg>\n                                                                    <svg  class=\"active\" >\n                                        <use\n                                            xlink:href=\"\/content\/themes\/sherpas-theme\/dist\/images\/sprite.svg#star\"\/>\n                                    <\/svg>\n                                                                    <svg  class=\"active\" >\n                                        <use\n                                            xlink:href=\"\/content\/themes\/sherpas-theme\/dist\/images\/sprite.svg#star\"\/>\n                                    <\/svg>\n                                                                    <svg  class=\"active\" >\n                                        <use\n                                            xlink:href=\"\/content\/themes\/sherpas-theme\/dist\/images\/sprite.svg#star\"\/>\n                                    <\/svg>\n                                                                    <svg  class=\"active\" >\n                                        <use\n                                            xlink:href=\"\/content\/themes\/sherpas-theme\/dist\/images\/sprite.svg#star\"\/>\n                                    <\/svg>\n                                                            <\/div>\n                                                 <p class=\"push__teachers-price\">20\u20ac\/h<\/p>                     <\/div>\n                <\/div>\n                                            <div class=\"swiper-slide\">\n                    <div class=\"push__teachers-card\">\n                        <div\n                            class=\"push__teachers-profil\"\n                            \n                            style=\"background-image: url(https:\/\/sherpas.com\/content\/uploads\/2022\/01\/Noemie2x.jpg);\"\n                        >\n                    <\/div>\n                         <p class=\"push__teachers-name\">No\u00e9mie<\/p>                          <p class=\"push__teachers-school\">M2 en droit \u00e0 Assas<\/p>                                                     <div class=\"push__teachers-note\">\n                                                                    <svg  class=\"active\" >\n                                        <use\n                                            xlink:href=\"\/content\/themes\/sherpas-theme\/dist\/images\/sprite.svg#star\"\/>\n                                    <\/svg>\n                                                                    <svg  class=\"active\" >\n                                        <use\n                                            xlink:href=\"\/content\/themes\/sherpas-theme\/dist\/images\/sprite.svg#star\"\/>\n                                    <\/svg>\n                                                                    <svg  class=\"active\" >\n                                        <use\n                                            xlink:href=\"\/content\/themes\/sherpas-theme\/dist\/images\/sprite.svg#star\"\/>\n                                    <\/svg>\n                                                                    <svg  class=\"active\" >\n                                        <use\n                                            xlink:href=\"\/content\/themes\/sherpas-theme\/dist\/images\/sprite.svg#star\"\/>\n                                    <\/svg>\n                                                                    <svg  class=\"active\" >\n                                        <use\n                                            xlink:href=\"\/content\/themes\/sherpas-theme\/dist\/images\/sprite.svg#star\"\/>\n                                    <\/svg>\n                                                            <\/div>\n                                                 <p class=\"push__teachers-price\">19\u20ac\/h<\/p>                     <\/div>\n                <\/div>\n                                            <div class=\"swiper-slide\">\n                    <div class=\"push__teachers-card\">\n                        <div\n                            class=\"push__teachers-profil\"\n                            \n                            style=\"background-image: url(https:\/\/sherpas.com\/content\/uploads\/2022\/01\/Emilie2x.jpg);\"\n                        >\n                    <\/div>\n                         <p class=\"push__teachers-name\">Emilie<\/p>                          <p class=\"push__teachers-school\">Sciences Po Lyon<\/p>                                                     <div class=\"push__teachers-note\">\n                                                                    <svg  class=\"active\" >\n                                        <use\n                                            xlink:href=\"\/content\/themes\/sherpas-theme\/dist\/images\/sprite.svg#star\"\/>\n                                    <\/svg>\n                                                                    <svg  class=\"active\" >\n                                        <use\n                                            xlink:href=\"\/content\/themes\/sherpas-theme\/dist\/images\/sprite.svg#star\"\/>\n                                    <\/svg>\n                                                                    <svg  class=\"active\" >\n                                        <use\n                                            xlink:href=\"\/content\/themes\/sherpas-theme\/dist\/images\/sprite.svg#star\"\/>\n                                    <\/svg>\n                                                                    <svg  class=\"active\" >\n                                        <use\n                                            xlink:href=\"\/content\/themes\/sherpas-theme\/dist\/images\/sprite.svg#star\"\/>\n                                    <\/svg>\n                                                                    <svg  class=\"active\" >\n                                        <use\n                                            xlink:href=\"\/content\/themes\/sherpas-theme\/dist\/images\/sprite.svg#star\"\/>\n                                    <\/svg>\n                                                            <\/div>\n                                                 <p class=\"push__teachers-price\">19\u20ac\/h<\/p>                     <\/div>\n                <\/div>\n                                            <div class=\"swiper-slide\">\n                    <div class=\"push__teachers-card\">\n                        <div\n                            class=\"push__teachers-profil\"\n                            \n                            style=\"background-image: url(https:\/\/sherpas.com\/content\/uploads\/2022\/01\/Hugo2x.jpg);\"\n                        >\n                    <\/div>\n                         <p class=\"push__teachers-name\">Hugo<\/p>                          <p class=\"push__teachers-school\">Insa Lyon<\/p>                                                     <div class=\"push__teachers-note\">\n                                                                    <svg  class=\"active\" >\n                                        <use\n                                            xlink:href=\"\/content\/themes\/sherpas-theme\/dist\/images\/sprite.svg#star\"\/>\n                                    <\/svg>\n                                                                    <svg  class=\"active\" >\n                                        <use\n                                            xlink:href=\"\/content\/themes\/sherpas-theme\/dist\/images\/sprite.svg#star\"\/>\n                                    <\/svg>\n                                                                    <svg  class=\"active\" >\n                                        <use\n                                            xlink:href=\"\/content\/themes\/sherpas-theme\/dist\/images\/sprite.svg#star\"\/>\n                                    <\/svg>\n                                                                    <svg  class=\"active\" >\n                                        <use\n                                            xlink:href=\"\/content\/themes\/sherpas-theme\/dist\/images\/sprite.svg#star\"\/>\n                                    <\/svg>\n                                                                    <svg >\n                                        <use\n                                            xlink:href=\"\/content\/themes\/sherpas-theme\/dist\/images\/sprite.svg#star\"\/>\n                                    <\/svg>\n                                                            <\/div>\n                                                 <p class=\"push__teachers-price\">16\u20ac\/h<\/p>                     <\/div>\n                <\/div>\n                                            <div class=\"swiper-slide\">\n                    <div class=\"push__teachers-card\">\n                        <div\n                            class=\"push__teachers-profil\"\n                            \n                            style=\"background-image: url(https:\/\/sherpas.com\/content\/uploads\/2022\/01\/Jade2x.jpg);\"\n                        >\n                    <\/div>\n                         <p class=\"push__teachers-name\">Jade<\/p>                          <p class=\"push__teachers-school\">Sciences Po Paris<\/p>                                                     <div class=\"push__teachers-note\">\n                                                                    <svg  class=\"active\" >\n                                        <use\n                                            xlink:href=\"\/content\/themes\/sherpas-theme\/dist\/images\/sprite.svg#star\"\/>\n                                    <\/svg>\n                                                                    <svg  class=\"active\" >\n                                        <use\n                                            xlink:href=\"\/content\/themes\/sherpas-theme\/dist\/images\/sprite.svg#star\"\/>\n                                    <\/svg>\n                                                                    <svg  class=\"active\" >\n                                        <use\n                                            xlink:href=\"\/content\/themes\/sherpas-theme\/dist\/images\/sprite.svg#star\"\/>\n                                    <\/svg>\n                                                                    <svg  class=\"active\" >\n                                        <use\n                                            xlink:href=\"\/content\/themes\/sherpas-theme\/dist\/images\/sprite.svg#star\"\/>\n                                    <\/svg>\n                                                                    <svg  class=\"active\" >\n                                        <use\n                                            xlink:href=\"\/content\/themes\/sherpas-theme\/dist\/images\/sprite.svg#star\"\/>\n                                    <\/svg>\n                                                            <\/div>\n                                                 <p class=\"push__teachers-price\">21\u20ac\/h<\/p>                     <\/div>\n                <\/div>\n                                            <div class=\"swiper-slide\">\n                    <div class=\"push__teachers-card\">\n                        <div\n                            class=\"push__teachers-profil\"\n                            \n                            style=\"background-image: url(https:\/\/sherpas.com\/content\/uploads\/2022\/01\/Agathe2x.png);\"\n                        >\n                    <\/div>\n                         <p class=\"push__teachers-name\">Agathe<\/p>                          <p class=\"push__teachers-school\">ENS Lyon<\/p>                                                     <div class=\"push__teachers-note\">\n                                                                    <svg  class=\"active\" >\n                                        <use\n                                            xlink:href=\"\/content\/themes\/sherpas-theme\/dist\/images\/sprite.svg#star\"\/>\n                                    <\/svg>\n                                                                    <svg  class=\"active\" >\n                                        <use\n                                            xlink:href=\"\/content\/themes\/sherpas-theme\/dist\/images\/sprite.svg#star\"\/>\n                                    <\/svg>\n                                                                    <svg  class=\"active\" >\n                                        <use\n                                            xlink:href=\"\/content\/themes\/sherpas-theme\/dist\/images\/sprite.svg#star\"\/>\n                                    <\/svg>\n                                                                    <svg  class=\"active\" >\n                                        <use\n                                            xlink:href=\"\/content\/themes\/sherpas-theme\/dist\/images\/sprite.svg#star\"\/>\n                                    <\/svg>\n                                                                    <svg  class=\"active\" >\n                                        <use\n                                            xlink:href=\"\/content\/themes\/sherpas-theme\/dist\/images\/sprite.svg#star\"\/>\n                                    <\/svg>\n                                                            <\/div>\n                                                 <p class=\"push__teachers-price\">19\u20ac\/h<\/p>                     <\/div>\n                <\/div>\n                                            <div class=\"swiper-slide\">\n                    <div class=\"push__teachers-card\">\n                        <div\n                            class=\"push__teachers-profil\"\n                            \n                            style=\"background-image: url(https:\/\/sherpas.com\/content\/uploads\/2022\/01\/Nicolas2x.png);\"\n                        >\n                    <\/div>\n                         <p class=\"push__teachers-name\">Nicolas<\/p>                          <p class=\"push__teachers-school\">CentraleSup\u00e9lec<\/p>                                                     <div class=\"push__teachers-note\">\n                                                                    <svg  class=\"active\" >\n                                        <use\n                                            xlink:href=\"\/content\/themes\/sherpas-theme\/dist\/images\/sprite.svg#star\"\/>\n                                    <\/svg>\n                                                                    <svg  class=\"active\" >\n                                        <use\n                                            xlink:href=\"\/content\/themes\/sherpas-theme\/dist\/images\/sprite.svg#star\"\/>\n                                    <\/svg>\n                                                                    <svg  class=\"active\" >\n                                        <use\n                                            xlink:href=\"\/content\/themes\/sherpas-theme\/dist\/images\/sprite.svg#star\"\/>\n                                    <\/svg>\n                                                                    <svg  class=\"active\" >\n                                        <use\n                                            xlink:href=\"\/content\/themes\/sherpas-theme\/dist\/images\/sprite.svg#star\"\/>\n                                    <\/svg>\n                                                                    <svg  class=\"active\" >\n                                        <use\n                                            xlink:href=\"\/content\/themes\/sherpas-theme\/dist\/images\/sprite.svg#star\"\/>\n                                    <\/svg>\n                                                            <\/div>\n                                                 <p class=\"push__teachers-price\">17\u20ac\/h<\/p>                     <\/div>\n                <\/div>\n                    <\/div>\n    <\/div>\n<\/div>\n                                                    <div class=\"push__content\">\n                                                            <div  class=\"d-none d-md-block\" >\n                                    <img decoding=\"async\" class=\"push__logo\" src=\"\/content\/themes\/sherpas-theme\/dist\/images\/logo.svg\"\n                                        alt=\"Logo Sherpas\">\n                                <\/div>\n                                                                                        <div class=\"push__title\"><p>Ton premier cours particulier est offert ! <span role=\"img\" aria-label=\"\ud83c\udf81\">\ud83c\udf81<\/span><!-- notionvc: 91b6b7d7-50f2-46f4-ae1f-ecbabe834aad --><\/p>\n<\/div>\n                                                                                        <div class=\"push__text\"><p>Nos profs sont pass\u00e9s par les meilleures \u00e9coles et universit\u00e9s.<!-- notionvc: 21bb66b6-b36d-4ce8-8950-173722d75a1e --><\/p>\n<p>&nbsp;<\/p>\n<\/div>\n                                                        <div class=\"push__promo-button   \">\n                                                                                                    <div\n                                        class=\"btn btn-primary\"\n                                        style=\"color: #ffffff; border-color: ; background-color: \"\n\n                                    >\n                                        J&rsquo;EN PROFITE MAINTENANT !\n                                    <\/div>\n                                                            <\/div>\n                                                    <\/div>\n                                    <\/div>\n                                    <\/div>\n    <\/section>\n\n\n\n<p>Ce film est une tr\u00e8s belle aventure \u00e0 vivre. Le style du dessin et le mouvement appuient fortement le propos. L\u2019apog\u00e9e de ce film, c\u2019est-\u00e0-dire le moment o\u00f9 le narrateur se souvient parfaitement du massacre, est \u00e0 la fois poignant et d\u00e9chirant. Le pari du cin\u00e9aste est r\u00e9ussi : on d\u00e9couvre, on comprend, on apprend. <strong>Vous passerez forc\u00e9ment un bon moment en le regardant, quitte \u00e0 y verser une petite larme. <span class=\"emoji\">\ud83d\ude09<\/span><\/strong><\/p>\n\n\n\n<h3 class=\"wp-block-heading\" id=\"tambien-la-lluvia-leau-comme-source-de-guerre\"><span style=\"text-decoration: underline\"><span style=\"font-size: 14pt\">Tambi\u00e9n la lluvia : l\u2019eau comme source de guerre<\/span><\/span><\/h3>\n\n\n<div class=\"wp-block-image\">\n<figure class=\"aligncenter\"><img decoding=\"async\" src=\"https:\/\/sherpas.com\/blog\/content\/uploads\/2021\/10\/tambien-la-lluvia.jpg\" alt=\"\" class=\"wp-image-109922\"\/><\/figure>\n<\/div>\n\n\n<p><strong>\ud83d\udc49\ud83c\udffb  Tambi\u00e9n la lluvia est un film r\u00e9alis\u00e9 par <a data-schema-attribute=\"\" href=\"https:\/\/fr.wikipedia.org\/wiki\/Ic%C3%ADar_Bolla%C3%ADn\" target=\"_blank\" rel=\"noopener\"><b>Ic\u00edar Bolla\u00edn<\/b><\/a>, c\u00e9l\u00e8bre r\u00e9alisatrice espagnole. Il raconte l\u2019histoire d\u2019une \u00e9quipe de tournage arriv\u00e9e \u00e0 Cochabamba en Bolivie pour mettre en sc\u00e8ne leur prochain film. Sebastian et Costa, r\u00e9alisateur et producteur, ont pour objectif de raconter l\u2019histoire de l\u2019arriv\u00e9e de Christophe Colomb en Am\u00e9rique ainsi que la mise en esclavage des indig\u00e8nes.<\/strong> Retiens \u00e7a pour la suite, tu vas comprendre le parall\u00e8le qui sera fait tout au long de l\u2019\u0153uvre.<\/p>\n\n\n\n<p>Seulement l\u2019\u00e9quipe de tournage, ayant choisi la Bolivie pour des raisons de co\u00fbts (ironique lorsque l\u2019on tourne un film qui traite de l\u2019asservissement des peuples autochtones !), va rapidement se retrouver au c\u0153ur d\u2019un soul\u00e8vement populaire li\u00e9 \u00e0 la privatisation de l\u2019eau de la ville par Bechtel, une multinationale am\u00e9ricaine. Les manifestations \u00e9clatent alors, et g\u00eanent le tournage. Encore pire, le h\u00e9ros qu\u2019a choisi Sebastian pour son film est aussi l\u2019un des leaders des manifestations ! <strong>L\u2019\u00e9quipe de tournage se retrouve malgr\u00e9 eux au c\u0153ur de la <a href=\"https:\/\/fr.wikipedia.org\/wiki\/Guerre_de_l%27eau_(Bolivie)\" target=\"_blank\" rel=\"noopener\" data-schema-attribute=\"\">guerre de l\u2019eau \u00e0 Cochabamba.<\/a><\/strong><\/p>\n\n\n\n<p>L\u2019accent est mis tout le long du film sur le parall\u00e8le entre l\u2019\u0153uvre que tourne l\u2019\u00e9quipe de tournage, et le film dans lequel il se trouve : l\u2019asservissement des premiers colons arrivant en Am\u00e9rique n\u2019est pas diff\u00e9rent de celle des grosses compagnies faisant passer le prix de l\u2019eau \u00e0 un seuil impossible pour la majorit\u00e9 des habitants de Cochabamba.<\/p>\n\n\n\n<p><strong><b>\ud83d\udca1 <\/b>Ces \u00e9v\u00e9nements se sont r\u00e9ellement d\u00e9roul\u00e9s. \u00ab La Guerre de l\u2019Eau \u00bb est le nom donn\u00e9 aux violentes manifestations qui se sont d\u00e9roul\u00e9es \u00e0 Cochabamba en 2000. L\u2019entreprise Bechtel a r\u00e9ellement augment\u00e9 le prix de l\u2019eau \u00e0 un seuil \u00e9pouvantable pour la population.<\/strong> L\u2019\u0153uvre est donc engag\u00e9e et d\u00e9montre que ce refoulement des citoyens d\u2019Am\u00e9rique Latine par les Etats-Unis continue encore.<\/p>\n\n\n\n<p><b><strong>\ud83d\udca1 <\/strong><\/b>Cette \u0153uvre permet d\u2019entrer en douceur dans des si\u00e8cles de relations unilat\u00e9rales entre les Etats-Unis et l\u2019Am\u00e9rique Latine. Et c\u2019est franchement int\u00e9ressant. <strong>De la doctrine Monroe en passant par la United Fruit Company ou encore la prise de pouvoir de Pinochet, les Etats-Unis ont toujours eu une influence sur l\u2019Am\u00e9rique Latine, pour le meilleur\u2026 et bien souvent pour le pire ! <span class=\"emoji\">\ud83d\ude36<\/span><\/strong><\/p>\n\n\n\n<h2 class=\"wp-block-heading\" id=\"la-geopolitique-dans-les-oeuvres-musicales\"><strong><span style=\"font-size: 18pt\">LA GEOPOLITIQUE DANS LES \u0152UVRES MUSICALES<\/span><\/strong><span class=\"emoji\">\ud83c\udfb5<\/span><\/h2>\n\n\n\n<h3 class=\"wp-block-heading\" id=\"linternationale-le-chant-revolutionnaire-par-excellence\"><span style=\"text-decoration: underline\"><span style=\"font-size: 14pt\">L\u2019internationale : le chant r\u00e9volutionnaire par excellence<\/span><\/span><\/h3>\n\n\n\n<div data-mode=\"normal\" data-oembed=\"1\" data-provider=\"youtube\" id=\"arve-youtube-epgro-tiegm\" class=\"arve\" class=\"wp-block-nextgenthemes-arve-block\">\n\t<div class=\"arve-inner\">\n\t\t<div style=\"aspect-ratio:4\/3\" class=\"arve-embed arve-embed--has-aspect-ratio\">\n\t\t\t<div class=\"arve-ar\" style=\"padding-top:75.000000%\"><\/div>\n\t\t\t<iframe allow=\"accelerometer &apos;none&apos;;autoplay &apos;none&apos;;bluetooth &apos;none&apos;;browsing-topics &apos;none&apos;;camera &apos;none&apos;;clipboard-read &apos;none&apos;;clipboard-write;display-capture &apos;none&apos;;encrypted-media &apos;none&apos;;gamepad &apos;none&apos;;geolocation &apos;none&apos;;gyroscope &apos;none&apos;;hid &apos;none&apos;;identity-credentials-get &apos;none&apos;;idle-detection &apos;none&apos;;keyboard-map &apos;none&apos;;local-fonts;magnetometer &apos;none&apos;;microphone &apos;none&apos;;midi &apos;none&apos;;otp-credentials &apos;none&apos;;payment &apos;none&apos;;picture-in-picture;publickey-credentials-create &apos;none&apos;;publickey-credentials-get &apos;none&apos;;screen-wake-lock &apos;none&apos;;serial &apos;none&apos;;summarizer &apos;none&apos;;sync-xhr;usb &apos;none&apos;;web-share;window-management &apos;none&apos;;xr-spatial-tracking &apos;none&apos;;\" allowfullscreen=\"\" class=\"arve-iframe fitvidsignore\" credentialless data-arve=\"arve-youtube-epgro-tiegm\" data-lenis-prevent=\"\" data-src-no-ap=\"https:\/\/www.youtube-nocookie.com\/embed\/EpgrO-tieGM?feature=oembed&amp;iv_load_policy=3&amp;modestbranding=1&amp;rel=0&amp;autohide=1&amp;playsinline=0&amp;autoplay=0\" frameborder=\"0\" height=\"0\" loading=\"lazy\" name=\"\" referrerpolicy=\"strict-origin-when-cross-origin\" sandbox=\"allow-scripts allow-same-origin allow-presentation allow-popups allow-popups-to-escape-sandbox\" scrolling=\"no\" src=\"https:\/\/www.youtube-nocookie.com\/embed\/EpgrO-tieGM?feature=oembed&#038;iv_load_policy=3&#038;modestbranding=1&#038;rel=0&#038;autohide=1&#038;playsinline=0&#038;autoplay=0\" title=\"\" width=\"0\"><\/iframe>\n\t\t\t\n\t\t<\/div>\n\t\t\n\t<\/div>\n\t\n\t\n\t<script type=\"application\/ld+json\">{\"@context\":\"http:\\\/\\\/schema.org\\\/\",\"@id\":\"https:\\\/\\\/sherpas.com\\\/blog\\\/20-oeuvres-pour-aimer-la-geopolitique\\\/#arve-youtube-epgro-tiegm\",\"type\":\"VideoObject\",\"embedURL\":\"https:\\\/\\\/www.youtube-nocookie.com\\\/embed\\\/EpgrO-tieGM?feature=oembed&iv_load_policy=3&modestbranding=1&rel=0&autohide=1&playsinline=0&autoplay=0\"}<\/script>\n\t\n<\/div>\n\n\n<p>Qui dit g\u00e9opolitique au XXe si\u00e8cle dit bien entendu communisme et Guerre Froide. Tu connais sans doute le gros de ce sujet : les deux blocs, l\u2019URSS, Les Etats-Unis, l\u2019id\u00e9ologie lib\u00e9rale et communiste\u2026 Mais connais-tu l\u2019histoire du communisme en France ? Savais-tu que le <a href=\"https:\/\/fr.wikipedia.org\/wiki\/Parti_communiste_fran%C3%A7ais\" target=\"_blank\" rel=\"noopener\" data-schema-attribute=\"\">PCF<\/a> (Parti Communiste Fran\u00e7ais) poss\u00e9dait un \u00e9lectorat fort ? Etais-tu au courant que le PCF faisait partie du Kominform, le regroupement des \u00c9tats et parti politique communistes ?<\/p>\n\n\n\n<p><strong>\ud83d\udc49\ud83c\udffb  Incarnation du mouvement socialiste, l\u2019International est pourtant n\u00e9 en 1871, \u00e0 la suite d\u2019une insurrection populaire qui a dur\u00e9 pendant plus de deux mois \u00e0 Paris.<\/strong> Loin d\u2019\u00eatre rest\u00e9 dans les fronti\u00e8res fran\u00e7aises, l\u2019Internationale s\u2019entend \u00e0 travers le monde depuis plusieurs si\u00e8cles. Elle est un terreau propice pour le mouvement communiste : historique, facile \u00e0 comprendre et ayant d\u00e9j\u00e0 fait ses preuves,<strong> l\u2019Internationale r\u00e9sonne aujourd\u2019hui comme le chant des ouvriers prol\u00e9taires en col\u00e8re. <b>\ud83d\udca1<\/b><\/strong><br> L\u2019Internationale servira m\u00eame d\u2019hymne nationale \u00e0 l\u2019URSS entre 1922 et 1944 !<br> Que l\u2019on se sente socialiste ou non, force est de constater que la force du mouvement r\u00e9sonne dans cette musique. Cette musique est une bonne mani\u00e8re de d\u00e9couvrir \u00e0 la fois l\u2019id\u00e9ologie socialiste et son impact au XXe si\u00e8cle mais permet de d\u00e9couvrir toutes les luttes qui ont pr\u00e9c\u00e9d\u00e9 la Guerre Froide. Et autant dire que pour tout conna\u00eetre, il va te falloir beaucoup de passion et de temps, mais le jeu en vaut la chandelle. <strong><span class=\"emoji\">\ud83d\ude09<\/span><\/strong><\/p>\n\n\n\n<h3 class=\"wp-block-heading\" id=\"hasta-siempre-reverence-au-che\"><span style=\"text-decoration: underline\"><span style=\"font-size: 14pt\">Hasta Siempre : r\u00e9v\u00e9rence au Che<\/span><\/span><\/h3>\n\n\n\n<div data-mode=\"normal\" data-oembed=\"1\" data-provider=\"youtube\" id=\"arve-youtube-gxtwzu0-wpm\" class=\"arve\" class=\"wp-block-nextgenthemes-arve-block\">\n\t<div class=\"arve-inner\">\n\t\t<div style=\"aspect-ratio:4\/3\" class=\"arve-embed arve-embed--has-aspect-ratio\">\n\t\t\t<div class=\"arve-ar\" style=\"padding-top:75.000000%\"><\/div>\n\t\t\t<iframe allow=\"accelerometer &apos;none&apos;;autoplay &apos;none&apos;;bluetooth &apos;none&apos;;browsing-topics &apos;none&apos;;camera &apos;none&apos;;clipboard-read &apos;none&apos;;clipboard-write;display-capture &apos;none&apos;;encrypted-media &apos;none&apos;;gamepad &apos;none&apos;;geolocation &apos;none&apos;;gyroscope &apos;none&apos;;hid &apos;none&apos;;identity-credentials-get &apos;none&apos;;idle-detection &apos;none&apos;;keyboard-map &apos;none&apos;;local-fonts;magnetometer &apos;none&apos;;microphone &apos;none&apos;;midi &apos;none&apos;;otp-credentials &apos;none&apos;;payment &apos;none&apos;;picture-in-picture;publickey-credentials-create &apos;none&apos;;publickey-credentials-get &apos;none&apos;;screen-wake-lock &apos;none&apos;;serial &apos;none&apos;;summarizer &apos;none&apos;;sync-xhr;usb &apos;none&apos;;web-share;window-management &apos;none&apos;;xr-spatial-tracking &apos;none&apos;;\" allowfullscreen=\"\" class=\"arve-iframe fitvidsignore\" credentialless data-arve=\"arve-youtube-gxtwzu0-wpm\" data-lenis-prevent=\"\" data-src-no-ap=\"https:\/\/www.youtube-nocookie.com\/embed\/GxtwzU0-wPM?feature=oembed&amp;iv_load_policy=3&amp;modestbranding=1&amp;rel=0&amp;autohide=1&amp;playsinline=0&amp;autoplay=0\" frameborder=\"0\" height=\"0\" loading=\"lazy\" name=\"\" referrerpolicy=\"strict-origin-when-cross-origin\" sandbox=\"allow-scripts allow-same-origin allow-presentation allow-popups allow-popups-to-escape-sandbox\" scrolling=\"no\" src=\"https:\/\/www.youtube-nocookie.com\/embed\/GxtwzU0-wPM?feature=oembed&#038;iv_load_policy=3&#038;modestbranding=1&#038;rel=0&#038;autohide=1&#038;playsinline=0&#038;autoplay=0\" title=\"\" width=\"0\"><\/iframe>\n\t\t\t\n\t\t<\/div>\n\t\t\n\t<\/div>\n\t\n\t\n\t<script type=\"application\/ld+json\">{\"@context\":\"http:\\\/\\\/schema.org\\\/\",\"@id\":\"https:\\\/\\\/sherpas.com\\\/blog\\\/20-oeuvres-pour-aimer-la-geopolitique\\\/#arve-youtube-gxtwzu0-wpm\",\"type\":\"VideoObject\",\"embedURL\":\"https:\\\/\\\/www.youtube-nocookie.com\\\/embed\\\/GxtwzU0-wPM?feature=oembed&iv_load_policy=3&modestbranding=1&rel=0&autohide=1&playsinline=0&autoplay=0\"}<\/script>\n\t\n<\/div>\n\n\n<p><strong><b>\ud83d\udca1 <\/b>V\u00e9ritable ic\u00f4ne des r\u00e9volutions, tu as forc\u00e9ment entendu parler de Che Guevara<\/strong>. Sa t\u00eate est aujourd\u2019hui absolument partout : t-shirt, mug et goodies en tout genre, drapeaux\u2026 il est l\u2019une des plus grandes repr\u00e9sentations de la lutte populaire, et \u00e0 raison !<\/p>\n\n\n\n<p><strong>\ud83d\udc49\ud83c\udffb  Effectivement, <a href=\"https:\/\/sherpas.com\/blog\/che-guevara\/\">Che Guevara<\/a> est l\u2019un des \u00ab h\u00e9ros \u00bb qui a permis l\u2019implantation du pouvoir communiste \u00e0 Cuba<\/strong>. Je mets le terme h\u00e9ros entre parenth\u00e8ses car, bien entendu, sa perception change en fonction du camp. Je ne parlerai pas sp\u00e9cialement de l\u2019histoire de Cuba, c\u2019est suffisamment dense pour en faire un article peut-\u00eatre un jour. Si cela t\u2019int\u00e9resse, je te mets quelques liens pour d\u00e9couvrir cette belle (et parfois funeste) histoire.<\/p>\n\n\n\n<p><strong>\ud83d\udc49\ud83c\udffb  Hasta Siempre est une chanson de <a data-schema-attribute=\"\" href=\"https:\/\/fr.wikipedia.org\/wiki\/Carlos_Puebla\" target=\"_blank\" rel=\"noopener\">Carlos Puebla<\/a> qui a autant servi \u00e0 la gloire du Che qu\u2019\u00e0 diffuser \u00e0 tort son d\u00e9c\u00e8s<\/strong>\u2026 Cela ne semble pas clair ? Je vais tout t&rsquo;expliquer !<\/p>\n\n\n\n<p>En 1965, Che Guevara quitte <a href=\"https:\/\/fr.wikipedia.org\/wiki\/Fidel_Castro\" target=\"_blank\" rel=\"noopener\" data-schema-attribute=\"\">Fidel Castro<\/a> (le dictateur mis au pouvoir \u00e0 la suite de la r\u00e9volution cubaine) afin de continuer le combat communiste en Afrique, plus pr\u00e9cis\u00e9ment au Congo. Il laissera une lettre d\u2019adieu au peuple cubain, et demandera \u00e0 Castro de la lire devant tout le peuple cubain. <strong>Cependant, Castro voyait le Che comme une potentielle g\u00eane pour la consolidation de son pouvoir sur Cuba. Il va donc lire la lettre, mais de mani\u00e8re \u00e0 laisser sous-entendre la mort du Che,<\/strong> afin de rester le seul pilier solide de cette r\u00e9volution. Carlos Puebla, ayant cru \u00e0 la mort du Che, composera alors une musique \u00e0 sa gloire \u00e0 partir de sa propre m\u00e9lancolie\u2026 et cela 2 ans avant la mort de Che Guevara !<\/p>\n\n\n\n<p><strong><b>\ud83d\udca1 <\/b>Cette musique est donc la douce et lente souffrance lyrique d\u2019un peuple qui a profond\u00e9ment aim\u00e9 l\u2019un de ses plus grands h\u00e9ros<\/strong>. Une musique qui r\u00e9sonne encore aujourd\u2019hui, et qui poss\u00e8de toujours du sens pour de nombreux pays d\u2019Am\u00e9rique Latine.<\/p>\n\n\n\n<h3 class=\"wp-block-heading\" id=\"these-boots-are-made-for-walking-quand-loeuvre-est-detournee-pour-la-guerre\"><span style=\"text-decoration: underline\"><span style=\"font-size: 14pt\">These boots are made for walking : Quand l\u2019\u0153uvre est d\u00e9tourn\u00e9e pour la guerre<\/span><\/span><\/h3>\n\n\n\n<p><strong>\ud83d\udc49\ud83c\udffb  Cette chanson de <a data-schema-attribute=\"\" href=\"https:\/\/fr.wikipedia.org\/wiki\/Nancy_Sinatra\" target=\"_blank\" rel=\"noopener\">Nancy Sinatra<\/a> n\u2019est \u00e0 proprement parler pas une r\u00e9elle chanson qui traite de g\u00e9opolitique<\/strong>, du moins ce n\u2019\u00e9tait pas son but initial.<br> La chanson parle d\u2019une jeune fille refusant les avances d\u2019un homme. Elle menace de le pi\u00e9tiner avec ses bottes. Difficile d\u2019y voir une analyse g\u00e9opolitique ! Et pourtant, elle fut r\u00e9utilis\u00e9e dans un contexte\u2026 un peu particulier.<\/p>\n\n\n\n<p>La chanson a \u00e9t\u00e9 enregistr\u00e9e en 1966. <strong>Nous sommes en pleine Guerre Froide. Les gu\u00e9rillas communistes \u00e9clatent un peu partout m\u00eame si l\u2019on est dans la p\u00e9riode que l\u2019on appela la D\u00e9tente<\/strong> (du fait de la nette am\u00e9lioration des relations diplomatiques entre le bloc sovi\u00e9tique et le bloc am\u00e9ricain, sans qu\u2019il n\u2019y ait pour autant un arr\u00eat\u00e9 r\u00e9el des comp\u00e9titions\u2026 au contraire !). <strong>Cette p\u00e9riode est surtout pour les am\u00e9ricains celle de la guerre du Vietnam, d\u00e9faite m\u00e9diatiquement cuisante en 1975. Ici, nous sommes en 66. Nous sommes donc en plein milieu de cette guerre<\/strong>. La fatigue des troupes se fait ressentir. Les m\u00e9contentements augmentent. L\u2019Am\u00e9rique doit trouver des solutions pour garder le moral des troupes dans une guerre dans laquelle elle commence \u00e0 s\u2019embourber et qui est finalement plus difficile que pr\u00e9vu. <strong>La meilleure solution dans ce cas l\u00e0 est tr\u00e8s simple et tient en trois syllabes : PRO-PA-GANDE.<\/strong><\/p>\n\n\n\n<p><strong><b>\ud83d\udca1 <\/b>L\u2019utilisation des stars sera justement l\u2019un de ces outils efficaces visant \u00e0 soutenir l\u2019effort de guerre. La musique de Nancy Sinatra sera utilis\u00e9e de nombreuses fois en tant que bande sonore dans les reportages et les films sur le Vietnam<\/strong>. Elle sera notamment utilis\u00e9e dans Full Metal Jacket de Kubrick. Le film \u00e9tant sorti en 1985, il ne s\u2019agit pas l\u00e0 de propagande sp\u00e9cifiquement mais on peut voir la place qu\u2019avait ce film \u00e0 l\u2019\u00e9poque, Kubrick ne faisant rarement de places aux hasards dans ses films.<\/p>\n\n\n\n<p><strong><b>\ud83d\udca1 <\/b>Bien entendu, Nancy Sinatra ira elle-m\u00eame chanter pour les soldats, directement au Vietnam.<\/strong><\/p>\n\n\n\n<p>Cette musique est assez repr\u00e9sentative d\u2019une \u00e9poque assez singuli\u00e8re. La moindre petite allusion permettant d\u2019enflammer le c\u0153ur des peuples, et voici que la musique change de vocation, d\u00e9tourne son propos, et finit par changer de sens dans l\u2019imaginaire de tous.<\/p>\n\n\n\n<h3 class=\"wp-block-heading\" id=\"we-are-the-world-quand-les-artistes-sengagent\"><span style=\"text-decoration: underline;font-size: 14pt\">We are the World : Quand les artistes s\u2019engagent<\/span><\/h3>\n\n\n\n<div data-mode=\"normal\" data-oembed=\"1\" data-provider=\"youtube\" id=\"arve-youtube-9ajkuyx0rvw\" class=\"arve\" class=\"wp-block-nextgenthemes-arve-block\">\n\t<div class=\"arve-inner\">\n\t\t<div style=\"aspect-ratio:4\/3\" class=\"arve-embed arve-embed--has-aspect-ratio\">\n\t\t\t<div class=\"arve-ar\" style=\"padding-top:75.000000%\"><\/div>\n\t\t\t<iframe allow=\"accelerometer &apos;none&apos;;autoplay &apos;none&apos;;bluetooth &apos;none&apos;;browsing-topics &apos;none&apos;;camera &apos;none&apos;;clipboard-read &apos;none&apos;;clipboard-write;display-capture &apos;none&apos;;encrypted-media &apos;none&apos;;gamepad &apos;none&apos;;geolocation &apos;none&apos;;gyroscope &apos;none&apos;;hid &apos;none&apos;;identity-credentials-get &apos;none&apos;;idle-detection &apos;none&apos;;keyboard-map &apos;none&apos;;local-fonts;magnetometer &apos;none&apos;;microphone &apos;none&apos;;midi &apos;none&apos;;otp-credentials &apos;none&apos;;payment &apos;none&apos;;picture-in-picture;publickey-credentials-create &apos;none&apos;;publickey-credentials-get &apos;none&apos;;screen-wake-lock &apos;none&apos;;serial &apos;none&apos;;summarizer &apos;none&apos;;sync-xhr;usb &apos;none&apos;;web-share;window-management &apos;none&apos;;xr-spatial-tracking &apos;none&apos;;\" allowfullscreen=\"\" class=\"arve-iframe fitvidsignore\" credentialless data-arve=\"arve-youtube-9ajkuyx0rvw\" data-lenis-prevent=\"\" data-src-no-ap=\"https:\/\/www.youtube-nocookie.com\/embed\/9AjkUyX0rVw?feature=oembed&amp;iv_load_policy=3&amp;modestbranding=1&amp;rel=0&amp;autohide=1&amp;playsinline=0&amp;autoplay=0\" frameborder=\"0\" height=\"0\" loading=\"lazy\" name=\"\" referrerpolicy=\"strict-origin-when-cross-origin\" sandbox=\"allow-scripts allow-same-origin allow-presentation allow-popups allow-popups-to-escape-sandbox\" scrolling=\"no\" src=\"https:\/\/www.youtube-nocookie.com\/embed\/9AjkUyX0rVw?feature=oembed&#038;iv_load_policy=3&#038;modestbranding=1&#038;rel=0&#038;autohide=1&#038;playsinline=0&#038;autoplay=0\" title=\"\" width=\"0\"><\/iframe>\n\t\t\t\n\t\t<\/div>\n\t\t\n\t<\/div>\n\t\n\t\n\t<script type=\"application\/ld+json\">{\"@context\":\"http:\\\/\\\/schema.org\\\/\",\"@id\":\"https:\\\/\\\/sherpas.com\\\/blog\\\/20-oeuvres-pour-aimer-la-geopolitique\\\/#arve-youtube-9ajkuyx0rvw\",\"type\":\"VideoObject\",\"embedURL\":\"https:\\\/\\\/www.youtube-nocookie.com\\\/embed\\\/9AjkUyX0rVw?feature=oembed&iv_load_policy=3&modestbranding=1&rel=0&autohide=1&playsinline=0&autoplay=0\"}<\/script>\n\t\n<\/div>\n\n\n<p><strong>\ud83d\udc49\ud83c\udffb \u00ab We are the world \u00bb est la chanson incontournable d\u2019un disque \u00e9crit en collaboration par Harry Belafonte et Lionel Richie<\/strong>. <strong>L\u2019objectif de ce disque \u00e9tait simple : venir en aide \u00e0 <a href=\"https:\/\/fr.wikipedia.org\/wiki\/Famine_de_1984-1985_en_%C3%89thiopie\" target=\"_blank\" rel=\"noopener\" data-schema-attribute=\"\">l\u2019Ethiopie, qui conna\u00eet une terrible famine au milieu des ann\u00e9es 1980<\/a><\/strong>. V\u00e9ritable tube de l\u2019\u00e9poque, \u00ab We are the World \u00bb rassemble une quarantaine de stars am\u00e9ricaines chantant pour r\u00e9colter des fonds pour l\u2019Ethiopie (puisque les b\u00e9n\u00e9fices du disque iront au pays).<br>\nMichael Jackson, Billy Joel, Tina Turner, Stevie Wonder, Bob Dylan, Ray Charles\u2026 autant de grands noms qui ont offert leur voix pour la bonne cause.<\/p>\n\n\n\n<p><strong>\ud83d\udc49\ud83c\udffb  Le single est certes tr\u00e8s bon mais il prend tout son sens lorsque l\u2019on retrace un peu l\u2019histoire de l\u2019Ethiopie \u00e0 cette \u00e9poque<\/strong>. Cette famine (qui est en r\u00e9alit\u00e9 une double-famine qui s\u2019op\u00e8re sur 2 ans) est \u00e0 la fois un r\u00e9sultat environnemental (\u00e0 cause des faibles pr\u00e9cipitations de l\u2019ann\u00e9e 1984) mais aussi et surtout un r\u00e9sultat politique puisque la cause principale fut l\u2019insurrection du FLPT (Front de Lib\u00e9ration du Peuple du Tigr\u00e9, un groupe arm\u00e9 social-d\u00e9mocrate) et l\u2019insurrection du Front de Lib\u00e9ration Oromo (un groupe politique qui se base sur la reconnaissance de l\u2019ethnie Oromo en \u00c9thiopie) dans le Sud du pays.<\/p>\n\n\n\n<p><strong><b>\ud83d\udca1 <\/b>L\u2019\u00e9conomie de l\u2019Ethiopie \u00e9tait bas\u00e9e \u00e0 90% sur l\u2019agriculture. Le peu de pluie de ces deux ann\u00e9es, coupl\u00e9es aux difficult\u00e9s politiques, ont d\u00e9courag\u00e9 les agriculteurs et mis \u00e0 mal l\u2019\u00e9conomie. Les diff\u00e9rentes offensives arm\u00e9es ont d\u00e9truit les r\u00e9coltes qui \u00e9taient tout sauf abondantes.<\/strong> Les s\u00e9cheresses \u00e0 r\u00e9p\u00e9tition durant toute la pr\u00e9c\u00e9dente d\u00e9cennie expliquent pourquoi cette situation de famine a \u00e9t\u00e9 aussi catastrophique mais il faut bien comprendre que <strong>c\u2019est avant tout la situation politique de l\u2019Ethiopie qui explique en grande partie la famine<\/strong> que connaissait le pays.<\/p>\n\n\n\n<p>Tu l\u2019as compris, cette chanson est une porte d\u2019entr\u00e9e \u00e0 toutes les \u00e9tudes g\u00e9opolitiques sur les liens qui existent entre le d\u00e9veloppement africain et la cause (et les cons\u00e9quences bien entendus) des nombreuses disettes et famines.<br> Cette id\u00e9e selon laquelle la majorit\u00e9 des famines africaines ne sont uniquement que le r\u00e9sultat du champs politique en Afrique est explicit\u00e9e dans le livre de <a href=\"https:\/\/www.radiofrance.fr\/personnes\/sylvie-brunel\" target=\"_blank\" rel=\"noreferrer noopener\">Sylvie Brunel<\/a> : <span style=\"text-decoration: underline\">Famine et Politique<\/span> (2002). Tr\u00e8s int\u00e9ressant, je te conseille vivement de l\u2019avoir dans ta biblioth\u00e8que !<\/p>\n\n\n\n<h3 class=\"wp-block-heading\" id=\"sunday-bloody-sunday-la-violence-policieres-a-son-paroxysme\"><span style=\"text-decoration: underline\"><span style=\"font-size: 14pt\">Sunday Bloody Sunday : La violence polici\u00e8res \u00e0 son paroxysme<\/span><\/span><\/h3>\n\n\n\n<div data-mode=\"normal\" data-oembed=\"1\" data-provider=\"youtube\" id=\"arve-youtube-yv5u0a10hri\" class=\"arve\" class=\"wp-block-nextgenthemes-arve-block\">\n\t<div class=\"arve-inner\">\n\t\t<div class=\"arve-embed arve-embed--has-aspect-ratio\">\n\t\t\t<div class=\"arve-ar\" style=\"padding-top:56.250000%\"><\/div>\n\t\t\t<iframe allow=\"accelerometer &apos;none&apos;;autoplay &apos;none&apos;;bluetooth &apos;none&apos;;browsing-topics &apos;none&apos;;camera &apos;none&apos;;clipboard-read &apos;none&apos;;clipboard-write;display-capture &apos;none&apos;;encrypted-media &apos;none&apos;;gamepad &apos;none&apos;;geolocation &apos;none&apos;;gyroscope &apos;none&apos;;hid &apos;none&apos;;identity-credentials-get &apos;none&apos;;idle-detection &apos;none&apos;;keyboard-map &apos;none&apos;;local-fonts;magnetometer &apos;none&apos;;microphone &apos;none&apos;;midi &apos;none&apos;;otp-credentials &apos;none&apos;;payment &apos;none&apos;;picture-in-picture;publickey-credentials-create &apos;none&apos;;publickey-credentials-get &apos;none&apos;;screen-wake-lock &apos;none&apos;;serial &apos;none&apos;;summarizer &apos;none&apos;;sync-xhr;usb &apos;none&apos;;web-share;window-management &apos;none&apos;;xr-spatial-tracking &apos;none&apos;;\" allowfullscreen=\"\" class=\"arve-iframe fitvidsignore\" credentialless data-arve=\"arve-youtube-yv5u0a10hri\" data-lenis-prevent=\"\" data-src-no-ap=\"https:\/\/www.youtube-nocookie.com\/embed\/Yv5U0A10hrI?feature=oembed&amp;iv_load_policy=3&amp;modestbranding=1&amp;rel=0&amp;autohide=1&amp;playsinline=0&amp;autoplay=0\" frameborder=\"0\" height=\"0\" loading=\"lazy\" name=\"\" referrerpolicy=\"strict-origin-when-cross-origin\" sandbox=\"allow-scripts allow-same-origin allow-presentation allow-popups allow-popups-to-escape-sandbox\" scrolling=\"no\" src=\"https:\/\/www.youtube-nocookie.com\/embed\/Yv5U0A10hrI?feature=oembed&#038;iv_load_policy=3&#038;modestbranding=1&#038;rel=0&#038;autohide=1&#038;playsinline=0&#038;autoplay=0\" title=\"\" width=\"0\"><\/iframe>\n\t\t\t\n\t\t<\/div>\n\t\t\n\t<\/div>\n\t\n\t\n\t<script type=\"application\/ld+json\">{\"@context\":\"http:\\\/\\\/schema.org\\\/\",\"@id\":\"https:\\\/\\\/sherpas.com\\\/blog\\\/20-oeuvres-pour-aimer-la-geopolitique\\\/#arve-youtube-yv5u0a10hri\",\"type\":\"VideoObject\",\"embedURL\":\"https:\\\/\\\/www.youtube-nocookie.com\\\/embed\\\/Yv5U0A10hrI?feature=oembed&iv_load_policy=3&modestbranding=1&rel=0&autohide=1&playsinline=0&autoplay=0\"}<\/script>\n\t\n<\/div>\n\n\n<p><strong>\ud83d\udc49\ud83c\udffb <\/strong> La c\u00e9l\u00e8bre musique de U2 est d\u00e9j\u00e0 un bijou en elle-m\u00eame. Elle devient doublement plus appr\u00e9ci\u00e9e quand on conna\u00eet l\u2019histoire derri\u00e8re. <strong>Sunday Bloody Sunday est une composition lyrique qui relate l\u2019\u00e9v\u00e8nement du 30 Janvier 1972 en actuelle Irlande du Nord. Cet \u00e9v\u00e8nement est appel\u00e9 \u00ab <a href=\"https:\/\/www.guide-irlande.com\/culture\/bloody-sunday-1972\/\" target=\"_blank\" rel=\"noreferrer noopener\">Bloody Sunday<\/a> \u00bb (le Dimanche sanglant) : durant une manifestation pacifique des droits civiques \u00e0 Londonderry, 28 personnes ont \u00e9t\u00e9 prises pour cible par l\u2019arm\u00e9e britannique.<\/strong><\/p>\n\n\n\n<p><strong>On d\u00e9nombre alors 14 morts et 14 bless\u00e9s. Ce drame qui hante encore la m\u00e9moire irlandaise est survenu durant la marche pacifique pour les droits civiques<\/strong>. Il faut savoir que le contexte \u00e9tait tr\u00e8s tendu en Irlande \u00e0 cette \u00e9poque. Les catholiques, minoritaires, \u00e9taient discrimin\u00e9s. Cette discrimination conduira la NICRA (Association Irlandaise pour les Droits Civiques) \u00e0 mener diverses marches et actions afin de promouvoir l\u2019\u00e9galit\u00e9 entre les catholiques discrimin\u00e9s, et les protestants majoritaires. Cette question s\u2019est poursuivie sur plusieurs ann\u00e9es alors que les \u00e9meutes se multipli\u00e8rent.<\/p>\n\n\n\n<p><strong><b>\ud83d\udca1 <\/b>Cette question est \u00e0 mettre en relation avec la cr\u00e9ation des deux Irlande (sud et nord) lors de leur s\u00e9paration par la Guerre d\u2019Ind\u00e9pendance Irlandaise en 1921. C\u2019est dans ce contexte (\u00e0 cela s\u2019ajoute le fait que Londonderry est une ville proche de la fronti\u00e8re entre les deux pays en tensions) que les revendications religieuses vont atteindre des proportions terribles<\/strong>. Le climat g\u00e9n\u00e9ral en Irlande, ainsi que les divers ordres et annonces des chefs de police \u00e0 l\u2019arm\u00e9e vont propulser au rang de massacre une journ\u00e9e qui n\u2019aurait d\u00fb \u00eatre qu\u2019une \u00e9ni\u00e8me manifestation.<\/p>\n\n\n\n<p><strong><b>\ud83d\udca1 <\/b>La musique du groupe U2 est un hommage \u00e0 la m\u00e9moire des civils tu\u00e9s ce jour.<\/strong> Il s\u2019agit d\u2019une d\u00e9nonciation des violences polici\u00e8res en Irlande qui \u00e9tait une honte nationale. Le groupe a su mettre les mots sur ce sentiment de g\u00eane qui collait \u00e0 la peau de nombreux citoyens irlandais.<\/p>\n\n\n\n<p class=\"has-text-align-center\"><strong><b>\ud83d\udca1 <\/b>There&rsquo;s many lost, but tell me who has won<\/strong><br>\nIl y a beaucoup de pertes, mais dis-moi, qui a gagn\u00e9 ?<\/p>\n\n\n\n<p class=\"has-text-align-center\"><strong>The trench is dug within our hearts<\/strong><br>\nLa tranch\u00e9e est creus\u00e9e dans nos c\u0153urs<\/p>\n\n\n\n<p class=\"has-text-align-center\"><strong>And mothers, children, brothers, sisters<\/strong><br>\nEt des m\u00e8res, des enfants, des fr\u00e8res, des s\u0153urs<\/p>\n\n\n\n<p class=\"has-text-align-center\"><strong>Torn apart<\/strong><br> Ont chacun \u00e9t\u00e9 d\u00e9chir\u00e9s <b><strong>\ud83d\udca1<\/strong><\/b><\/p>\n\n\n<section class=\"push \">\n        <div >\n            \n                                                <div class=\"push__container  qcd\" data-target=\"_self\" data-qcd=\"aHR0cHM6Ly9zaGVycGFzLmNvbS9mdW5uZWwtc3R1ZGVudC1xdWFsaWZpY2F0aW9u\" data-banner=\"2\" data-name=\"Cours part&amp;rsquo; global #3 = CPG3\" style=\"background-color: #F3FBF7\" >\n                                                                        <div class=\"push__teachers\">\n    <div class=\"d-flex justify-content-center d-md-none\">\n        <img decoding=\"async\" class=\"push__logo\" src=\"\/content\/themes\/sherpas-theme\/dist\/images\/logo.svg\" alt=\"Logo Sherpas\">\n    <\/div>\n    <div class=\"swiper\">\n        <div class=\"swiper-wrapper\">\n                                            <div class=\"swiper-slide\">\n                    <div class=\"push__teachers-card\">\n                        <div\n                            class=\"push__teachers-profil\"\n                            \n                            style=\"background-image: url(https:\/\/sherpas.com\/content\/uploads\/2022\/01\/Martin2x.jpg);\"\n                        >\n                    <\/div>\n                         <p class=\"push__teachers-name\">Martin<\/p>                          <p class=\"push__teachers-school\">HEC Paris<\/p>                                                     <div class=\"push__teachers-note\">\n                                                                    <svg  class=\"active\" >\n                                        <use\n                                            xlink:href=\"\/content\/themes\/sherpas-theme\/dist\/images\/sprite.svg#star\"\/>\n                                    <\/svg>\n                                                                    <svg  class=\"active\" >\n                                        <use\n                                            xlink:href=\"\/content\/themes\/sherpas-theme\/dist\/images\/sprite.svg#star\"\/>\n                                    <\/svg>\n                                                                    <svg  class=\"active\" >\n                                        <use\n                                            xlink:href=\"\/content\/themes\/sherpas-theme\/dist\/images\/sprite.svg#star\"\/>\n                                    <\/svg>\n                                                                    <svg  class=\"active\" >\n                                        <use\n                                            xlink:href=\"\/content\/themes\/sherpas-theme\/dist\/images\/sprite.svg#star\"\/>\n                                    <\/svg>\n                                                                    <svg  class=\"active\" >\n                                        <use\n                                            xlink:href=\"\/content\/themes\/sherpas-theme\/dist\/images\/sprite.svg#star\"\/>\n                                    <\/svg>\n                                                            <\/div>\n                                                 <p class=\"push__teachers-price\">23\u20ac\/h<\/p>                     <\/div>\n                <\/div>\n                                            <div class=\"swiper-slide\">\n                    <div class=\"push__teachers-card\">\n                        <div\n                            class=\"push__teachers-profil\"\n                            \n                            style=\"background-image: url(https:\/\/sherpas.com\/content\/uploads\/2022\/01\/Jade2x.jpg);\"\n                        >\n                    <\/div>\n                         <p class=\"push__teachers-name\">Jade<\/p>                          <p class=\"push__teachers-school\">Sciences Po Paris<\/p>                                                     <div class=\"push__teachers-note\">\n                                                                    <svg  class=\"active\" >\n                                        <use\n                                            xlink:href=\"\/content\/themes\/sherpas-theme\/dist\/images\/sprite.svg#star\"\/>\n                                    <\/svg>\n                                                                    <svg  class=\"active\" >\n                                        <use\n                                            xlink:href=\"\/content\/themes\/sherpas-theme\/dist\/images\/sprite.svg#star\"\/>\n                                    <\/svg>\n                                                                    <svg  class=\"active\" >\n                                        <use\n                                            xlink:href=\"\/content\/themes\/sherpas-theme\/dist\/images\/sprite.svg#star\"\/>\n                                    <\/svg>\n                                                                    <svg  class=\"active\" >\n                                        <use\n                                            xlink:href=\"\/content\/themes\/sherpas-theme\/dist\/images\/sprite.svg#star\"\/>\n                                    <\/svg>\n                                                                    <svg  class=\"active\" >\n                                        <use\n                                            xlink:href=\"\/content\/themes\/sherpas-theme\/dist\/images\/sprite.svg#star\"\/>\n                                    <\/svg>\n                                                            <\/div>\n                                                 <p class=\"push__teachers-price\">21\u20ac\/h<\/p>                     <\/div>\n                <\/div>\n                                            <div class=\"swiper-slide\">\n                    <div class=\"push__teachers-card\">\n                        <div\n                            class=\"push__teachers-profil\"\n                            \n                            style=\"background-image: url(https:\/\/sherpas.com\/content\/uploads\/2022\/01\/Bastien2x.jpg);\"\n                        >\n                    <\/div>\n                         <p class=\"push__teachers-name\">Bastien<\/p>                          <p class=\"push__teachers-school\">Polytechnique<\/p>                                                     <div class=\"push__teachers-note\">\n                                                                    <svg  class=\"active\" >\n                                        <use\n                                            xlink:href=\"\/content\/themes\/sherpas-theme\/dist\/images\/sprite.svg#star\"\/>\n                                    <\/svg>\n                                                                    <svg  class=\"active\" >\n                                        <use\n                                            xlink:href=\"\/content\/themes\/sherpas-theme\/dist\/images\/sprite.svg#star\"\/>\n                                    <\/svg>\n                                                                    <svg  class=\"active\" >\n                                        <use\n                                            xlink:href=\"\/content\/themes\/sherpas-theme\/dist\/images\/sprite.svg#star\"\/>\n                                    <\/svg>\n                                                                    <svg  class=\"active\" >\n                                        <use\n                                            xlink:href=\"\/content\/themes\/sherpas-theme\/dist\/images\/sprite.svg#star\"\/>\n                                    <\/svg>\n                                                                    <svg  class=\"active\" >\n                                        <use\n                                            xlink:href=\"\/content\/themes\/sherpas-theme\/dist\/images\/sprite.svg#star\"\/>\n                                    <\/svg>\n                                                            <\/div>\n                                                 <p class=\"push__teachers-price\">26\u20ac\/h<\/p>                     <\/div>\n                <\/div>\n                                            <div class=\"swiper-slide\">\n                    <div class=\"push__teachers-card\">\n                        <div\n                            class=\"push__teachers-profil\"\n                            \n                            style=\"background-image: url(https:\/\/sherpas.com\/content\/uploads\/2022\/01\/Emilie2x.jpg);\"\n                        >\n                    <\/div>\n                         <p class=\"push__teachers-name\">Emilie<\/p>                          <p class=\"push__teachers-school\">Sciences Po Lyon<\/p>                                                     <div class=\"push__teachers-note\">\n                                                                    <svg  class=\"active\" >\n                                        <use\n                                            xlink:href=\"\/content\/themes\/sherpas-theme\/dist\/images\/sprite.svg#star\"\/>\n                                    <\/svg>\n                                                                    <svg  class=\"active\" >\n                                        <use\n                                            xlink:href=\"\/content\/themes\/sherpas-theme\/dist\/images\/sprite.svg#star\"\/>\n                                    <\/svg>\n                                                                    <svg  class=\"active\" >\n                                        <use\n                                            xlink:href=\"\/content\/themes\/sherpas-theme\/dist\/images\/sprite.svg#star\"\/>\n                                    <\/svg>\n                                                                    <svg  class=\"active\" >\n                                        <use\n                                            xlink:href=\"\/content\/themes\/sherpas-theme\/dist\/images\/sprite.svg#star\"\/>\n                                    <\/svg>\n                                                                    <svg  class=\"active\" >\n                                        <use\n                                            xlink:href=\"\/content\/themes\/sherpas-theme\/dist\/images\/sprite.svg#star\"\/>\n                                    <\/svg>\n                                                            <\/div>\n                                                 <p class=\"push__teachers-price\">19\u20ac\/h<\/p>                     <\/div>\n                <\/div>\n                                            <div class=\"swiper-slide\">\n                    <div class=\"push__teachers-card\">\n                        <div\n                            class=\"push__teachers-profil\"\n                            \n                            style=\"background-image: url(https:\/\/sherpas.com\/content\/uploads\/2022\/01\/Hugo2x.jpg);\"\n                        >\n                    <\/div>\n                         <p class=\"push__teachers-name\">Hugo<\/p>                          <p class=\"push__teachers-school\">Insa Lyon<\/p>                                                     <div class=\"push__teachers-note\">\n                                                                    <svg  class=\"active\" >\n                                        <use\n                                            xlink:href=\"\/content\/themes\/sherpas-theme\/dist\/images\/sprite.svg#star\"\/>\n                                    <\/svg>\n                                                                    <svg  class=\"active\" >\n                                        <use\n                                            xlink:href=\"\/content\/themes\/sherpas-theme\/dist\/images\/sprite.svg#star\"\/>\n                                    <\/svg>\n                                                                    <svg  class=\"active\" >\n                                        <use\n                                            xlink:href=\"\/content\/themes\/sherpas-theme\/dist\/images\/sprite.svg#star\"\/>\n                                    <\/svg>\n                                                                    <svg  class=\"active\" >\n                                        <use\n                                            xlink:href=\"\/content\/themes\/sherpas-theme\/dist\/images\/sprite.svg#star\"\/>\n                                    <\/svg>\n                                                                    <svg >\n                                        <use\n                                            xlink:href=\"\/content\/themes\/sherpas-theme\/dist\/images\/sprite.svg#star\"\/>\n                                    <\/svg>\n                                                            <\/div>\n                                                 <p class=\"push__teachers-price\">16\u20ac\/h<\/p>                     <\/div>\n                <\/div>\n                                            <div class=\"swiper-slide\">\n                    <div class=\"push__teachers-card\">\n                        <div\n                            class=\"push__teachers-profil\"\n                            \n                            style=\"background-image: url(https:\/\/sherpas.com\/content\/uploads\/2022\/01\/Alma2x.jpg);\"\n                        >\n                    <\/div>\n                         <p class=\"push__teachers-name\">Alma<\/p>                          <p class=\"push__teachers-school\">ENS Paris-Saclay<\/p>                                                     <div class=\"push__teachers-note\">\n                                                                    <svg  class=\"active\" >\n                                        <use\n                                            xlink:href=\"\/content\/themes\/sherpas-theme\/dist\/images\/sprite.svg#star\"\/>\n                                    <\/svg>\n                                                                    <svg  class=\"active\" >\n                                        <use\n                                            xlink:href=\"\/content\/themes\/sherpas-theme\/dist\/images\/sprite.svg#star\"\/>\n                                    <\/svg>\n                                                                    <svg  class=\"active\" >\n                                        <use\n                                            xlink:href=\"\/content\/themes\/sherpas-theme\/dist\/images\/sprite.svg#star\"\/>\n                                    <\/svg>\n                                                                    <svg  class=\"active\" >\n                                        <use\n                                            xlink:href=\"\/content\/themes\/sherpas-theme\/dist\/images\/sprite.svg#star\"\/>\n                                    <\/svg>\n                                                                    <svg  class=\"active\" >\n                                        <use\n                                            xlink:href=\"\/content\/themes\/sherpas-theme\/dist\/images\/sprite.svg#star\"\/>\n                                    <\/svg>\n                                                            <\/div>\n                                                 <p class=\"push__teachers-price\">24\u20ac\/h<\/p>                     <\/div>\n                <\/div>\n                                            <div class=\"swiper-slide\">\n                    <div class=\"push__teachers-card\">\n                        <div\n                            class=\"push__teachers-profil\"\n                            \n                            style=\"background-image: url(https:\/\/sherpas.com\/content\/uploads\/2022\/01\/David2x.jpg);\"\n                        >\n                    <\/div>\n                         <p class=\"push__teachers-name\">David<\/p>                          <p class=\"push__teachers-school\">EDHEC<\/p>                                                     <div class=\"push__teachers-note\">\n                                                                    <svg  class=\"active\" >\n                                        <use\n                                            xlink:href=\"\/content\/themes\/sherpas-theme\/dist\/images\/sprite.svg#star\"\/>\n                                    <\/svg>\n                                                                    <svg  class=\"active\" >\n                                        <use\n                                            xlink:href=\"\/content\/themes\/sherpas-theme\/dist\/images\/sprite.svg#star\"\/>\n                                    <\/svg>\n                                                                    <svg  class=\"active\" >\n                                        <use\n                                            xlink:href=\"\/content\/themes\/sherpas-theme\/dist\/images\/sprite.svg#star\"\/>\n                                    <\/svg>\n                                                                    <svg  class=\"active\" >\n                                        <use\n                                            xlink:href=\"\/content\/themes\/sherpas-theme\/dist\/images\/sprite.svg#star\"\/>\n                                    <\/svg>\n                                                                    <svg  class=\"active\" >\n                                        <use\n                                            xlink:href=\"\/content\/themes\/sherpas-theme\/dist\/images\/sprite.svg#star\"\/>\n                                    <\/svg>\n                                                            <\/div>\n                                                 <p class=\"push__teachers-price\">25\u20ac\/h<\/p>                     <\/div>\n                <\/div>\n                                            <div class=\"swiper-slide\">\n                    <div class=\"push__teachers-card\">\n                        <div\n                            class=\"push__teachers-profil\"\n                            \n                            style=\"background-image: url(https:\/\/sherpas.com\/content\/uploads\/2022\/01\/Jeanne2x.jpg);\"\n                        >\n                    <\/div>\n                         <p class=\"push__teachers-name\">Jeanne<\/p>                          <p class=\"push__teachers-school\">Aix-Marseille Universit\u00e9<\/p>                                                     <div class=\"push__teachers-note\">\n                                                                    <svg  class=\"active\" >\n                                        <use\n                                            xlink:href=\"\/content\/themes\/sherpas-theme\/dist\/images\/sprite.svg#star\"\/>\n                                    <\/svg>\n                                                                    <svg  class=\"active\" >\n                                        <use\n                                            xlink:href=\"\/content\/themes\/sherpas-theme\/dist\/images\/sprite.svg#star\"\/>\n                                    <\/svg>\n                                                                    <svg  class=\"active\" >\n                                        <use\n                                            xlink:href=\"\/content\/themes\/sherpas-theme\/dist\/images\/sprite.svg#star\"\/>\n                                    <\/svg>\n                                                                    <svg  class=\"active\" >\n                                        <use\n                                            xlink:href=\"\/content\/themes\/sherpas-theme\/dist\/images\/sprite.svg#star\"\/>\n                                    <\/svg>\n                                                                    <svg  class=\"active\" >\n                                        <use\n                                            xlink:href=\"\/content\/themes\/sherpas-theme\/dist\/images\/sprite.svg#star\"\/>\n                                    <\/svg>\n                                                            <\/div>\n                                                 <p class=\"push__teachers-price\">17\u20ac\/h<\/p>                     <\/div>\n                <\/div>\n                    <\/div>\n    <\/div>\n<\/div>\n                                                    <div class=\"push__content\">\n                                                            <div  class=\"d-none d-md-block\" >\n                                    <img decoding=\"async\" class=\"push__logo\" src=\"\/content\/themes\/sherpas-theme\/dist\/images\/logo.svg\"\n                                        alt=\"Logo Sherpas\">\n                                <\/div>\n                                                                                        <div class=\"push__title\"><p>Besoin de cours particuliers ? <span role=\"img\" aria-label=\"\u2728\">\u2728<\/span><!-- notionvc: 27874cb7-7cca-4c68-a2e3-ea8000cbb55b --><\/p>\n<\/div>\n                                                                                        <div class=\"push__text\"><p><span style=\"color: #48b378;\">4 points<\/span> de plus sur ta <span style=\"color: #48b378;\">moyenne<\/span> avec nos profs Sherpas ! <span role=\"image\" aria-label=\"\ud83d\udcc8\">\ud83d\udcc8<\/span><\/p>\n<p>&nbsp;<\/p>\n<\/div>\n                                                        <div class=\"push__promo-button   \">\n                                                                                                    <div\n                                        class=\"btn btn-primary\"\n                                        style=\"color: ; border-color: ; background-color: \"\n\n                                    >\n                                        JE PRENDS UN COURS OFFERT !\n                                    <\/div>\n                                                            <\/div>\n                                                    <\/div>\n                                    <\/div>\n                                    <\/div>\n    <\/section>\n\n\n\n<h2 class=\"wp-block-heading\" id=\"la-geopolitique-dans-les-oeuvres-litteraire\"><strong><span style=\"font-size: 18pt\">LA GEOPOLITIQUE DANS LES \u0152UVRES LITT\u00c9RAIRE<\/span><\/strong><span class=\"emoji\">\ud83d\udcda<\/span><\/h2>\n\n\n\n<h3 class=\"wp-block-heading\" id=\"si-cest-un-homme-la-deshumanisation-des-camps\"><span style=\"text-decoration: underline;font-size: 14pt\">Si c\u2019est un homme : La d\u00e9shumanisation des camps<\/span><\/h3>\n\n\n<div class=\"wp-block-image\">\n<figure class=\"aligncenter\"><img decoding=\"async\" src=\"https:\/\/sherpas.com\/blog\/content\/uploads\/2021\/10\/si-cest-un-homme.jpg\" alt=\"\" class=\"wp-image-109921\"\/><\/figure>\n<\/div>\n\n\n<p><strong>\ud83d\udc49\ud83c\udffb  Si c\u2019est un homme est un livre de <a data-schema-attribute=\"\" href=\"https:\/\/fr.wikipedia.org\/wiki\/Primo_Levi\" target=\"_blank\" rel=\"noopener\">Primo Levi<\/a> qui retrace sa vie dans les camps de concentrations nazi<\/strong>. Il s\u2019agit d\u2019un r\u00e9cit autobiographique, ce qui donne de la force \u00e0 cette \u0153uvre. Mais pourquoi avoir choisi ce roman en particulier ? Eh bien parce que son style d\u00e9contenance et est assez int\u00e9ressant \u00e0 observer.<\/p>\n\n\n\n<p>J\u2019aime beaucoup ce livre car sa forme colle parfaitement au message de fond que l\u2019auteur essaie de nous faire passer. <strong>On a une \u0153uvre d\u2019\u00e9poque qui arrive \u00e0 faire comprendre ce qu\u2019\u00e9taient les camps de concentration au-del\u00e0 des mots\u2026 et de la mani\u00e8re la plus inattendue qui soit !<\/strong><\/p>\n\n\n\n<p><strong>Le livre ne respire pas la vie. Par-l\u00e0, je veux signifier qu\u2019il n\u2019y a rien qui permet de discerner l\u2019humanit\u00e9 dans ce qu\u2019elle a de fort<\/strong>. La peine, la douleur, la terreur, l\u2019horreur : tout ceci correspond \u00e0 des traits humains, et l\u2019horreur la plus absolue est une \u00e9motion forte qui permet justement de d\u00e9montrer la puissance de l\u2019humanit\u00e9. Ce n\u2019est pas ce que montrera Primo Levi.<\/p>\n\n\n\n<p><strong><b>\ud83d\udca1 <\/b>Ce livre est la simple et froide description factuelle, presque m\u00e9dicale, de ce qu\u2019\u00e9tait l\u2019incarc\u00e9ration dans les camps<\/strong>. Ancien chimiste, Primo Levi savait analyser tout en pla\u00e7ant la juste distance entre lui et son travail. Ce travail m\u00e9canique et froid que nous a livr\u00e9 Primo Levi met rapidement mal \u00e0 l\u2019aise. Habitu\u00e9 d\u00e8s la naissance \u00e0 pleurer, crier et vivre la souffrance (autrement dit, \u00e0 l\u2019humaniser), l\u2019auteur nous offre la parfaite et d\u00e9rangeante description du g\u00e9nocide juif. <strong>Aussi m\u00e9canique que la bureaucratie nazie, aussi inhumain que les camps de la mort, Primo Levi r\u00e9duit son essence et celle de ses compagnons aux morceaux de chair et \u00e0 la force de travail qu\u2019ils repr\u00e9sentaient.<\/strong> Cela met en lumi\u00e8re cette perte d\u2019humanit\u00e9, aussi bien chez les nazis que chez les prisonniers.<\/p>\n\n\n\n<p><strong><b>\ud83d\udca1 <\/b>C\u2019est une \u0153uvre \u00e0 lire dans sa vie, ne serait-ce qu\u2019une fois.<\/strong> Elle apporte un autre regard que celui que l\u2019on a habituellement. <strong>A la piti\u00e9 et la tristesse, Primo Levi choisit l\u2019indiff\u00e9rence qui nous scandalise. <b>\ud83d\udca1<\/b><\/strong><\/p>\n\n\n\n<h3 class=\"wp-block-heading\" id=\"when-the-emperor-was-divine-a-la-decouverte-dune-amerique-meconnue\"><span style=\"text-decoration: underline\"><span style=\"font-size: 14pt\">When the Emperor was divine : A la d\u00e9couverte d\u2019une Am\u00e9rique m\u00e9connue<\/span><\/span><\/h3>\n\n\n<div class=\"wp-block-image\">\n<figure class=\"aligncenter\"><img decoding=\"async\" src=\"https:\/\/sherpas.com\/blog\/content\/uploads\/2021\/10\/when-the-emperor-was-divine.jpg\" alt=\"\" class=\"wp-image-109926\"\/><\/figure>\n<\/div>\n\n\n<p><strong>\ud83d\udc49\ud83c\udffb  Si je te dis Seconde Guerre Mondiale, racisme et camps, \u00e0 quoi penses-tu ? Hitler ? Les Nazis ? Et si je te disais qu\u2019il s\u2019agissait aussi de l\u2019Am\u00e9rique !<\/strong><br> Loin d\u2019\u00eatre des camps de la mort, les Etats-Unis avaient effectivement construit des camps afin de regrouper toute la population d\u2019origine japonaise du pays. <strong>A la suite de l\u2019attaque sur Pearl Harbor le 7 d\u00e9cembre 1941, un rapport affirmait que les Am\u00e9ricains d&rsquo;origine japonaise \u00e9taient \u00ab inassimilables \u00bb et qu\u2019il fallait les d\u00e9porter pour la s\u00e9curit\u00e9 globale du pays.<\/strong> Et c\u2019est parfaitement ce qui a \u00e9t\u00e9 fait : pr\u00e8s de 120 000 ressortissants d\u2019origines japonaises furent d\u00e9port\u00e9s et intern\u00e9s dans des camps de relogements sordides.<\/p>\n\n\n\n<p><span style=\"text-decoration: underline\"><strong>\ud83d\udc49\ud83c\udffb <\/strong> When the Emperor was divine<\/span> est un roman de <a data-schema-attribute=\"\" href=\"https:\/\/fr.wikipedia.org\/wiki\/Julie_Otsuka\" target=\"_blank\" rel=\"noopener\">Julie Otsuka<\/a>. Il s\u2019agit d\u2019un r\u00e9cit qui s\u2019inspire en grande partie de son histoire familiale. M\u00eame si elle ne l\u2019a pas v\u00e9cu, elle a r\u00e9ussi \u00e0 parfaitement retranscrire ce d\u00e9nuement provoqu\u00e9 par l\u2019internement forc\u00e9 des Am\u00e9ricains d\u2019origines japonaises dans les ann\u00e9es 40. <strong>On y suit l\u2019histoire d\u2019une m\u00e8re de famille et de ces deux enfants qui, du jour au lendemain, doivent quitter leur domicile pour monter dans un train partir vivre dans des camps sp\u00e9cialement con\u00e7us pour les accueillir avec le strict minimum.<\/strong> La famille va conna\u00eetre le racisme des citoyens, la pr\u00e9carit\u00e9 malgr\u00e9 leur relative richesse avant les \u00e9v\u00e8nements, l\u2019emprisonnement du p\u00e8re \u00e0 cause de ses origines et surtout le difficile retour \u00e0 la vie normale, alors que leur maison est devenue un squat o\u00f9 tous les objets de valeurs ont disparu.<\/p>\n\n\n\n<p><strong><b>\ud83d\udca1 <\/b>Il s\u2019agit d\u2019un roman historique qui marque au fer une Am\u00e9rique qui a connu la division et le racisme dans l\u2019urgence de la Seconde Guerre mondiale<\/strong>. Une Am\u00e9rique victorieuse, mais qui n\u2019aura pas \u00e9t\u00e9 exempte de tout scandale. Julie Otsuka lance un appel \u00e0 la reconnaissance des erreurs qui ont \u00e9t\u00e9 commises envers une partie de la population, et au nom de la s\u00e9curit\u00e9 nationale.<\/p>\n\n\n\n<p><strong>Chaque chapitre nous plonge dans ces petits moments anodins qui, mis bout \u00e0 bout, repr\u00e9sente l\u2019ex\u00e9crable ambiance qui r\u00e9gnait alors.<\/strong> Une famille qui s\u2019est appauvrie et dont les enfants tentent de s\u2019accrocher au moindre symbole pouvant leur rappeler leur p\u00e8re ou leur vie normale, voil\u00e0 ce qu\u2019a aussi \u00e9t\u00e9 l\u2019Am\u00e9rique de la Seconde Guerre.<\/p>\n\n\n\n<h3 class=\"wp-block-heading\" id=\"me-llamo-rigoberta-menchu-la-veritable-vie-des-indiens\"><span style=\"text-decoration: underline;font-size: 14pt\">Me Llamo Rigoberta Menchu : La v\u00e9ritable vie des indiens<\/span><\/h3>\n\n\n<div class=\"wp-block-image\">\n<figure class=\"aligncenter\"><img decoding=\"async\" src=\"https:\/\/sherpas.com\/blog\/content\/uploads\/2021\/10\/me-llamo-rigoberta-menchu.jpg\" alt=\"\" class=\"wp-image-109918\"\/><\/figure>\n<\/div>\n\n\n<p><span style=\"text-decoration: underline\"><strong>\ud83d\udc49\ud83c\udffb <\/strong> Me Llamo Rigoberta Menchu<\/span> est un livre traitant de la vie des indiens actuels en Am\u00e9rique. Son auteure <a data-schema-attribute=\"\" href=\"https:\/\/fr.wikipedia.org\/wiki\/Rigoberta_Mench%C3%BA\" target=\"_blank\" rel=\"noopener\">Rigoberta Menchu<\/a> (il s\u2019agit bien entendu d\u2019une autobiographie) a re\u00e7u le prix Nobel de la paix en 1992 pour ses nombreuses luttes en faveur des peuples autochtones. Cette leader indig\u00e8ne n\u2019est pas n&rsquo;importe qui, bien au contraire.<\/p>\n\n\n\n<p><strong><b>\ud83d\udca1 <\/b>Cette \u0153uvre explique en grande partie les m\u0153urs de la communaut\u00e9 indig\u00e8ne que conna\u00eet Rigoberta Menchu ainsi que sa prise de conscience et sa lutte pour son \u00e9mancipation.<\/strong><\/p>\n\n\n\n<p><b><strong>\ud83d\udca1 <\/strong><\/b>Elle a rapidement compris l\u2019exploitation des Espagnols envers son peuple et n\u2019a eu de cesse de chercher comment lutter activement pour retrouver sa souverainet\u00e9 perdue il y a longtemps. <strong>Cette autobiographie relate et fait d\u00e9couvrir la vie des peuples exploit\u00e9s en Am\u00e9rique Latine. Le roman raconte comment le combat se m\u00e8ne sur le terrain, et comment il est r\u00e9prim\u00e9.<\/strong> Son fr\u00e8re est tortur\u00e9 et br\u00fbl\u00e9 vif devant sa propre famille. Sa m\u00e8re est elle-aussi tortur\u00e9e et mutil\u00e9e \u00e0 vie. <strong>Bref, Rigoberta Menchu nous montre ce que c\u2019est r\u00e9ellement qu\u2019\u00eatre indien au XXe et XXIe si\u00e8cle<\/strong>.<\/p>\n\n\n\n<p><strong> \ud83d\udc49\ud83c\udffb  Elle a lutt\u00e9 toute sa vie, et ce livre est un t\u00e9moin qu\u2019elle donne au reste de l\u2019humanit\u00e9.<\/strong> Il s\u2019agit d\u2019une voix diff\u00e9rente, qui montre l\u2019Am\u00e9rique Latine de l\u2019int\u00e9rieur. Ce ne sont pas les \u00e9crits d\u2019un homme blanc qui exploite le paysan. Ce n\u2019est pas le r\u00e9cit fantasm\u00e9 d\u2019un occidental imaginant la difficile vie des indiens. Il s\u2019agit d\u2019une femme qui fait partie de ce monde, qui l\u2019a v\u00e9cu et appr\u00e9hend\u00e9. Il s\u2019agit d\u2019une femme qui d\u00e9crit son entourage, son peuple et ses tortionnaires avec toute l\u2019ardeur que lui donne son combat et sa personnalit\u00e9.<\/p>\n\n\n\n<h3 class=\"wp-block-heading\" id=\"persepolis-liran-apres-le-chah\"><span style=\"text-decoration: underline;font-size: 14pt\">Persepolis : L\u2019Iran apr\u00e8s le Chah<\/span><\/h3>\n\n\n<div class=\"wp-block-image\">\n<figure class=\"aligncenter\"><img decoding=\"async\" src=\"https:\/\/sherpas.com\/blog\/content\/uploads\/2021\/10\/Persepolis.jpg\" alt=\"\" class=\"wp-image-109920\"\/><\/figure>\n<\/div>\n\n\n<p>Persepolis est une c\u00e9l\u00e8bre BD autobiographique de <a href=\"https:\/\/fr.wikipedia.org\/wiki\/Marjane_Satrapi\" target=\"_blank\" rel=\"noreferrer noopener\">Marjane Satrapi<\/a>. Le film a permis une tr\u00e8s grande reconnaissance de cette \u0153uvre, mais je l\u2019aborderai sous sa forme litt\u00e9raire.<\/p>\n\n\n\n<p><strong>\ud83d\udc49\ud83c\udffb  Marjane Satrapi, franco-iranienne, invite le spectateur dans son pass\u00e9 en Iran. Encore enfant, elle a v\u00e9cu la transformation de la soci\u00e9t\u00e9 Iranienne. De la chute du Chah jusqu\u2019\u00e0 la mise en place de la r\u00e9pression des symboles occidentaux par la Charia, nous suivons alors l\u2019histoire d\u2019une ado dans la fleur de l\u2019\u00e2ge de la r\u00e9bellion.<\/strong> Ses doutes, ses peurs, sa difficult\u00e9 \u00e0 percevoir correctement l\u2019avenir, son affirmation en tant que femme qui se retrouve inhib\u00e9, ses d\u00e9sirs, <strong>Marjane Satrapi nous fait d\u00e9couvrir comment elle a appr\u00e9hend\u00e9 l\u2019arriv\u00e9e des extr\u00e9mistes \u00e0 la suite de <a data-schema-attribute=\"\" href=\"https:\/\/www.lesclesdumoyenorient.com\/La-revolution-iranienne-a-trente.html\" target=\"_blank\" rel=\"noopener\">la r\u00e9volution de 1979<\/a>.<\/strong><\/p>\n\n\n\n<p>Ce film est une tr\u00e8s belle mani\u00e8re de prendre connaissance des \u00e9v\u00e9nements qui ont secou\u00e9 l\u2019Iran durant le XXe si\u00e8cle. Tu ne le sais peut-\u00eatre pas, mais l\u2019Iran a \u00e9t\u00e9 l\u2019un des pays les plus progressistes du monde musulman, avec la Turquie ! Il \u00e9tait m\u00eame l\u2019un des pr\u00e9curseurs en mati\u00e8re d\u2019\u00e9galit\u00e9 des sexes. Le pouvoir dans les mains de Mohammad Reza Pahlavi, dernier Chah d\u2019Iran (titre port\u00e9 par le roi iranien), fut d\u00e9rob\u00e9 \u00e0 la suite de la R\u00e9volution Iranienne de 1979. Cette R\u00e9volution a mis au pouvoir les islamistes.<strong> L\u2019Iran devient une R\u00e9publique Islamiste, et certaines lois liberticides sont impos\u00e9s. Pour la femme, il s\u2019agit d\u2019une r\u00e9gression consid\u00e9rable.<\/strong> Marjane Satrapi va vivre cette injustice qui, du jour au lendemain, lui imposera le voile int\u00e9gral, la soumission au mari ou encore l\u2019interdiction d\u2019\u00e9couter de la musique Rock.<\/p>\n\n\n\n<p><b><strong>\ud83d\udca1 <\/strong><\/b>Si tu veux regarder le film, tu peux totalement. Que tu choisisses le cin\u00e9ma ou la BD dans les deux cas, tu passeras un tr\u00e8s bon moment devant cette \u0153uvre. <strong><span class=\"emoji\">\ud83d\ude09<\/span><\/strong><\/p>\n\n\n\n<h3 class=\"wp-block-heading\" id=\"les-hirondelles-de-kaboul-lamour-et-lafghanistan\"><span style=\"text-decoration: underline\"><span style=\"font-size: 14pt\">Les hirondelles de Kaboul : L\u2019Amour et l\u2019Afghanistan<\/span><\/span><\/h3>\n\n\n<div class=\"wp-block-image\">\n<figure class=\"aligncenter\"><img decoding=\"async\" src=\"https:\/\/sherpas.com\/blog\/content\/uploads\/2021\/10\/les-hirondelles-de-Kaboul.jpg\" alt=\"\" class=\"wp-image-109916\"\/><\/figure>\n<\/div>\n\n\n<p><strong>Tout comme Persepolis et Timbuktu, les hirondelles de Kaboul montre le monde musulman sous la Charia<\/strong>. Pourquoi l\u2019avoir choisi alors ? Eh bien pour deux raisons principales:<\/p>\n\n\n\n<p><strong>\ud83d\udc49\ud83c\udffb  La premi\u00e8re est le fait que cette \u0153uvre, \u00e9crite par <a data-schema-attribute=\"\" href=\"https:\/\/fr.wikipedia.org\/wiki\/Yasmina_Khadra\" target=\"_blank\" rel=\"noopener\">Yasmina Khadra<\/a>, montre la Charia v\u00e9cu dans un autre pays encore<\/strong>. Timbuktu raconte la Charia au Mali, Persepolis en Iran, et Les hirondelles de Kaboul en Afghanistan. On peut d\u00e8s lors observer des similarit\u00e9s et des diff\u00e9rences, ce qui permet de croiser les sources, renforcer son id\u00e9e sur la question et affiner sa connaissance sur le sujet.<\/p>\n\n\n\n<p><strong>\ud83d\udc49\ud83c\udffb  De plus, le sujet va se traiter diff\u00e9remment et nous faire voir de nouvelles choses. L\u2019amour sera au c\u0153ur du livre<\/strong>.<strong> Un amour rendu plus difficile (voire impossible) avec la Charia.<\/strong> Je ne raconterai rien particuli\u00e8rement sur la trame principale, mais je te recommande chaudement de le lire. En plus de cela, l\u2019\u0153uvre explique certains principes d\u2019effet de groupe qui sont assez importants \u00e0 conna\u00eetre : l\u2019\u0153uvre d\u00e9bute sur l\u2019un des personnages principaux, Mohsen, qui participe \u00e0 une lapidation publique. D\u00e9gout\u00e9 de ce qu\u2019il a fait, il n\u2019a pourtant pas pu s\u2019emp\u00eacher, dans la folie g\u00e9n\u00e9rale, de jeter lui aussi une pierre contre une femme \u00e0 moiti\u00e9 enterr\u00e9 dans le sol.<\/p>\n\n\n\n<p><strong><b>\ud83d\udca1 <\/b>Ce livre raconte la honte et le d\u00e9go\u00fbt que procure certaines lois islamiques envers la condition des femmes<\/strong>. Mohsen, tr\u00e8s amoureux de Zunaira sa femme, se sentira humili\u00e9 et honteux de ne pas pouvoir emp\u00eacher les autorit\u00e9s de placer sa femme sur un rang inf\u00e9rieur au sien. <strong>La honte, la col\u00e8re, la r\u00e9volte\u2026 tout ceci est exacerb\u00e9 dans ce roman par l\u2019amour. C\u2019est cette Charia qui compromet l&rsquo;amour qui est d\u00e9nonc\u00e9 dans ce roman.<\/strong> Et c\u2019est l\u2019une des principales raisons qui doit te pousser \u00e0 aller le lire de ce pas.<\/p>\n\n\n\n<p><strong><b>\ud83d\udca1 <\/b>Si tu es f\u00e2ch\u00e9 avec la lecture, pas de panique ! Le film existe ! <span class=\"emoji\">\ud83d\ude09<\/span><\/strong><\/p>\n\n\n<section class=\"push \">\n        <div >\n            \n                                                <div class=\"push__container  qcd\" data-target=\"_self\" data-qcd=\"aHR0cHM6Ly9zaGVycGFzLmNvbS9mdW5uZWwtc3R1ZGVudC1xdWFsaWZpY2F0aW9u\" data-banner=\"2\" data-name=\"CPM2 G\u00e9opolitique\" style=\"background-color: #F3FBF7\" >\n                                                                        <div class=\"push__teachers\">\n    <div class=\"d-flex justify-content-center d-md-none\">\n        <img decoding=\"async\" class=\"push__logo\" src=\"\/content\/themes\/sherpas-theme\/dist\/images\/logo.svg\" alt=\"Logo Sherpas\">\n    <\/div>\n    <div class=\"swiper\">\n        <div class=\"swiper-wrapper\">\n                                            <div class=\"swiper-slide\">\n                    <div class=\"push__teachers-card\">\n                        <div\n                            class=\"push__teachers-profil\"\n                            \n                            style=\"background-image: url(https:\/\/sherpas.com\/content\/uploads\/2022\/01\/Cle\u0301mence2x.png);\"\n                        >\n                    <\/div>\n                         <p class=\"push__teachers-name\">Cl\u00e9mence<\/p>                          <p class=\"push__teachers-school\">HEC Paris<\/p>                                                     <div class=\"push__teachers-note\">\n                                                                    <svg  class=\"active\" >\n                                        <use\n                                            xlink:href=\"\/content\/themes\/sherpas-theme\/dist\/images\/sprite.svg#star\"\/>\n                                    <\/svg>\n                                                                    <svg  class=\"active\" >\n                                        <use\n                                            xlink:href=\"\/content\/themes\/sherpas-theme\/dist\/images\/sprite.svg#star\"\/>\n                                    <\/svg>\n                                                                    <svg  class=\"active\" >\n                                        <use\n                                            xlink:href=\"\/content\/themes\/sherpas-theme\/dist\/images\/sprite.svg#star\"\/>\n                                    <\/svg>\n                                                                    <svg  class=\"active\" >\n                                        <use\n                                            xlink:href=\"\/content\/themes\/sherpas-theme\/dist\/images\/sprite.svg#star\"\/>\n                                    <\/svg>\n                                                                    <svg  class=\"active\" >\n                                        <use\n                                            xlink:href=\"\/content\/themes\/sherpas-theme\/dist\/images\/sprite.svg#star\"\/>\n                                    <\/svg>\n                                                            <\/div>\n                                                 <p class=\"push__teachers-price\">21\u20ac\/h\/h<\/p>                     <\/div>\n                <\/div>\n                                            <div class=\"swiper-slide\">\n                    <div class=\"push__teachers-card\">\n                        <div\n                            class=\"push__teachers-profil\"\n                            \n                            style=\"background-image: url(https:\/\/sherpas.com\/content\/uploads\/2022\/01\/Antoine2x.png);\"\n                        >\n                    <\/div>\n                         <p class=\"push__teachers-name\">Antoine<\/p>                          <p class=\"push__teachers-school\">Sciences Po Paris<\/p>                                                     <div class=\"push__teachers-note\">\n                                                                    <svg  class=\"active\" >\n                                        <use\n                                            xlink:href=\"\/content\/themes\/sherpas-theme\/dist\/images\/sprite.svg#star\"\/>\n                                    <\/svg>\n                                                                    <svg  class=\"active\" >\n                                        <use\n                                            xlink:href=\"\/content\/themes\/sherpas-theme\/dist\/images\/sprite.svg#star\"\/>\n                                    <\/svg>\n                                                                    <svg  class=\"active\" >\n                                        <use\n                                            xlink:href=\"\/content\/themes\/sherpas-theme\/dist\/images\/sprite.svg#star\"\/>\n                                    <\/svg>\n                                                                    <svg  class=\"active\" >\n                                        <use\n                                            xlink:href=\"\/content\/themes\/sherpas-theme\/dist\/images\/sprite.svg#star\"\/>\n                                    <\/svg>\n                                                                    <svg  class=\"active\" >\n                                        <use\n                                            xlink:href=\"\/content\/themes\/sherpas-theme\/dist\/images\/sprite.svg#star\"\/>\n                                    <\/svg>\n                                                            <\/div>\n                                                 <p class=\"push__teachers-price\">18\u20ac\/h\/h<\/p>                     <\/div>\n                <\/div>\n                                            <div class=\"swiper-slide\">\n                    <div class=\"push__teachers-card\">\n                        <div\n                            class=\"push__teachers-profil\"\n                            \n                            style=\"background-image: url(https:\/\/sherpas.com\/content\/uploads\/2022\/01\/Pierre2x.png);\"\n                        >\n                    <\/div>\n                         <p class=\"push__teachers-name\">Pierre<\/p>                          <p class=\"push__teachers-school\">ESSEC<\/p>                                                     <div class=\"push__teachers-note\">\n                                                                    <svg  class=\"active\" >\n                                        <use\n                                            xlink:href=\"\/content\/themes\/sherpas-theme\/dist\/images\/sprite.svg#star\"\/>\n                                    <\/svg>\n                                                                    <svg  class=\"active\" >\n                                        <use\n                                            xlink:href=\"\/content\/themes\/sherpas-theme\/dist\/images\/sprite.svg#star\"\/>\n                                    <\/svg>\n                                                                    <svg  class=\"active\" >\n                                        <use\n                                            xlink:href=\"\/content\/themes\/sherpas-theme\/dist\/images\/sprite.svg#star\"\/>\n                                    <\/svg>\n                                                                    <svg  class=\"active\" >\n                                        <use\n                                            xlink:href=\"\/content\/themes\/sherpas-theme\/dist\/images\/sprite.svg#star\"\/>\n                                    <\/svg>\n                                                                    <svg  class=\"active\" >\n                                        <use\n                                            xlink:href=\"\/content\/themes\/sherpas-theme\/dist\/images\/sprite.svg#star\"\/>\n                                    <\/svg>\n                                                            <\/div>\n                                                 <p class=\"push__teachers-price\">16\u20ac\/h<\/p>                     <\/div>\n                <\/div>\n                                            <div class=\"swiper-slide\">\n                    <div class=\"push__teachers-card\">\n                        <div\n                            class=\"push__teachers-profil\"\n                            \n                            style=\"background-image: url(https:\/\/sherpas.com\/content\/uploads\/2022\/01\/Olivier2x.png);\"\n                        >\n                    <\/div>\n                         <p class=\"push__teachers-name\">Olivier<\/p>                          <p class=\"push__teachers-school\">La Sorbonne<\/p>                                                     <div class=\"push__teachers-note\">\n                                                                    <svg  class=\"active\" >\n                                        <use\n                                            xlink:href=\"\/content\/themes\/sherpas-theme\/dist\/images\/sprite.svg#star\"\/>\n                                    <\/svg>\n                                                                    <svg  class=\"active\" >\n                                        <use\n                                            xlink:href=\"\/content\/themes\/sherpas-theme\/dist\/images\/sprite.svg#star\"\/>\n                                    <\/svg>\n                                                                    <svg  class=\"active\" >\n                                        <use\n                                            xlink:href=\"\/content\/themes\/sherpas-theme\/dist\/images\/sprite.svg#star\"\/>\n                                    <\/svg>\n                                                                    <svg  class=\"active\" >\n                                        <use\n                                            xlink:href=\"\/content\/themes\/sherpas-theme\/dist\/images\/sprite.svg#star\"\/>\n                                    <\/svg>\n                                                                    <svg >\n                                        <use\n                                            xlink:href=\"\/content\/themes\/sherpas-theme\/dist\/images\/sprite.svg#star\"\/>\n                                    <\/svg>\n                                                            <\/div>\n                                                 <p class=\"push__teachers-price\">13\u20ac\/h<\/p>                     <\/div>\n                <\/div>\n                                            <div class=\"swiper-slide\">\n                    <div class=\"push__teachers-card\">\n                        <div\n                            class=\"push__teachers-profil\"\n                            \n                            style=\"background-image: url(https:\/\/sherpas.com\/content\/uploads\/2022\/01\/Alma2x.jpg);\"\n                        >\n                    <\/div>\n                         <p class=\"push__teachers-name\">Alma<\/p>                          <p class=\"push__teachers-school\">ENS Paris-Saclay<\/p>                                                     <div class=\"push__teachers-note\">\n                                                                    <svg  class=\"active\" >\n                                        <use\n                                            xlink:href=\"\/content\/themes\/sherpas-theme\/dist\/images\/sprite.svg#star\"\/>\n                                    <\/svg>\n                                                                    <svg  class=\"active\" >\n                                        <use\n                                            xlink:href=\"\/content\/themes\/sherpas-theme\/dist\/images\/sprite.svg#star\"\/>\n                                    <\/svg>\n                                                                    <svg  class=\"active\" >\n                                        <use\n                                            xlink:href=\"\/content\/themes\/sherpas-theme\/dist\/images\/sprite.svg#star\"\/>\n                                    <\/svg>\n                                                                    <svg  class=\"active\" >\n                                        <use\n                                            xlink:href=\"\/content\/themes\/sherpas-theme\/dist\/images\/sprite.svg#star\"\/>\n                                    <\/svg>\n                                                                    <svg  class=\"active\" >\n                                        <use\n                                            xlink:href=\"\/content\/themes\/sherpas-theme\/dist\/images\/sprite.svg#star\"\/>\n                                    <\/svg>\n                                                            <\/div>\n                                                 <p class=\"push__teachers-price\">24\u20ac\/h<\/p>                     <\/div>\n                <\/div>\n                                            <div class=\"swiper-slide\">\n                    <div class=\"push__teachers-card\">\n                        <div\n                            class=\"push__teachers-profil\"\n                            \n                            style=\"background-image: url(https:\/\/sherpas.com\/content\/uploads\/2022\/01\/David2x.jpg);\"\n                        >\n                    <\/div>\n                         <p class=\"push__teachers-name\">David<\/p>                          <p class=\"push__teachers-school\">EDHEC<\/p>                                                     <div class=\"push__teachers-note\">\n                                                                    <svg  class=\"active\" >\n                                        <use\n                                            xlink:href=\"\/content\/themes\/sherpas-theme\/dist\/images\/sprite.svg#star\"\/>\n                                    <\/svg>\n                                                                    <svg  class=\"active\" >\n                                        <use\n                                            xlink:href=\"\/content\/themes\/sherpas-theme\/dist\/images\/sprite.svg#star\"\/>\n                                    <\/svg>\n                                                                    <svg  class=\"active\" >\n                                        <use\n                                            xlink:href=\"\/content\/themes\/sherpas-theme\/dist\/images\/sprite.svg#star\"\/>\n                                    <\/svg>\n                                                                    <svg  class=\"active\" >\n                                        <use\n                                            xlink:href=\"\/content\/themes\/sherpas-theme\/dist\/images\/sprite.svg#star\"\/>\n                                    <\/svg>\n                                                                    <svg  class=\"active\" >\n                                        <use\n                                            xlink:href=\"\/content\/themes\/sherpas-theme\/dist\/images\/sprite.svg#star\"\/>\n                                    <\/svg>\n                                                            <\/div>\n                                                 <p class=\"push__teachers-price\">25\u20ac\/h<\/p>                     <\/div>\n                <\/div>\n                    <\/div>\n    <\/div>\n<\/div>\n                                                    <div class=\"push__content\">\n                                                            <div  class=\"d-none d-md-block\" >\n                                    <img decoding=\"async\" class=\"push__logo\" src=\"\/content\/themes\/sherpas-theme\/dist\/images\/logo.svg\"\n                                        alt=\"Logo Sherpas\">\n                                <\/div>\n                                                                                        <div class=\"push__title\"><p>Ton premier <span style=\"color: #4cc483;\">cours particulier<\/span> de g\u00e9opolitique est <span style=\"color: #4cc483;\">offert<\/span> ! <span role=\"image\" aria-label=\"\ud83c\udf81\">\ud83c\udf81<\/span><\/p>\n<\/div>\n                                                                                        <div class=\"push__text\"><p>Tous nos profs sont pass\u00e9s par les meilleures \u00e9coles de France !<\/p>\n<\/div>\n                                                        <div class=\"push__promo-button   \">\n                                                                                                    <div\n                                        class=\"btn btn-primary\"\n                                        style=\"color: ; border-color: ; background-color: \"\n\n                                    >\n                                        J\u2019EN PROFITE !\n                                    <\/div>\n                                                            <\/div>\n                                                    <\/div>\n                                    <\/div>\n                                    <\/div>\n    <\/section>\n\n\n\n<h2 class=\"wp-block-heading\" id=\"la-geopolitique-dans-les-oeuvres-picturales\"><strong><span style=\"font-size: 18pt\">LA GEOPOLITIQUE DANS LES \u0152UVRES PICTURALES<\/span><\/strong><span class=\"emoji\">\ud83d\uddbc\ufe0f<\/span><\/h2>\n\n\n\n<h3 class=\"wp-block-heading\" id=\"david-olere-et-les-inaptes-au-travail-quand-on-ne-peut-mettre-des-mots-on-y-met-des-images\"><span style=\"text-decoration: underline;font-size: 14pt\">David Ol\u00e8re et les inaptes au travail : Quand on ne peut mettre des mots, on y met des images<\/span><\/h3>\n\n\n<div class=\"wp-block-image\">\n<figure class=\"aligncenter\"><img decoding=\"async\" src=\"https:\/\/sherpas.com\/blog\/content\/uploads\/2021\/10\/les-inaptes-au-travail.jpg\" alt=\"\" class=\"wp-image-109917\"\/><\/figure>\n<\/div>\n\n\n<p><strong>\ud83d\udc49\ud83c\udffb <\/strong> Le style assez morbide de David Ol\u00e8re en d\u00e9range encore aujourd\u2019hui plus d\u2019un, et \u00e0 raison ! Ce peintre n\u2019aura pas fait qu\u2019imaginer l\u2019horreur qu\u2019il mettra sur ses diff\u00e9rentes \u0153uvres puisqu\u2019il les aura r\u00e9ellement v\u00e9cues. En tant que peintre juif, David Ol\u00e8re fut d\u00e9port\u00e9 au camp d\u2019Auschwitz entre 1943 et 1945. Puisqu\u2019il avait une assez bonne consistance, il trouva (tout comme Primo Levi) du travail sur le camp ce qui lui permit d\u2019\u00e9viter les chambres \u00e0 gaz. Son travail consistait, pendant les deux ann\u00e9es qu\u2019il a pass\u00e9es \u00e0 Auschwitz, \u00e0 se d\u00e9barrasser des cadavres des chambres \u00e0 gaz. Tu commences \u00e0 comprendre pourquoi les d\u00e9tails sont aussi r\u00e9alistes. C\u2019est la v\u00e9ritable mort qui hante chacun des tableaux du peintre, celle de tous les \u00eatres qu\u2019il aura vu passer entre ses mains. En tant que t\u00e9moin, David Ol\u00e8re s\u2019est donn\u00e9 pour mission d\u2019\u00e9tendre sa vision des camps gr\u00e2ce \u00e0 sa technique et au r\u00e9alisme de ses \u0153uvres.<\/p>\n\n\n\n<p>Il s&rsquo;agit d&rsquo;une oeuvre tr\u00e8s souvent analys\u00e9 en 3e dans le cadre de l&rsquo;histoire des arts, voici <a href=\"http:\/\/lesyeuxsurtout.canalblog.com\/archives\/2013\/07\/13\/27552867.html\" target=\"_blank\" rel=\"noopener\" data-schema-attribute=\"\">une analyse assez sommaire du tableau.<\/a><\/p>\n\n\n\n<h3 class=\"wp-block-heading\" id=\"la-guerre-dotto-dix-lenfer-sur-terre\"><span style=\"text-decoration: underline\"><span style=\"font-size: 14pt\">La Guerre d\u2019Otto Dix : L\u2019enfer sur Terre<\/span><\/span><\/h3>\n\n\n<div class=\"wp-block-image\">\n<figure class=\"aligncenter\"><img decoding=\"async\" src=\"https:\/\/sherpas.com\/blog\/content\/uploads\/2021\/10\/La-guerre.jpg\" alt=\"\" class=\"wp-image-109913\"\/><\/figure>\n<\/div>\n\n\n<p><strong>\ud83d\udc49\ud83c\udffb  Otto Dix est un peintre expressionniste Allemand. Ayant re\u00e7u une formation militaire et ayant combattu durant de nombreuses campagnes au XXe si\u00e8cle, il sera profond\u00e9ment marqu\u00e9 par l\u2019horreur de la mort<\/strong>. Sous le r\u00e9gime nazi, il est l\u2019un des premiers professeurs d\u2019art \u00e0 \u00eatre renvoy\u00e9. Ses \u0153uvres sont d\u00e9clar\u00e9es comme \u00e9tant \u00ab d\u00e9g\u00e9n\u00e9r\u00e9es \u00bb et il sera enferm\u00e9 pendant deux semaines par la Gestapo. Il fut oblig\u00e9 de participer \u00e0 la Seconde Guerre Mondiale et sert sur le front Occidental. Il sera captur\u00e9 par les Fran\u00e7ais en Alsace.<\/p>\n\n\n\n<p><strong><b>\ud83d\udca1 <\/b>Son \u0153uvre <span style=\"text-decoration: underline\">La Guerre<\/span> prend la forme d\u2019un triptyque, c\u2019est-\u00e0-dire une \u0153uvre peinte en trois diff\u00e9rents \u00ab panneaux \u00bb repr\u00e9sentant chacun une partie diff\u00e9rente d\u2019un m\u00eame tout<\/strong>. La forme en triptyque a pris son essor initialement dans un cadre religieux en Europe d\u00e8s le XIIe si\u00e8cle. Otto Dix utilise les mod\u00e8les de la religion dans l\u2019une de ces plus macabres peintures. L\u2019\u0153uvre poss\u00e8de en r\u00e9alit\u00e9 4 parties, comme de nombreux triptyques, puisqu\u2019elle poss\u00e8de une pr\u00e9delle, une partie inf\u00e9rieure servant g\u00e9n\u00e9ralement de support. Cette pr\u00e9delle est intelligemment utilis\u00e9e par Otto Dix comme l\u2019emplacement d\u2019un cercueil.<\/p>\n\n\n\n<p><strong><b>\ud83d\udca1 <\/b>Ce triptyque doit \u00eatre analys\u00e9 de mani\u00e8re temporelle.<\/strong> La partie \u00e0 gauche repr\u00e9sente l\u2019arriv\u00e9e au front par les soldats. La partie centrale est une illustration du champ de bataille qui est habit\u00e9 par la mort et la d\u00e9solation. La partie de droite correspond au retour des survivants, bien amoch\u00e9s.<\/p>\n\n\n\n<p>Si tu souhaites conna\u00eetre un peu mieux ce tableau, je te conseille de jeter un oeil \u00e0 <a href=\"https:\/\/histoire-des-arts-college.blogspot.com\/2011\/04\/analyse-otto-dix-la-guerre.html\" target=\"_blank\" rel=\"noreferrer noopener\">l&rsquo;analyse qui en a \u00e9t\u00e9 faites ici<\/a><\/p>\n\n\n\n<h3 class=\"wp-block-heading\" id=\"larsenal-la-distribution-des-armes-amour-communisme-et-talent\"><span style=\"text-decoration: underline\"><span style=\"font-size: 14pt\">L\u2019arsenal. La distribution des armes : amour, communisme et talent<\/span><\/span><\/h3>\n\n\n<div class=\"wp-block-image\">\n<figure class=\"aligncenter\"><img decoding=\"async\" src=\"https:\/\/sherpas.com\/blog\/content\/uploads\/2021\/10\/larsenal.jpg\" alt=\"\" class=\"wp-image-109914\"\/><\/figure>\n<\/div>\n\n\n<p><strong>\ud83d\udc49\ud83c\udffb  Difficile de parler de peinture politique et d\u2019amour sans mentionner Diego Rivera et Frida Kahlo. Tr\u00e8s c\u00e9l\u00e8bres peintres mexicains, ils jouissent d\u2019une v\u00e9ritable reconnaissance internationale.<\/strong> Ils ont v\u00e9cu la R\u00e9volution Mexicaine entre 1910 et 1920 contre Porfirio Diaz, dictateur depuis 1876. Ils ont tous les deux fui le pays pour revenir en 1921, continuant le combat et cr\u00e9ant des \u0153uvres \u00e0 vocation plus ou moins politique. Celle dont je vais te parler est justement l\u2019une d&rsquo;entres elles.<\/p>\n\n\n\n<p><strong><b>\ud83d\udca1 <\/b>On peut voir sur cette peinture Frida Kahlo et Diego Rivera, militant ensemble et distribuant des armes aux peuples. Les faucilles et les marteaux sur drapeaux rouges nous indiquent bien entendu de quel bord sont Rivera et Kahlo<\/strong>. L\u2019\u0153uvre a \u00e9t\u00e9 peinte en 1928.<\/p>\n\n\n\n<p><strong>Cette \u0153uvre est une invention de la part de Diego Rivera, puisqu\u2019il n\u2019a pas particip\u00e9 \u00e0 la r\u00e9volution mexicaine<\/strong> (il se trouvait en Europe). Cependant, il est attach\u00e9 au parti communiste et con\u00e7oit des \u0153uvres \u00e0 la gloire des r\u00e9voltes et des travailleurs.<br>\n<strong>Le contexte politique est important \u00e0 conna\u00eetre. Plus que la R\u00e9volution Mexicaine, il s\u2019agit aussi de la r\u00e9volution russe de 1917, lorsque le communiste reprit le pays aux mains du Tsar<\/strong>. Ce n\u2019est donc pas tant une image de la R\u00e9volution Mexicaine qu\u2019une \u0153uvre vou\u00e9 \u00e0 montrer le combat d\u2019une vie, celui du communisme contre la structure capitalistique profond\u00e9ment in\u00e9gale.<\/p>\n\n\n\n<p><strong>\ud83d\udc49\ud83c\udffb  Pour aller plus loin, il est important de mentionner que Diego Rivera est l\u2019un des pr\u00e9curseurs du muralisme qui est n\u00e9 au Mexique.<\/strong> Il s\u2019agit d\u2019un style de conception d\u2019\u0153uvre picturale reprenant l\u2019id\u00e9e de la fresque murale que l\u2019on offre au peuple. <strong>C\u2019est un style de peinture teint\u00e9 d\u2019id\u00e9ologie<\/strong>. <strong>Plus encore, le principe du muralisme garde un c\u00f4t\u00e9 un peu traditionnel qui vante la culture et la tradition pr\u00e9colombienne.<\/strong> Ce mix parfait entre r\u00e9volution politique et r\u00e9appropriation de sa culture traditionnelle explique l\u2019essor de ce style et son ancrage avec le monde qui l\u2019entoure.<\/p>\n\n\n\n<p>Rappelle-toi qu\u2019un style ne na\u00eet jamais sans aucune raison. C&rsquo;est le cheminement des pens\u00e9es des hommes. Un style appara\u00eet chaque fois que l\u2019art est en d\u00e9faut pour exprimer une nouvelle sensation.<strong> C\u2019est pour cela que les atrocit\u00e9s des Guerres du XXe si\u00e8cle ont amen\u00e9 l\u2019essor de l\u2019expressionnisme et du surr\u00e9alisme. C\u2019est pour cela que les injustices et la modification profonde des rapports entre les hommes ont fait na\u00eetre le primitivisme chez Basquiat par exemple<\/strong>. La culture et la politique de l\u2019Am\u00e9rique Latine au d\u00e9but du XXe si\u00e8cle expliquent parfaitement les choix esth\u00e9tiques de Diego Rivera et de Frida Kahlo dans leur combat pour le communisme.<\/p>\n\n\n\n<p>De m\u00eame que pour les pr\u00e9c\u00e9dents tableaux, voici <a href=\"http:\/\/histart.over-blog.com\/2020\/03\/l-arsenal-de-diego-rivera.html\" target=\"_blank\" rel=\"noreferrer noopener\">une analyse que l&rsquo;on peut retrouver facilement sur internet<\/a>.<\/p>\n\n\n\n<h3 class=\"wp-block-heading\" id=\"guernica-lengagement-contre-le-franquisme\"><span style=\"text-decoration: underline\"><span style=\"font-size: 14pt\">Guernica : l\u2019engagement contre le Franquisme<\/span><\/span><\/h3>\n\n\n<div class=\"wp-block-image\">\n<figure class=\"aligncenter\"><img decoding=\"async\" src=\"https:\/\/sherpas.com\/blog\/content\/uploads\/2021\/10\/guernica.jpg\" alt=\"\" class=\"wp-image-109912\"\/><\/figure>\n<\/div>\n\n\n<p><strong>\ud83d\udc49\ud83c\udffb Je vais te parler de l\u2019un des tableaux les plus connus de l\u2019un des peintres les plus connus, donc je me doute que tu dois potentiellement le conna\u00eetre, et peut-\u00eatre m\u00eame que tu l\u2019as \u00e9tudi\u00e9 !<\/strong> C\u2019\u00e9tait mon cas en 3e, mais un petit rappel ne fait jamais de mal.<\/p>\n\n\n\n<p><strong>Pablo Picasso est un peintre du XXe si\u00e8cle, immens\u00e9ment connu et qui a cr\u00e9\u00e9 son propre style : le cubisme<\/strong>. Il a montr\u00e9 ses talents en peinture bien avant de cr\u00e9er le cubisme. La Celestina, par exemple, est une \u0153uvre de Picasso d\u00e9montrant sa technique.<\/p>\n\n\n\n<p><strong><b>\ud83d\udca1 <\/b>Picasso est un peintre Espagnol qui a connu les combats visant le retour de la R\u00e9publique, puis la Guerre Civile (1936-1939) et le r\u00e9gime dictatorial de Franco.<\/strong> C\u2019est un peintre qui a \u00e9t\u00e9 marqu\u00e9 par la Guerre et les massacres dans son pays. Guernica, l\u2019une de ses \u0153uvres majeures, est justement la repr\u00e9sentation de cette lutte contre la violence.<strong> Il s\u2019agit d\u2019une \u0153uvre engag\u00e9e qui d\u00e9nonce les horreurs du nazisme et du franquisme. En effet, le 26 avril 1937, lors de la Guerre d\u2019Espagne, la ville de Guernica fut bombard\u00e9e par les troupes nazies sous les ordres des nationalistes espagnols.<\/strong> Ce tableau est donc une initiation vers une \u00e9poque tourment\u00e9e o\u00f9 les arts pouvaient servir de relais \u00e0 la d\u00e9nonciation et au combat des id\u00e9ologies mortif\u00e8res.<\/p>\n\n\n\n<p class=\"has-text-align-center\"><em>\u00ab La peinture n&rsquo;est pas faite pour d\u00e9corer les appartements ; c&rsquo;est une arme offensive et d\u00e9fensive contre l&rsquo;ennemi \u00bb<\/em><br>\n<strong>Pablo Picasso, \u00e0 propos de Guernica<\/strong><\/p>\n\n\n\n<p>Clique <a href=\"http:\/\/kalideodie.free.fr\/guernica.htm\" target=\"_blank\" rel=\"noopener\" data-schema-attribute=\"\">ici<\/a> si tu veux une analyse assez compl\u00e8te de l&rsquo;oeuvre de Picasso<\/p>\n\n\n\n<h3 class=\"wp-block-heading\" id=\"the-problem-we-all-live-with-le-racisme-a-lepreuve-du-xxe-siecle\"><span style=\"text-decoration: underline\"><span style=\"font-size: 14pt\">The Problem We All Live With : le racisme \u00e0 l\u2019\u00e9preuve du XXe si\u00e8cle<\/span><\/span><\/h3>\n\n\n<div class=\"wp-block-image\">\n<figure class=\"aligncenter\"><img decoding=\"async\" src=\"https:\/\/sherpas.com\/blog\/content\/uploads\/2021\/10\/The-probleme-we-all-live-with.jpg\" alt=\"\" class=\"wp-image-109923\"\/><\/figure>\n<\/div>\n\n\n<p><strong>\ud83d\udc49\ud83c\udffb Nous n\u2019avons que peu montr\u00e9 d\u2019\u0153uvres en rapport avec le racisme anti-noir, et pourtant il s\u2019agit d\u2019un fait majeur du XXe si\u00e8cle<\/strong>. Le rapport \u00e0 l\u2019autre, notamment \u00e0 cet autre \u00ab noir \u00bb qui n\u2019a d\u2019\u00e9tranger que sa couleur de peau, a grandement \u00e9volu\u00e9 durant la seconde moiti\u00e9 du XXe si\u00e8cle et aujourd\u2019hui. <strong>C\u2019est pourquoi je pense qu\u2019il est important de parler du c\u00e9l\u00e8bre tableau \u00ab <span style=\"text-decoration: underline\">The Problem We All Live With<\/span> \u00bb de Norman Rockwell.<\/strong><\/p>\n\n\n\n<p>Ce tableau est un symbole et met en lumi\u00e8re un fait historique qui s\u2019est r\u00e9ellement d\u00e9roul\u00e9. <strong>Il repr\u00e9sente la petite afro-am\u00e9ricaine de 6 ans Ruby Bridges se rendant pour la premi\u00e8re dans une \u00e9cole fr\u00e9quent\u00e9e par des enfants blancs en 1960.<\/strong> Tu n\u2019es pas sans savoir qu\u2019\u00e0 une \u00e9poque les Noirs et les Blancs \u00e9taient s\u00e9par\u00e9s aux Etats-Unis : <strong>on nomme cette p\u00e9riode la s\u00e9gr\u00e9gation<\/strong>. Ce tableau ne porte pas sp\u00e9cifiquement sur cette p\u00e9riode. Il traite en r\u00e9alit\u00e9 de la p\u00e9riode o\u00f9 le processus de d\u00e9s\u00e9gr\u00e9gation fut mis en place.<\/p>\n\n\n\n<p><b><strong>\ud83d\udca1 <\/strong><\/b>On peut voir la petite Ruby Bridges escort\u00e9es par des adjoints du Marshal (un \u00e9quivalent de sh\u00e9rif) de la ville. <strong>On comprend rapidement qu\u2019il s\u2019agit d\u2019une protection n\u00e9cessaire : la tomate jet\u00e9e sur le mot et les lettres N I G G E R nous le font rapidement comprendre<\/strong>. Elle n\u2019est pas la bienvenue. <strong>Et pourtant, son int\u00e9gration est cruciale pour la soci\u00e9t\u00e9 am\u00e9ricaine.<\/strong><\/p>\n\n\n\n<p><b><strong>\ud83d\udca1 <\/strong><\/b>Ce tableau est donc une porte d\u2019entr\u00e9e vers toute la complexit\u00e9 que fut la question noire aux Etats-Unis et qui, encore aujourd\u2019hui, continue de poser probl\u00e8me. Si tu veux en savoir plus, tu trouveras des informations utiles dans <a href=\"https:\/\/sherpas.com\/blog\/elections-etats-unis\/\">notre article sur Trump et sa politique int\u00e9rieure<\/a><\/p>\n\n\n\n<p>Voici une <a href=\"https:\/\/etab.ac-poitiers.fr\/coll-champdeniers\/IMG\/pdf\/hda_doc.pdf\" target=\"_blank\" rel=\"noreferrer noopener nofollow\">petite analyse type histoire des arts sur cette peinture de Norman Rockwell<\/a><\/p>\n\n\n<div class=\"kk-star-ratings kksr-auto kksr-align-center kksr-valign-bottom\"\n    data-payload='{&quot;align&quot;:&quot;center&quot;,&quot;id&quot;:&quot;189544&quot;,&quot;slug&quot;:&quot;default&quot;,&quot;valign&quot;:&quot;bottom&quot;,&quot;ignore&quot;:&quot;&quot;,&quot;reference&quot;:&quot;auto&quot;,&quot;class&quot;:&quot;&quot;,&quot;count&quot;:&quot;11&quot;,&quot;legendonly&quot;:&quot;&quot;,&quot;readonly&quot;:&quot;&quot;,&quot;score&quot;:&quot;5&quot;,&quot;starsonly&quot;:&quot;&quot;,&quot;best&quot;:&quot;5&quot;,&quot;gap&quot;:&quot;5&quot;,&quot;greet&quot;:&quot;Tu as aim\u00e9 cet article ?&quot;,&quot;legend&quot;:&quot;5\\\/5 - (11 votes)&quot;,&quot;size&quot;:&quot;24&quot;,&quot;title&quot;:&quot;20 \u0153uvres pour (enfin) aimer la g\u00e9opolitique ! \ud83c\udfa8&quot;,&quot;width&quot;:&quot;142.5&quot;,&quot;_legend&quot;:&quot;{score}\\\/{best} - ({count} {votes})&quot;,&quot;font_factor&quot;:&quot;1.25&quot;}'>\n            \n<div class=\"kksr-stars\">\n    \n<div class=\"kksr-stars-inactive\">\n            <div class=\"kksr-star\" data-star=\"1\" style=\"padding-right: 5px\">\n            \n\n<div class=\"kksr-icon\" style=\"width: 24px; height: 24px;\"><\/div>\n        <\/div>\n            <div class=\"kksr-star\" data-star=\"2\" style=\"padding-right: 5px\">\n            \n\n<div class=\"kksr-icon\" style=\"width: 24px; height: 24px;\"><\/div>\n        <\/div>\n            <div class=\"kksr-star\" data-star=\"3\" style=\"padding-right: 5px\">\n            \n\n<div class=\"kksr-icon\" style=\"width: 24px; height: 24px;\"><\/div>\n        <\/div>\n            <div class=\"kksr-star\" data-star=\"4\" style=\"padding-right: 5px\">\n            \n\n<div class=\"kksr-icon\" style=\"width: 24px; height: 24px;\"><\/div>\n        <\/div>\n            <div class=\"kksr-star\" data-star=\"5\" style=\"padding-right: 5px\">\n            \n\n<div class=\"kksr-icon\" style=\"width: 24px; height: 24px;\"><\/div>\n        <\/div>\n    <\/div>\n    \n<div class=\"kksr-stars-active\" style=\"width: 142.5px;\">\n            <div class=\"kksr-star\" style=\"padding-right: 5px\">\n            \n\n<div class=\"kksr-icon\" style=\"width: 24px; height: 24px;\"><\/div>\n        <\/div>\n            <div class=\"kksr-star\" style=\"padding-right: 5px\">\n            \n\n<div class=\"kksr-icon\" style=\"width: 24px; height: 24px;\"><\/div>\n        <\/div>\n            <div class=\"kksr-star\" style=\"padding-right: 5px\">\n            \n\n<div class=\"kksr-icon\" style=\"width: 24px; height: 24px;\"><\/div>\n        <\/div>\n            <div class=\"kksr-star\" style=\"padding-right: 5px\">\n            \n\n<div class=\"kksr-icon\" style=\"width: 24px; height: 24px;\"><\/div>\n        <\/div>\n            <div class=\"kksr-star\" style=\"padding-right: 5px\">\n            \n\n<div class=\"kksr-icon\" style=\"width: 24px; height: 24px;\"><\/div>\n        <\/div>\n    <\/div>\n<\/div>\n                \n\n<div class=\"kksr-legend\" style=\"font-size: 19.2px;\">\n            5\/5 - (11 votes)    <\/div>\n    <\/div>\n","protected":false},"excerpt":{"rendered":"<p>Tu es lyc\u00e9en et tu h\u00e9sites \u00e0 choisir la g\u00e9opolitique comme sp\u00e9cialit\u00e9 ? Tu es d\u00e9j\u00e0 en terminale (&#8230;)<\/p>\n","protected":false},"author":326,"featured_media":164698,"comment_status":"open","ping_status":"closed","sticky":false,"template":"","format":"standard","meta":{"_acf_changed":true,"footnotes":""},"category":[803,823],"tag":[79,406,78],"class_list":["post-189544","post","type-post","status-publish","format-standard","has-post-thumbnail","hentry","category-apprendre-matiere","category-geopolitique-2","tag-lycee","tag-nos-top-sherpas","tag-prepa"],"acf":[],"_links":{"self":[{"href":"https:\/\/sherpas.com\/blog\/wp-json\/wp\/v2\/posts\/189544","targetHints":{"allow":["GET"]}}],"collection":[{"href":"https:\/\/sherpas.com\/blog\/wp-json\/wp\/v2\/posts"}],"about":[{"href":"https:\/\/sherpas.com\/blog\/wp-json\/wp\/v2\/types\/post"}],"author":[{"embeddable":true,"href":"https:\/\/sherpas.com\/blog\/wp-json\/wp\/v2\/users\/326"}],"replies":[{"embeddable":true,"href":"https:\/\/sherpas.com\/blog\/wp-json\/wp\/v2\/comments?post=189544"}],"version-history":[{"count":0,"href":"https:\/\/sherpas.com\/blog\/wp-json\/wp\/v2\/posts\/189544\/revisions"}],"wp:featuredmedia":[{"embeddable":true,"href":"https:\/\/sherpas.com\/blog\/wp-json\/wp\/v2\/media\/164698"}],"wp:attachment":[{"href":"https:\/\/sherpas.com\/blog\/wp-json\/wp\/v2\/media?parent=189544"}],"wp:term":[{"taxonomy":"category","embeddable":true,"href":"https:\/\/sherpas.com\/blog\/wp-json\/wp\/v2\/category?post=189544"},{"taxonomy":"tag","embeddable":true,"href":"https:\/\/sherpas.com\/blog\/wp-json\/wp\/v2\/tag?post=189544"}],"curies":[{"name":"wp","href":"https:\/\/api.w.org\/{rel}","templated":true}]}}